{"id":23668,"date":"2019-08-30T14:25:47","date_gmt":"2019-08-30T18:25:47","guid":{"rendered":"http:\/\/blogdalucianaoliveira.com.br\/blog\/?p=23668"},"modified":"2019-08-30T14:46:59","modified_gmt":"2019-08-30T18:46:59","slug":"rede-de-robos-prejudica-trabalho-da-imprensa-sobre-queimadas-na-amazonia","status":"publish","type":"post","link":"http:\/\/blogdalucianaoliveira.com.br\/blog\/2019\/08\/30\/rede-de-robos-prejudica-trabalho-da-imprensa-sobre-queimadas-na-amazonia\/","title":{"rendered":"REDE DE ROB\u00d4S PREJUDICA TRABALHO DA IMPRENSA SOBRE QUEIMADAS NA AMAZ\u00d4NIA"},"content":{"rendered":"<p><img data-recalc-dims=\"1\" loading=\"lazy\" decoding=\"async\" data-attachment-id=\"23669\" data-permalink=\"http:\/\/blogdalucianaoliveira.com.br\/blog\/2019\/08\/30\/rede-de-robos-prejudica-trabalho-da-imprensa-sobre-queimadas-na-amazonia\/matupi\/\" data-orig-file=\"https:\/\/i0.wp.com\/blogdalucianaoliveira.com.br\/blog\/wp-content\/uploads\/2019\/08\/matupi.jpg?fit=1080%2C913\" data-orig-size=\"1080,913\" data-comments-opened=\"0\" data-image-meta=\"{&quot;aperture&quot;:&quot;0&quot;,&quot;credit&quot;:&quot;&quot;,&quot;camera&quot;:&quot;&quot;,&quot;caption&quot;:&quot;&quot;,&quot;created_timestamp&quot;:&quot;0&quot;,&quot;copyright&quot;:&quot;&quot;,&quot;focal_length&quot;:&quot;0&quot;,&quot;iso&quot;:&quot;0&quot;,&quot;shutter_speed&quot;:&quot;0&quot;,&quot;title&quot;:&quot;&quot;,&quot;orientation&quot;:&quot;0&quot;}\" data-image-title=\"matupi\" data-image-description=\"\" data-image-caption=\"\" data-medium-file=\"https:\/\/i0.wp.com\/blogdalucianaoliveira.com.br\/blog\/wp-content\/uploads\/2019\/08\/matupi.jpg?fit=300%2C254\" data-large-file=\"https:\/\/i0.wp.com\/blogdalucianaoliveira.com.br\/blog\/wp-content\/uploads\/2019\/08\/matupi.jpg?fit=600%2C507\" class=\"alignnone size-full wp-image-23669\" src=\"https:\/\/i0.wp.com\/blogdalucianaoliveira.com.br\/blog\/wp-content\/uploads\/2019\/08\/matupi.jpg?resize=600%2C507\" alt=\"matupi\" width=\"600\" height=\"507\" srcset=\"https:\/\/i0.wp.com\/blogdalucianaoliveira.com.br\/blog\/wp-content\/uploads\/2019\/08\/matupi.jpg?w=1080 1080w, https:\/\/i0.wp.com\/blogdalucianaoliveira.com.br\/blog\/wp-content\/uploads\/2019\/08\/matupi.jpg?resize=300%2C254 300w, https:\/\/i0.wp.com\/blogdalucianaoliveira.com.br\/blog\/wp-content\/uploads\/2019\/08\/matupi.jpg?resize=768%2C649 768w, https:\/\/i0.wp.com\/blogdalucianaoliveira.com.br\/blog\/wp-content\/uploads\/2019\/08\/matupi.jpg?resize=1024%2C866 1024w, https:\/\/i0.wp.com\/blogdalucianaoliveira.com.br\/blog\/wp-content\/uploads\/2019\/08\/matupi.jpg?resize=355%2C300 355w\" sizes=\"auto, (max-width: 600px) 100vw, 600px\" \/><\/p>\n<p><em>Pela seguran\u00e7a dos jornalistas n\u00e3o \u00e9 adequado divulgar as publica\u00e7\u00f5es de grupos em que s\u00e3o citados com ironia, raiva ou desprezo.<\/em><!--more--><\/p>\n<p>Por Luciana Oliveira<\/p>\n<p>Em Santo Ant\u00f4nio do Matupi, distrito de Manicor\u00e9 no sul do Amazonas s\u00f3 h\u00e1 um posto telef\u00f4nico que fica aberto em hor\u00e1rio comercial. O acesso \u00e0 internet \u00e9 um engodo, funciona eventualmente e quem consegue sinal usa para ler mensagens de WhatsApp.<\/p>\n<p>A dificuldade de comunica\u00e7\u00e3o \u00e9 um obst\u00e1culo ao trabalho dos jornalistas, sobretudo estrangeiros, que cobrem as queimadas nesta regi\u00e3o da Transamaz\u00f4nica (BR 230) onde h\u00e1 muitos focos de inc\u00eandio.<\/p>\n<p>Ao contr\u00e1rio do que ocorre com a floresta, a not\u00edcia \u2018quente\u2019 apaga rapidamente com a demora no envio.<\/p>\n<p>O quil\u00f4metro 180 como tamb\u00e9m \u00e9 chamado, \u00e9 passagem obrigat\u00f3ria a quem vai a Apu\u00ed, um dos tr\u00eas munic\u00edpios em que Jair Bolsonaro venceu as elei\u00e7\u00f5es em primeiro e segundo turnos e onde o fogo mais se alastra.<\/p>\n<p>At\u00e9 l\u00e1 s\u00e3o 213 quil\u00f4metros e a precariedade do acesso \u00e0 internet \u00e9 a mesma.<\/p>\n<p>Mas, o maior desafio que os jornalistas enfrentam n\u00e3o \u00e9 a quase total incomunicabilidade.<\/p>\n<p>A rede de rob\u00f4s que distribui a narrativa do governo sobre a cat\u00e1strofe ambiental na Amaz\u00f4nia tem promovido hostilidade aos jornalistas estrangeiros.<\/p>\n<p>A Ag\u00eancia P\u00fablica divulgou levantamento sobre &#8220;hashtags contra ONGs na Amaz\u00f4nia e a favor de Salles&#8221;.<\/p>\n<p>Leia aqui: <a href=\"https:\/\/brasil.elpais.com\/brasil\/2019\/08\/30\/politica\/1567126442_178150.html\">https:\/\/brasil.elpais.com\/brasil\/2019\/08\/30\/politica\/1567126442_178150.html<\/a><\/p>\n<p>Pela seguran\u00e7a dos jornalistas n\u00e3o \u00e9 adequado divulgar as publica\u00e7\u00f5es de grupos em que s\u00e3o citados com ironia, raiva ou desprezo.<\/p>\n<p>Reproduzem a mentalidade de Bolsonaro.<\/p>\n<p>Ningu\u00e9m me contou, vi manifesta\u00e7\u00f5es nervosas com a presen\u00e7a da imprensa.<\/p>\n<p>\u201cEsses jornalistas t\u00eam que defender a floresta deles\u201d, disse um homem de meia idade.<\/p>\n<p>O mesmo tratamento constrangedor \u00e9 dado a membros de organiza\u00e7\u00f5es n\u00e3o governamentais (ONGs) que desenvolvem diversos trabalhos de prote\u00e7\u00e3o ao meio ambiente.<\/p>\n<p>\u201cEssas ONGs s\u00f3 querem dinheiro. O presidente cortou e por isso est\u00e3o com esse sensacionalismo todo. Elas que colocaram fogo para prejudicar o governo\u201d, disse o homem que observei em sil\u00eancio, de longe.<\/p>\n<p>A a\u00e7\u00e3o da rede de rob\u00f4s que espalham dados falsos dos grupos bolsonaristas resulta em agressividade e medo.<\/p>\n<p>Os que acham que as declara\u00e7\u00f5es de Bolsonaro e seu ministro do Meio Ambiente, Ricardo Salles, contribu\u00edram com o aumento dos desmatamentos e queimadas na Amaz\u00f4nia, e s\u00e3o poucos, n\u00e3o querem dar entrevistas por medo.<\/p>\n<p>Os que t\u00eam interesse em amplificar a narrativa do governo, e s\u00e3o muitos, mostram a cara para estimular hostilidade a imprensa e ONGs.<\/p>\n<p>\u201cS\u00f3 encontrei quem concordasse com o que Bolsonaro fala sobre as ONGs e a amea\u00e7a de invas\u00e3o e dom\u00ednio da Amaz\u00f4nia. E muitos me olharam com desconfian\u00e7a quando perguntei se os discursos do presidente estimularam inc\u00eandios, disse um jornalista estrangeira. <\/p>\n<p>A predomin\u00e2ncia de bolsonaristas na regi\u00e3o tem explica\u00e7\u00e3o.<\/p>\n<p>Santo Ant\u00f4nio do Matupi e Apu\u00ed est\u00e3o na mira de expans\u00e3o da fronteira agr\u00edcola.<\/p>\n<p>Vimos muitos bois em pastos e \u00e1rvores derrubadas na margem da rodovia.<\/p>\n<p><img data-recalc-dims=\"1\" loading=\"lazy\" decoding=\"async\" data-attachment-id=\"23674\" data-permalink=\"http:\/\/blogdalucianaoliveira.com.br\/blog\/2019\/08\/30\/rede-de-robos-prejudica-trabalho-da-imprensa-sobre-queimadas-na-amazonia\/787d10c6-c66d-4c5c-8ca2-addd97626ccb\/\" data-orig-file=\"https:\/\/i0.wp.com\/blogdalucianaoliveira.com.br\/blog\/wp-content\/uploads\/2019\/08\/787D10C6-C66D-4C5C-8CA2-ADDD97626CCB.jpeg?fit=4032%2C3024\" data-orig-size=\"4032,3024\" data-comments-opened=\"0\" data-image-meta=\"{&quot;aperture&quot;:&quot;0&quot;,&quot;credit&quot;:&quot;&quot;,&quot;camera&quot;:&quot;&quot;,&quot;caption&quot;:&quot;&quot;,&quot;created_timestamp&quot;:&quot;0&quot;,&quot;copyright&quot;:&quot;&quot;,&quot;focal_length&quot;:&quot;0&quot;,&quot;iso&quot;:&quot;0&quot;,&quot;shutter_speed&quot;:&quot;0&quot;,&quot;title&quot;:&quot;&quot;,&quot;orientation&quot;:&quot;1&quot;}\" data-image-title=\"787D10C6-C66D-4C5C-8CA2-ADDD97626CCB\" data-image-description=\"\" data-image-caption=\"\" data-medium-file=\"https:\/\/i0.wp.com\/blogdalucianaoliveira.com.br\/blog\/wp-content\/uploads\/2019\/08\/787D10C6-C66D-4C5C-8CA2-ADDD97626CCB.jpeg?fit=300%2C225\" data-large-file=\"https:\/\/i0.wp.com\/blogdalucianaoliveira.com.br\/blog\/wp-content\/uploads\/2019\/08\/787D10C6-C66D-4C5C-8CA2-ADDD97626CCB.jpeg?fit=600%2C450\" src=\"https:\/\/i0.wp.com\/blogdalucianaoliveira.com.br\/blog\/wp-content\/uploads\/2019\/08\/787D10C6-C66D-4C5C-8CA2-ADDD97626CCB.jpeg?resize=600%2C450\" alt=\"787D10C6-C66D-4C5C-8CA2-ADDD97626CCB\" width=\"600\" height=\"450\" class=\"alignnone size-full wp-image-23674\" srcset=\"https:\/\/i0.wp.com\/blogdalucianaoliveira.com.br\/blog\/wp-content\/uploads\/2019\/08\/787D10C6-C66D-4C5C-8CA2-ADDD97626CCB.jpeg?w=4032 4032w, https:\/\/i0.wp.com\/blogdalucianaoliveira.com.br\/blog\/wp-content\/uploads\/2019\/08\/787D10C6-C66D-4C5C-8CA2-ADDD97626CCB.jpeg?resize=300%2C225 300w, https:\/\/i0.wp.com\/blogdalucianaoliveira.com.br\/blog\/wp-content\/uploads\/2019\/08\/787D10C6-C66D-4C5C-8CA2-ADDD97626CCB.jpeg?resize=768%2C576 768w, https:\/\/i0.wp.com\/blogdalucianaoliveira.com.br\/blog\/wp-content\/uploads\/2019\/08\/787D10C6-C66D-4C5C-8CA2-ADDD97626CCB.jpeg?resize=1024%2C768 1024w, https:\/\/i0.wp.com\/blogdalucianaoliveira.com.br\/blog\/wp-content\/uploads\/2019\/08\/787D10C6-C66D-4C5C-8CA2-ADDD97626CCB.jpeg?resize=400%2C300 400w, https:\/\/i0.wp.com\/blogdalucianaoliveira.com.br\/blog\/wp-content\/uploads\/2019\/08\/787D10C6-C66D-4C5C-8CA2-ADDD97626CCB.jpeg?w=1200 1200w, https:\/\/i0.wp.com\/blogdalucianaoliveira.com.br\/blog\/wp-content\/uploads\/2019\/08\/787D10C6-C66D-4C5C-8CA2-ADDD97626CCB.jpeg?w=1800 1800w\" sizes=\"auto, (max-width: 600px) 100vw, 600px\" \/><\/p>\n<p><img data-recalc-dims=\"1\" loading=\"lazy\" decoding=\"async\" data-attachment-id=\"23675\" data-permalink=\"http:\/\/blogdalucianaoliveira.com.br\/blog\/2019\/08\/30\/rede-de-robos-prejudica-trabalho-da-imprensa-sobre-queimadas-na-amazonia\/1e2f5dab-c124-46aa-9df9-706197712505\/\" data-orig-file=\"https:\/\/i0.wp.com\/blogdalucianaoliveira.com.br\/blog\/wp-content\/uploads\/2019\/08\/1E2F5DAB-C124-46AA-9DF9-706197712505.jpeg?fit=4032%2C3024\" data-orig-size=\"4032,3024\" data-comments-opened=\"0\" data-image-meta=\"{&quot;aperture&quot;:&quot;0&quot;,&quot;credit&quot;:&quot;&quot;,&quot;camera&quot;:&quot;&quot;,&quot;caption&quot;:&quot;&quot;,&quot;created_timestamp&quot;:&quot;0&quot;,&quot;copyright&quot;:&quot;&quot;,&quot;focal_length&quot;:&quot;0&quot;,&quot;iso&quot;:&quot;0&quot;,&quot;shutter_speed&quot;:&quot;0&quot;,&quot;title&quot;:&quot;&quot;,&quot;orientation&quot;:&quot;1&quot;}\" data-image-title=\"1E2F5DAB-C124-46AA-9DF9-706197712505\" data-image-description=\"\" data-image-caption=\"\" data-medium-file=\"https:\/\/i0.wp.com\/blogdalucianaoliveira.com.br\/blog\/wp-content\/uploads\/2019\/08\/1E2F5DAB-C124-46AA-9DF9-706197712505.jpeg?fit=300%2C225\" data-large-file=\"https:\/\/i0.wp.com\/blogdalucianaoliveira.com.br\/blog\/wp-content\/uploads\/2019\/08\/1E2F5DAB-C124-46AA-9DF9-706197712505.jpeg?fit=600%2C450\" src=\"https:\/\/i0.wp.com\/blogdalucianaoliveira.com.br\/blog\/wp-content\/uploads\/2019\/08\/1E2F5DAB-C124-46AA-9DF9-706197712505.jpeg?resize=600%2C450\" alt=\"1E2F5DAB-C124-46AA-9DF9-706197712505\" width=\"600\" height=\"450\" class=\"alignnone size-full wp-image-23675\" srcset=\"https:\/\/i0.wp.com\/blogdalucianaoliveira.com.br\/blog\/wp-content\/uploads\/2019\/08\/1E2F5DAB-C124-46AA-9DF9-706197712505.jpeg?w=4032 4032w, https:\/\/i0.wp.com\/blogdalucianaoliveira.com.br\/blog\/wp-content\/uploads\/2019\/08\/1E2F5DAB-C124-46AA-9DF9-706197712505.jpeg?resize=300%2C225 300w, https:\/\/i0.wp.com\/blogdalucianaoliveira.com.br\/blog\/wp-content\/uploads\/2019\/08\/1E2F5DAB-C124-46AA-9DF9-706197712505.jpeg?resize=768%2C576 768w, https:\/\/i0.wp.com\/blogdalucianaoliveira.com.br\/blog\/wp-content\/uploads\/2019\/08\/1E2F5DAB-C124-46AA-9DF9-706197712505.jpeg?resize=1024%2C768 1024w, https:\/\/i0.wp.com\/blogdalucianaoliveira.com.br\/blog\/wp-content\/uploads\/2019\/08\/1E2F5DAB-C124-46AA-9DF9-706197712505.jpeg?resize=400%2C300 400w, https:\/\/i0.wp.com\/blogdalucianaoliveira.com.br\/blog\/wp-content\/uploads\/2019\/08\/1E2F5DAB-C124-46AA-9DF9-706197712505.jpeg?w=1200 1200w, https:\/\/i0.wp.com\/blogdalucianaoliveira.com.br\/blog\/wp-content\/uploads\/2019\/08\/1E2F5DAB-C124-46AA-9DF9-706197712505.jpeg?w=1800 1800w\" sizes=\"auto, (max-width: 600px) 100vw, 600px\" \/><\/p>\n<p>Os pecuaristas e madeireiros que defendem o governo pensando t\u00e3o somente no lucro com a flexibiliza\u00e7\u00e3o da legisla\u00e7\u00e3o ambiental prometida por Bolsonaro, est\u00e3o empenhados em dificultar e at\u00e9 amea\u00e7ar o trabalho da imprensa e das ONGs.<\/p>\n<p>S\u00e3o mentes devastadas pela ignor\u00e2ncia e gan\u00e2ncia.<\/p>\n<p>N\u00e3o h\u00e1 futuro sem floresta em p\u00e9, \u00e9 o que dizem os Tenharins, povo ind\u00edgena que se espalha neste peda\u00e7o de Amaz\u00f4nia em chamas.<\/p>\n<p><img data-recalc-dims=\"1\" loading=\"lazy\" decoding=\"async\" data-attachment-id=\"23676\" data-permalink=\"http:\/\/blogdalucianaoliveira.com.br\/blog\/2019\/08\/30\/rede-de-robos-prejudica-trabalho-da-imprensa-sobre-queimadas-na-amazonia\/c4b03293-edde-4a0f-954d-1217e9f3fcca\/\" data-orig-file=\"https:\/\/i0.wp.com\/blogdalucianaoliveira.com.br\/blog\/wp-content\/uploads\/2019\/08\/C4B03293-EDDE-4A0F-954D-1217E9F3FCCA.jpeg?fit=2596%2C2596\" data-orig-size=\"2596,2596\" data-comments-opened=\"0\" data-image-meta=\"{&quot;aperture&quot;:&quot;1.8&quot;,&quot;credit&quot;:&quot;&quot;,&quot;camera&quot;:&quot;iPhone 7&quot;,&quot;caption&quot;:&quot;&quot;,&quot;created_timestamp&quot;:&quot;1566910689&quot;,&quot;copyright&quot;:&quot;&quot;,&quot;focal_length&quot;:&quot;3.99&quot;,&quot;iso&quot;:&quot;20&quot;,&quot;shutter_speed&quot;:&quot;0.00510204081633&quot;,&quot;title&quot;:&quot;&quot;,&quot;orientation&quot;:&quot;1&quot;}\" data-image-title=\"C4B03293-EDDE-4A0F-954D-1217E9F3FCCA\" data-image-description=\"\" data-image-caption=\"\" data-medium-file=\"https:\/\/i0.wp.com\/blogdalucianaoliveira.com.br\/blog\/wp-content\/uploads\/2019\/08\/C4B03293-EDDE-4A0F-954D-1217E9F3FCCA.jpeg?fit=300%2C300\" data-large-file=\"https:\/\/i0.wp.com\/blogdalucianaoliveira.com.br\/blog\/wp-content\/uploads\/2019\/08\/C4B03293-EDDE-4A0F-954D-1217E9F3FCCA.jpeg?fit=600%2C600\" src=\"https:\/\/i0.wp.com\/blogdalucianaoliveira.com.br\/blog\/wp-content\/uploads\/2019\/08\/C4B03293-EDDE-4A0F-954D-1217E9F3FCCA.jpeg?resize=600%2C600\" alt=\"C4B03293-EDDE-4A0F-954D-1217E9F3FCCA\" width=\"600\" height=\"600\" class=\"alignnone size-full wp-image-23676\" srcset=\"https:\/\/i0.wp.com\/blogdalucianaoliveira.com.br\/blog\/wp-content\/uploads\/2019\/08\/C4B03293-EDDE-4A0F-954D-1217E9F3FCCA.jpeg?w=2596 2596w, https:\/\/i0.wp.com\/blogdalucianaoliveira.com.br\/blog\/wp-content\/uploads\/2019\/08\/C4B03293-EDDE-4A0F-954D-1217E9F3FCCA.jpeg?resize=150%2C150 150w, https:\/\/i0.wp.com\/blogdalucianaoliveira.com.br\/blog\/wp-content\/uploads\/2019\/08\/C4B03293-EDDE-4A0F-954D-1217E9F3FCCA.jpeg?resize=300%2C300 300w, https:\/\/i0.wp.com\/blogdalucianaoliveira.com.br\/blog\/wp-content\/uploads\/2019\/08\/C4B03293-EDDE-4A0F-954D-1217E9F3FCCA.jpeg?resize=768%2C768 768w, https:\/\/i0.wp.com\/blogdalucianaoliveira.com.br\/blog\/wp-content\/uploads\/2019\/08\/C4B03293-EDDE-4A0F-954D-1217E9F3FCCA.jpeg?resize=1024%2C1024 1024w, https:\/\/i0.wp.com\/blogdalucianaoliveira.com.br\/blog\/wp-content\/uploads\/2019\/08\/C4B03293-EDDE-4A0F-954D-1217E9F3FCCA.jpeg?w=1200 1200w, https:\/\/i0.wp.com\/blogdalucianaoliveira.com.br\/blog\/wp-content\/uploads\/2019\/08\/C4B03293-EDDE-4A0F-954D-1217E9F3FCCA.jpeg?w=1800 1800w\" sizes=\"auto, (max-width: 600px) 100vw, 600px\" \/><\/p>\n","protected":false},"excerpt":{"rendered":"<p>Pela seguran\u00e7a dos jornalistas n\u00e3o \u00e9 adequado divulgar as publica\u00e7\u00f5es de grupos em que s\u00e3o citados com ironia, raiva ou desprezo.<\/p>\n","protected":false},"author":1,"featured_media":0,"comment_status":"closed","ping_status":"open","sticky":false,"template":"","format":"standard","meta":{"_exactmetrics_skip_tracking":false,"_exactmetrics_sitenote_active":false,"_exactmetrics_sitenote_note":"","_exactmetrics_sitenote_category":0,"jetpack_post_was_ever_published":false,"_jetpack_newsletter_access":"","_jetpack_dont_email_post_to_subs":false,"_jetpack_newsletter_tier_id":0,"_jetpack_memberships_contains_paywalled_content":false,"_jetpack_memberships_contains_paid_content":false,"footnotes":"","jetpack_publicize_message":"","jetpack_publicize_feature_enabled":true,"jetpack_social_post_already_shared":true,"jetpack_social_options":{"image_generator_settings":{"template":"highway","enabled":false},"version":2}},"categories":[1],"tags":[],"class_list":["post-23668","post","type-post","status-publish","format-standard","hentry","category-notas"],"jetpack_publicize_connections":[],"jetpack_sharing_enabled":true,"jetpack_featured_media_url":"","jetpack_shortlink":"https:\/\/wp.me\/p7wKYW-69K","jetpack-related-posts":[],"_links":{"self":[{"href":"http:\/\/blogdalucianaoliveira.com.br\/blog\/wp-json\/wp\/v2\/posts\/23668","targetHints":{"allow":["GET"]}}],"collection":[{"href":"http:\/\/blogdalucianaoliveira.com.br\/blog\/wp-json\/wp\/v2\/posts"}],"about":[{"href":"http:\/\/blogdalucianaoliveira.com.br\/blog\/wp-json\/wp\/v2\/types\/post"}],"author":[{"embeddable":true,"href":"http:\/\/blogdalucianaoliveira.com.br\/blog\/wp-json\/wp\/v2\/users\/1"}],"replies":[{"embeddable":true,"href":"http:\/\/blogdalucianaoliveira.com.br\/blog\/wp-json\/wp\/v2\/comments?post=23668"}],"version-history":[{"count":6,"href":"http:\/\/blogdalucianaoliveira.com.br\/blog\/wp-json\/wp\/v2\/posts\/23668\/revisions"}],"predecessor-version":[{"id":23678,"href":"http:\/\/blogdalucianaoliveira.com.br\/blog\/wp-json\/wp\/v2\/posts\/23668\/revisions\/23678"}],"wp:attachment":[{"href":"http:\/\/blogdalucianaoliveira.com.br\/blog\/wp-json\/wp\/v2\/media?parent=23668"}],"wp:term":[{"taxonomy":"category","embeddable":true,"href":"http:\/\/blogdalucianaoliveira.com.br\/blog\/wp-json\/wp\/v2\/categories?post=23668"},{"taxonomy":"post_tag","embeddable":true,"href":"http:\/\/blogdalucianaoliveira.com.br\/blog\/wp-json\/wp\/v2\/tags?post=23668"}],"curies":[{"name":"wp","href":"https:\/\/api.w.org\/{rel}","templated":true}]}}