{"id":23683,"date":"2019-08-30T20:19:51","date_gmt":"2019-08-31T00:19:51","guid":{"rendered":"http:\/\/blogdalucianaoliveira.com.br\/blog\/?p=23683"},"modified":"2019-08-30T20:19:51","modified_gmt":"2019-08-31T00:19:51","slug":"entrevista-a-zdf-a-tv-publica-alema","status":"publish","type":"post","link":"http:\/\/blogdalucianaoliveira.com.br\/blog\/2019\/08\/30\/entrevista-a-zdf-a-tv-publica-alema\/","title":{"rendered":"Entrevista \u00e0 ZDF, a TV p\u00fablica alem\u00e3"},"content":{"rendered":"<p><img data-recalc-dims=\"1\" loading=\"lazy\" decoding=\"async\" data-attachment-id=\"23680\" data-permalink=\"http:\/\/blogdalucianaoliveira.com.br\/blog\/?attachment_id=23680\" data-orig-file=\"https:\/\/i0.wp.com\/blogdalucianaoliveira.com.br\/blog\/wp-content\/uploads\/2019\/08\/87D85454-D31D-4FF7-B65C-F22A0C47E278.jpeg?fit=1280%2C960\" data-orig-size=\"1280,960\" data-comments-opened=\"0\" data-image-meta=\"{&quot;aperture&quot;:&quot;0&quot;,&quot;credit&quot;:&quot;&quot;,&quot;camera&quot;:&quot;&quot;,&quot;caption&quot;:&quot;&quot;,&quot;created_timestamp&quot;:&quot;0&quot;,&quot;copyright&quot;:&quot;&quot;,&quot;focal_length&quot;:&quot;0&quot;,&quot;iso&quot;:&quot;0&quot;,&quot;shutter_speed&quot;:&quot;0&quot;,&quot;title&quot;:&quot;&quot;,&quot;orientation&quot;:&quot;0&quot;}\" data-image-title=\"87D85454-D31D-4FF7-B65C-F22A0C47E278\" data-image-description=\"\" data-image-caption=\"\" data-medium-file=\"https:\/\/i0.wp.com\/blogdalucianaoliveira.com.br\/blog\/wp-content\/uploads\/2019\/08\/87D85454-D31D-4FF7-B65C-F22A0C47E278.jpeg?fit=300%2C225\" data-large-file=\"https:\/\/i0.wp.com\/blogdalucianaoliveira.com.br\/blog\/wp-content\/uploads\/2019\/08\/87D85454-D31D-4FF7-B65C-F22A0C47E278.jpeg?fit=600%2C450\" src=\"https:\/\/i0.wp.com\/blogdalucianaoliveira.com.br\/blog\/wp-content\/uploads\/2019\/08\/87D85454-D31D-4FF7-B65C-F22A0C47E278.jpeg?resize=600%2C450\" alt=\"87D85454-D31D-4FF7-B65C-F22A0C47E278\" width=\"600\" height=\"450\" class=\"alignnone size-full wp-image-23680\" srcset=\"https:\/\/i0.wp.com\/blogdalucianaoliveira.com.br\/blog\/wp-content\/uploads\/2019\/08\/87D85454-D31D-4FF7-B65C-F22A0C47E278.jpeg?w=1280 1280w, https:\/\/i0.wp.com\/blogdalucianaoliveira.com.br\/blog\/wp-content\/uploads\/2019\/08\/87D85454-D31D-4FF7-B65C-F22A0C47E278.jpeg?resize=300%2C225 300w, https:\/\/i0.wp.com\/blogdalucianaoliveira.com.br\/blog\/wp-content\/uploads\/2019\/08\/87D85454-D31D-4FF7-B65C-F22A0C47E278.jpeg?resize=768%2C576 768w, https:\/\/i0.wp.com\/blogdalucianaoliveira.com.br\/blog\/wp-content\/uploads\/2019\/08\/87D85454-D31D-4FF7-B65C-F22A0C47E278.jpeg?resize=1024%2C768 1024w, https:\/\/i0.wp.com\/blogdalucianaoliveira.com.br\/blog\/wp-content\/uploads\/2019\/08\/87D85454-D31D-4FF7-B65C-F22A0C47E278.jpeg?resize=400%2C300 400w, https:\/\/i0.wp.com\/blogdalucianaoliveira.com.br\/blog\/wp-content\/uploads\/2019\/08\/87D85454-D31D-4FF7-B65C-F22A0C47E278.jpeg?w=1200 1200w\" sizes=\"auto, (max-width: 600px) 100vw, 600px\" \/><\/p>\n<p>\u201cDesde que respeitem nossa soberania, ajuda \u00e0 prote\u00e7\u00e3o da Amaz\u00f4nia \u00e9 poss\u00edvel e bem-vinda, tanto que ia bem a parceria do Fundo da Amaz\u00f4nia que come\u00e7ou a ser articulada no governo do ex-presidente Lula.<br \/>\nN\u00e3o nos invadiram. <\/p>\n<p>Agora, um presidente doido, rasga dinheiro e planta guerra.  Estamos com a bunda exposta pra passar a m\u00e3o nela, por culpa de Bolsonaro. <\/p>\n","protected":false},"excerpt":{"rendered":"<p>\u201cDesde que respeitem nossa soberania, ajuda \u00e0 prote\u00e7\u00e3o da Amaz\u00f4nia \u00e9 poss\u00edvel e bem-vinda, tanto que ia bem a parceria do Fundo da Amaz\u00f4nia que come\u00e7ou a ser articulada no governo do ex-presidente Lula. N\u00e3o nos invadiram. Agora, um presidente doido, rasga dinheiro e planta guerra. Estamos com a bunda exposta pra passar a m\u00e3o&#8230;<a class=\"more-link\" href=\"http:\/\/blogdalucianaoliveira.com.br\/blog\/2019\/08\/30\/entrevista-a-zdf-a-tv-publica-alema\/\">Continue a leitura <span class=\"meta-nav\">&raquo;<\/span><\/a><\/p>\n","protected":false},"author":1,"featured_media":0,"comment_status":"closed","ping_status":"open","sticky":false,"template":"","format":"standard","meta":{"_exactmetrics_skip_tracking":false,"_exactmetrics_sitenote_active":false,"_exactmetrics_sitenote_note":"","_exactmetrics_sitenote_category":0,"jetpack_post_was_ever_published":false,"_jetpack_newsletter_access":"","_jetpack_dont_email_post_to_subs":false,"_jetpack_newsletter_tier_id":0,"_jetpack_memberships_contains_paywalled_content":false,"_jetpack_memberships_contains_paid_content":false,"footnotes":"","jetpack_publicize_message":"","jetpack_publicize_feature_enabled":true,"jetpack_social_post_already_shared":true,"jetpack_social_options":{"image_generator_settings":{"template":"highway","enabled":false},"version":2}},"categories":[1],"tags":[],"class_list":["post-23683","post","type-post","status-publish","format-standard","hentry","category-notas"],"jetpack_publicize_connections":[],"jetpack_sharing_enabled":true,"jetpack_featured_media_url":"","jetpack_shortlink":"https:\/\/wp.me\/p7wKYW-69Z","jetpack-related-posts":[],"_links":{"self":[{"href":"http:\/\/blogdalucianaoliveira.com.br\/blog\/wp-json\/wp\/v2\/posts\/23683","targetHints":{"allow":["GET"]}}],"collection":[{"href":"http:\/\/blogdalucianaoliveira.com.br\/blog\/wp-json\/wp\/v2\/posts"}],"about":[{"href":"http:\/\/blogdalucianaoliveira.com.br\/blog\/wp-json\/wp\/v2\/types\/post"}],"author":[{"embeddable":true,"href":"http:\/\/blogdalucianaoliveira.com.br\/blog\/wp-json\/wp\/v2\/users\/1"}],"replies":[{"embeddable":true,"href":"http:\/\/blogdalucianaoliveira.com.br\/blog\/wp-json\/wp\/v2\/comments?post=23683"}],"version-history":[{"count":1,"href":"http:\/\/blogdalucianaoliveira.com.br\/blog\/wp-json\/wp\/v2\/posts\/23683\/revisions"}],"predecessor-version":[{"id":23684,"href":"http:\/\/blogdalucianaoliveira.com.br\/blog\/wp-json\/wp\/v2\/posts\/23683\/revisions\/23684"}],"wp:attachment":[{"href":"http:\/\/blogdalucianaoliveira.com.br\/blog\/wp-json\/wp\/v2\/media?parent=23683"}],"wp:term":[{"taxonomy":"category","embeddable":true,"href":"http:\/\/blogdalucianaoliveira.com.br\/blog\/wp-json\/wp\/v2\/categories?post=23683"},{"taxonomy":"post_tag","embeddable":true,"href":"http:\/\/blogdalucianaoliveira.com.br\/blog\/wp-json\/wp\/v2\/tags?post=23683"}],"curies":[{"name":"wp","href":"https:\/\/api.w.org\/{rel}","templated":true}]}}