{"id":23685,"date":"2019-08-31T08:01:57","date_gmt":"2019-08-31T12:01:57","guid":{"rendered":"http:\/\/blogdalucianaoliveira.com.br\/blog\/?p=23685"},"modified":"2019-08-31T08:01:57","modified_gmt":"2019-08-31T12:01:57","slug":"queimadas-sao-apenas-a-superficie-de-outros-crimes-graves-segundo-investigacoes","status":"publish","type":"post","link":"http:\/\/blogdalucianaoliveira.com.br\/blog\/2019\/08\/31\/queimadas-sao-apenas-a-superficie-de-outros-crimes-graves-segundo-investigacoes\/","title":{"rendered":"Queimadas s\u00e3o apenas a superf\u00edcie de outros crimes graves, segundo investiga\u00e7\u00f5es"},"content":{"rendered":"<p><img data-recalc-dims=\"1\" loading=\"lazy\" decoding=\"async\" data-attachment-id=\"23686\" data-permalink=\"http:\/\/blogdalucianaoliveira.com.br\/blog\/2019\/08\/31\/queimadas-sao-apenas-a-superficie-de-outros-crimes-graves-segundo-investigacoes\/31389af9-7806-47d3-a541-676c016fc600\/\" data-orig-file=\"https:\/\/i0.wp.com\/blogdalucianaoliveira.com.br\/blog\/wp-content\/uploads\/2019\/08\/31389AF9-7806-47D3-A541-676C016FC600.jpeg?fit=750%2C424\" data-orig-size=\"750,424\" data-comments-opened=\"0\" data-image-meta=\"{&quot;aperture&quot;:&quot;0&quot;,&quot;credit&quot;:&quot;&quot;,&quot;camera&quot;:&quot;&quot;,&quot;caption&quot;:&quot;&quot;,&quot;created_timestamp&quot;:&quot;0&quot;,&quot;copyright&quot;:&quot;&quot;,&quot;focal_length&quot;:&quot;0&quot;,&quot;iso&quot;:&quot;0&quot;,&quot;shutter_speed&quot;:&quot;0&quot;,&quot;title&quot;:&quot;&quot;,&quot;orientation&quot;:&quot;0&quot;}\" data-image-title=\"31389AF9-7806-47D3-A541-676C016FC600\" data-image-description=\"\" data-image-caption=\"\" data-medium-file=\"https:\/\/i0.wp.com\/blogdalucianaoliveira.com.br\/blog\/wp-content\/uploads\/2019\/08\/31389AF9-7806-47D3-A541-676C016FC600.jpeg?fit=300%2C170\" data-large-file=\"https:\/\/i0.wp.com\/blogdalucianaoliveira.com.br\/blog\/wp-content\/uploads\/2019\/08\/31389AF9-7806-47D3-A541-676C016FC600.jpeg?fit=600%2C339\" src=\"https:\/\/i0.wp.com\/blogdalucianaoliveira.com.br\/blog\/wp-content\/uploads\/2019\/08\/31389AF9-7806-47D3-A541-676C016FC600.jpeg?resize=600%2C339\" alt=\"31389AF9-7806-47D3-A541-676C016FC600\" width=\"600\" height=\"339\" class=\"alignnone size-full wp-image-23686\" srcset=\"https:\/\/i0.wp.com\/blogdalucianaoliveira.com.br\/blog\/wp-content\/uploads\/2019\/08\/31389AF9-7806-47D3-A541-676C016FC600.jpeg?w=750 750w, https:\/\/i0.wp.com\/blogdalucianaoliveira.com.br\/blog\/wp-content\/uploads\/2019\/08\/31389AF9-7806-47D3-A541-676C016FC600.jpeg?resize=300%2C170 300w, https:\/\/i0.wp.com\/blogdalucianaoliveira.com.br\/blog\/wp-content\/uploads\/2019\/08\/31389AF9-7806-47D3-A541-676C016FC600.jpeg?resize=531%2C300 531w\" sizes=\"auto, (max-width: 600px) 100vw, 600px\" \/><\/p>\n<p>No DCM &#8211; Corrup\u00e7\u00e3o, forma\u00e7\u00e3o de quadrilha, trabalho escravo, viol\u00eancia, grilagem, roubo de madeira. O desmatamento ilegal da Amaz\u00f4nia se insere em um conjunto de crimes que vai muito al\u00e9m do ambiental e envolve custos \u2013 e ganhos \u2013 milion\u00e1rios. <!--more--><\/p>\n<p>Investiga\u00e7\u00f5es da for\u00e7a-tarefa  Amaz\u00f4nia, do Minist\u00e9rio P\u00fablico Federal, demonstram que h\u00e1 elaboradas organiza\u00e7\u00f5es criminosas por tr\u00e1s do problema. Nesse processo, as queimadas s\u00e3o apenas a sua face mais vis\u00edvel.<\/p>\n<p>\u201cN\u00e3o vou ignorar que existe sim o desmatamento da pobreza, que \u00e9 para fins de subsist\u00eancia, mas o que realmente d\u00e1 volume, o desmatamento de grandes propor\u00e7\u00f5es, que \u00e9 o objeto de preocupa\u00e7\u00e3o, \u00e9 outro. No sul do Amazonas vimos cortes de 200, 500, 1 mil hectares (cada hectare equivale a cerca de um campo de futebol) de uma s\u00f3 vez. E isso quem faz \u00e9 o fazendeiro j\u00e1 com rebanho consider\u00e1vel que quer expandir para uma \u00e1rea que n\u00e3o \u00e9 dele. \u00c9 o grileiro que invade uma terra p\u00fablica. N\u00e3o tem nada a ver com pobreza\u201d, disse ao Estado o procurador Joel Bogo, no Amazonas.<\/p>\n<p>(\u2026)<\/p>\n<p>O problema \u00e9 reconhecido inclusive por parte do agroneg\u00f3cio, que veio a p\u00fablico na semana que passou pedir para que o governo combata o desmatamento e as queimadas. A Coaliz\u00e3o Brasil Clima, Florestas e Agricultura, entidade que re\u00fane mais de 200 representantes do agroneg\u00f3cio, de entidades de defesa do meio ambiente, da academia e do setor financeiro, entregou um manifesto ao presidente Jair Bolsonaro, dizendo que isso \u00e9 necess\u00e1rio para que o Brasil possa ser um \u201cl\u00edder agroambiental\u201d.<\/p>\n<p>(\u2026)<\/p>\n<p>Para Bogo, um dos casos mais exemplares foi o da Opera\u00e7\u00e3o Ojuara, na qual o MPF denunciou 22 pessoas por corrup\u00e7\u00e3o, constitui\u00e7\u00e3o de mil\u00edcia privada, divulga\u00e7\u00e3o de informa\u00e7\u00f5es sigilosas, lavagem de dinheiro e associa\u00e7\u00e3o criminosa, em um processo que ocorria h\u00e1 anos no Acre e no Amazonas. <\/p>\n<p>(\u2026)<\/p>\n","protected":false},"excerpt":{"rendered":"<p>No DCM &#8211; Corrup\u00e7\u00e3o, forma\u00e7\u00e3o de quadrilha, trabalho escravo, viol\u00eancia, grilagem, roubo de madeira. O desmatamento ilegal da Amaz\u00f4nia se insere em um conjunto de crimes que vai muito al\u00e9m do ambiental e envolve custos \u2013 e ganhos \u2013 milion\u00e1rios.<\/p>\n","protected":false},"author":1,"featured_media":0,"comment_status":"closed","ping_status":"open","sticky":false,"template":"","format":"standard","meta":{"_exactmetrics_skip_tracking":false,"_exactmetrics_sitenote_active":false,"_exactmetrics_sitenote_note":"","_exactmetrics_sitenote_category":0,"jetpack_post_was_ever_published":false,"_jetpack_newsletter_access":"","_jetpack_dont_email_post_to_subs":false,"_jetpack_newsletter_tier_id":0,"_jetpack_memberships_contains_paywalled_content":false,"_jetpack_memberships_contains_paid_content":false,"footnotes":"","jetpack_publicize_message":"","jetpack_publicize_feature_enabled":true,"jetpack_social_post_already_shared":true,"jetpack_social_options":{"image_generator_settings":{"template":"highway","enabled":false},"version":2}},"categories":[1],"tags":[],"class_list":["post-23685","post","type-post","status-publish","format-standard","hentry","category-notas"],"jetpack_publicize_connections":[],"jetpack_sharing_enabled":true,"jetpack_featured_media_url":"","jetpack_shortlink":"https:\/\/wp.me\/p7wKYW-6a1","jetpack-related-posts":[],"_links":{"self":[{"href":"http:\/\/blogdalucianaoliveira.com.br\/blog\/wp-json\/wp\/v2\/posts\/23685","targetHints":{"allow":["GET"]}}],"collection":[{"href":"http:\/\/blogdalucianaoliveira.com.br\/blog\/wp-json\/wp\/v2\/posts"}],"about":[{"href":"http:\/\/blogdalucianaoliveira.com.br\/blog\/wp-json\/wp\/v2\/types\/post"}],"author":[{"embeddable":true,"href":"http:\/\/blogdalucianaoliveira.com.br\/blog\/wp-json\/wp\/v2\/users\/1"}],"replies":[{"embeddable":true,"href":"http:\/\/blogdalucianaoliveira.com.br\/blog\/wp-json\/wp\/v2\/comments?post=23685"}],"version-history":[{"count":1,"href":"http:\/\/blogdalucianaoliveira.com.br\/blog\/wp-json\/wp\/v2\/posts\/23685\/revisions"}],"predecessor-version":[{"id":23687,"href":"http:\/\/blogdalucianaoliveira.com.br\/blog\/wp-json\/wp\/v2\/posts\/23685\/revisions\/23687"}],"wp:attachment":[{"href":"http:\/\/blogdalucianaoliveira.com.br\/blog\/wp-json\/wp\/v2\/media?parent=23685"}],"wp:term":[{"taxonomy":"category","embeddable":true,"href":"http:\/\/blogdalucianaoliveira.com.br\/blog\/wp-json\/wp\/v2\/categories?post=23685"},{"taxonomy":"post_tag","embeddable":true,"href":"http:\/\/blogdalucianaoliveira.com.br\/blog\/wp-json\/wp\/v2\/tags?post=23685"}],"curies":[{"name":"wp","href":"https:\/\/api.w.org\/{rel}","templated":true}]}}