{"id":23689,"date":"2019-08-31T15:10:40","date_gmt":"2019-08-31T19:10:40","guid":{"rendered":"http:\/\/blogdalucianaoliveira.com.br\/blog\/?p=23689"},"modified":"2019-08-31T15:17:16","modified_gmt":"2019-08-31T19:17:16","slug":"deputado-se-diz-colonizador-de-rondonia-relativiza-queimadas-e-atribui-progresso-a-eliminacao-da-floresta","status":"publish","type":"post","link":"http:\/\/blogdalucianaoliveira.com.br\/blog\/2019\/08\/31\/deputado-se-diz-colonizador-de-rondonia-relativiza-queimadas-e-atribui-progresso-a-eliminacao-da-floresta\/","title":{"rendered":"Deputado se diz \u2018colonizador\u2019 de Rond\u00f4nia, relativiza queimadas e atribui progresso \u00e0 elimina\u00e7\u00e3o  da floresta"},"content":{"rendered":"<p><img data-recalc-dims=\"1\" loading=\"lazy\" decoding=\"async\" data-attachment-id=\"23690\" data-permalink=\"http:\/\/blogdalucianaoliveira.com.br\/blog\/2019\/08\/31\/deputado-se-diz-colonizador-de-rondonia-relativiza-queimadas-e-atribui-progresso-a-eliminacao-da-floresta\/556ca9a5-5641-4fef-ad4c-b790e7de9d97\/\" data-orig-file=\"https:\/\/i0.wp.com\/blogdalucianaoliveira.com.br\/blog\/wp-content\/uploads\/2019\/08\/556CA9A5-5641-4FEF-AD4C-B790E7DE9D97.jpeg?fit=720%2C426\" data-orig-size=\"720,426\" data-comments-opened=\"0\" data-image-meta=\"{&quot;aperture&quot;:&quot;0&quot;,&quot;credit&quot;:&quot;&quot;,&quot;camera&quot;:&quot;&quot;,&quot;caption&quot;:&quot;&quot;,&quot;created_timestamp&quot;:&quot;0&quot;,&quot;copyright&quot;:&quot;&quot;,&quot;focal_length&quot;:&quot;0&quot;,&quot;iso&quot;:&quot;0&quot;,&quot;shutter_speed&quot;:&quot;0&quot;,&quot;title&quot;:&quot;&quot;,&quot;orientation&quot;:&quot;0&quot;}\" data-image-title=\"556CA9A5-5641-4FEF-AD4C-B790E7DE9D97\" data-image-description=\"\" data-image-caption=\"\" data-medium-file=\"https:\/\/i0.wp.com\/blogdalucianaoliveira.com.br\/blog\/wp-content\/uploads\/2019\/08\/556CA9A5-5641-4FEF-AD4C-B790E7DE9D97.jpeg?fit=300%2C178\" data-large-file=\"https:\/\/i0.wp.com\/blogdalucianaoliveira.com.br\/blog\/wp-content\/uploads\/2019\/08\/556CA9A5-5641-4FEF-AD4C-B790E7DE9D97.jpeg?fit=600%2C355\" src=\"https:\/\/i0.wp.com\/blogdalucianaoliveira.com.br\/blog\/wp-content\/uploads\/2019\/08\/556CA9A5-5641-4FEF-AD4C-B790E7DE9D97.jpeg?resize=600%2C355\" alt=\"556CA9A5-5641-4FEF-AD4C-B790E7DE9D97\" width=\"600\" height=\"355\" class=\"alignnone size-full wp-image-23690\" srcset=\"https:\/\/i0.wp.com\/blogdalucianaoliveira.com.br\/blog\/wp-content\/uploads\/2019\/08\/556CA9A5-5641-4FEF-AD4C-B790E7DE9D97.jpeg?w=720 720w, https:\/\/i0.wp.com\/blogdalucianaoliveira.com.br\/blog\/wp-content\/uploads\/2019\/08\/556CA9A5-5641-4FEF-AD4C-B790E7DE9D97.jpeg?resize=300%2C178 300w, https:\/\/i0.wp.com\/blogdalucianaoliveira.com.br\/blog\/wp-content\/uploads\/2019\/08\/556CA9A5-5641-4FEF-AD4C-B790E7DE9D97.jpeg?resize=507%2C300 507w\" sizes=\"auto, (max-width: 600px) 100vw, 600px\" \/><\/p>\n<p>L\u00facio Mosquini, do MDB, l\u00edder da bancada federal de Rond\u00f4nia, que aparece entre os piores parlamentares na parcial da vota\u00e7\u00e3o popular do Pr\u00eamio Congresso em Foco 2019, admitiu que para fazer o estado produzir foi preciso eliminar a floresta. <!--more--><\/p>\n<p>Ao usar microfone no p\u00falpito do Plen\u00e1rio da C\u00e2mara Federal, defendeu o presidente Jair Bolsonaro de cr\u00edticas pela cat\u00e1strofe ambiental na Amaz\u00f4nia e contou como vantagem a destrui\u00e7\u00e3o de florestas para gerar progresso em Rond\u00f4nia. <\/p>\n<p>Explicou que foi poss\u00edvel produzir \u201cPorque na \u00e9poca nossa cultura era de eliminar a floresta, e at\u00e9 de fazer queimadas. Mas hoje n\u00e3o \u00e9 mais\u201d.<\/p>\n<div class=\"jetpack-video-wrapper\"><span class=\"embed-youtube\" style=\"text-align:center; display: block;\"><iframe loading=\"lazy\" class=\"youtube-player\" width=\"600\" height=\"338\" src=\"https:\/\/www.youtube.com\/embed\/6XHprrBOeXw?version=3&#038;rel=1&#038;showsearch=0&#038;showinfo=1&#038;iv_load_policy=1&#038;fs=1&#038;hl=pt-BR&#038;autohide=2&#038;wmode=transparent\" allowfullscreen=\"true\" style=\"border:0;\" sandbox=\"allow-scripts allow-same-origin allow-popups allow-presentation allow-popups-to-escape-sandbox\"><\/iframe><\/span><\/div>\n<p>L\u00facio Mosquini, pasme, disse nunca ter visto o presidente dar qualquer declara\u00e7\u00e3o que possa ter servido de est\u00edmulo \u00e0s queimadas que se alastram nos estados da Amaz\u00f4nia Legal. <\/p>\n<p>O que Bolsonaro disse contra a pol\u00edtica ambiental, est\u00e1 na internet pra todo mundo rever. <\/p>\n<div class=\"fb-video\" data-allowfullscreen=\"true\" data-href=\"https:\/\/www.facebook.com\/ApocalipseUnderLine\/videos\/2532306106784852?sfns=mo\"><\/div>\n<p>Em abril uma opera\u00e7\u00e3o do Ibama resultou na queima de caminh\u00f5es e tratores que faziam retirada ilegal de madeira na Floresta Nacional do Jamari (Flona). A inutiliza\u00e7\u00e3o do maquin\u00e1rio dos criminosos \u00e9 prevista no decreto 6.514 de 2008.<\/p>\n<p>Na ocasi\u00e3o, foi com os criminosos que o presidente Jair Bolsonaro se solidarizou em v\u00eddeo gravado com o senador Marcos Rog\u00e9rio (DEM).<\/p>\n<div class=\"jetpack-video-wrapper\"><span class=\"embed-youtube\" style=\"text-align:center; display: block;\"><iframe loading=\"lazy\" class=\"youtube-player\" width=\"600\" height=\"338\" src=\"https:\/\/www.youtube.com\/embed\/A4X3FxZ7DtE?version=3&#038;rel=1&#038;showsearch=0&#038;showinfo=1&#038;iv_load_policy=1&#038;fs=1&#038;hl=pt-BR&#038;autohide=2&#038;wmode=transparent\" allowfullscreen=\"true\" style=\"border:0;\" sandbox=\"allow-scripts allow-same-origin allow-popups allow-presentation allow-popups-to-escape-sandbox\"><\/iframe><\/span><\/div>\n<p>O pr\u00f3prio deputado mandou recado madeireiros via WhatsApp, para anunciar flexibiliza\u00e7\u00e3o da legisla\u00e7\u00e3o ambiental e substitui\u00e7\u00e3o de fiscais que causavam \u2018descontentamento\u2019. Segundo ele, ap\u00f3s conversa com o ministro do Meio Ambiente. <\/p>\n<div class=\"jetpack-video-wrapper\"><iframe loading=\"lazy\" title=\"L\u00facio Mosquini revela detalhes sobre delibera\u00e7\u00f5es de Ricardo Salles\" width=\"600\" height=\"450\" src=\"https:\/\/www.youtube.com\/embed\/d6YSgjpfc3w?feature=oembed\" frameborder=\"0\" allow=\"accelerometer; autoplay; clipboard-write; encrypted-media; gyroscope; picture-in-picture; web-share\" referrerpolicy=\"strict-origin-when-cross-origin\" allowfullscreen><\/iframe><\/div>\n<p>Rond\u00f4nia \u00e9 o terceiro estado com maior m\u00e9dia (4184) de  focos de queimadas em agosto. At\u00e9 o dia 27 foram 5327 focos. <\/p>\n","protected":false},"excerpt":{"rendered":"<p>L\u00facio Mosquini, do MDB, l\u00edder da bancada federal de Rond\u00f4nia, que aparece entre os piores parlamentares na parcial da vota\u00e7\u00e3o popular do Pr\u00eamio Congresso em Foco 2019, admitiu que para fazer o estado produzir foi preciso eliminar a floresta.<\/p>\n","protected":false},"author":1,"featured_media":0,"comment_status":"closed","ping_status":"open","sticky":false,"template":"","format":"standard","meta":{"_exactmetrics_skip_tracking":false,"_exactmetrics_sitenote_active":false,"_exactmetrics_sitenote_note":"","_exactmetrics_sitenote_category":0,"jetpack_post_was_ever_published":false,"_jetpack_newsletter_access":"","_jetpack_dont_email_post_to_subs":false,"_jetpack_newsletter_tier_id":0,"_jetpack_memberships_contains_paywalled_content":false,"_jetpack_memberships_contains_paid_content":false,"footnotes":"","jetpack_publicize_message":"","jetpack_publicize_feature_enabled":true,"jetpack_social_post_already_shared":true,"jetpack_social_options":{"image_generator_settings":{"template":"highway","enabled":false},"version":2}},"categories":[1],"tags":[],"class_list":["post-23689","post","type-post","status-publish","format-standard","hentry","category-notas"],"jetpack_publicize_connections":[],"jetpack_sharing_enabled":true,"jetpack_featured_media_url":"","jetpack_shortlink":"https:\/\/wp.me\/p7wKYW-6a5","jetpack-related-posts":[],"_links":{"self":[{"href":"http:\/\/blogdalucianaoliveira.com.br\/blog\/wp-json\/wp\/v2\/posts\/23689","targetHints":{"allow":["GET"]}}],"collection":[{"href":"http:\/\/blogdalucianaoliveira.com.br\/blog\/wp-json\/wp\/v2\/posts"}],"about":[{"href":"http:\/\/blogdalucianaoliveira.com.br\/blog\/wp-json\/wp\/v2\/types\/post"}],"author":[{"embeddable":true,"href":"http:\/\/blogdalucianaoliveira.com.br\/blog\/wp-json\/wp\/v2\/users\/1"}],"replies":[{"embeddable":true,"href":"http:\/\/blogdalucianaoliveira.com.br\/blog\/wp-json\/wp\/v2\/comments?post=23689"}],"version-history":[{"count":4,"href":"http:\/\/blogdalucianaoliveira.com.br\/blog\/wp-json\/wp\/v2\/posts\/23689\/revisions"}],"predecessor-version":[{"id":23694,"href":"http:\/\/blogdalucianaoliveira.com.br\/blog\/wp-json\/wp\/v2\/posts\/23689\/revisions\/23694"}],"wp:attachment":[{"href":"http:\/\/blogdalucianaoliveira.com.br\/blog\/wp-json\/wp\/v2\/media?parent=23689"}],"wp:term":[{"taxonomy":"category","embeddable":true,"href":"http:\/\/blogdalucianaoliveira.com.br\/blog\/wp-json\/wp\/v2\/categories?post=23689"},{"taxonomy":"post_tag","embeddable":true,"href":"http:\/\/blogdalucianaoliveira.com.br\/blog\/wp-json\/wp\/v2\/tags?post=23689"}],"curies":[{"name":"wp","href":"https:\/\/api.w.org\/{rel}","templated":true}]}}