{"id":23695,"date":"2019-09-01T07:54:42","date_gmt":"2019-09-01T11:54:42","guid":{"rendered":"http:\/\/blogdalucianaoliveira.com.br\/blog\/?p=23695"},"modified":"2019-09-01T07:54:42","modified_gmt":"2019-09-01T11:54:42","slug":"enquanto-tiver-floresta-em-pe-quem-a-defende-sera-ameacado","status":"publish","type":"post","link":"http:\/\/blogdalucianaoliveira.com.br\/blog\/2019\/09\/01\/enquanto-tiver-floresta-em-pe-quem-a-defende-sera-ameacado\/","title":{"rendered":"&#8220;Enquanto tiver floresta em p\u00e9, quem a defende ser\u00e1 amea\u00e7ado&#8221;"},"content":{"rendered":"<p><img data-recalc-dims=\"1\" loading=\"lazy\" decoding=\"async\" data-attachment-id=\"23696\" data-permalink=\"http:\/\/blogdalucianaoliveira.com.br\/blog\/2019\/09\/01\/enquanto-tiver-floresta-em-pe-quem-a-defende-sera-ameacado\/b10420e2-593a-46ef-a60d-fc4d5bda13a3\/\" data-orig-file=\"https:\/\/i0.wp.com\/blogdalucianaoliveira.com.br\/blog\/wp-content\/uploads\/2019\/09\/B10420E2-593A-46EF-A60D-FC4D5BDA13A3.jpeg?fit=425%2C409\" data-orig-size=\"425,409\" data-comments-opened=\"0\" data-image-meta=\"{&quot;aperture&quot;:&quot;0&quot;,&quot;credit&quot;:&quot;&quot;,&quot;camera&quot;:&quot;&quot;,&quot;caption&quot;:&quot;&quot;,&quot;created_timestamp&quot;:&quot;0&quot;,&quot;copyright&quot;:&quot;&quot;,&quot;focal_length&quot;:&quot;0&quot;,&quot;iso&quot;:&quot;0&quot;,&quot;shutter_speed&quot;:&quot;0&quot;,&quot;title&quot;:&quot;&quot;,&quot;orientation&quot;:&quot;0&quot;}\" data-image-title=\"B10420E2-593A-46EF-A60D-FC4D5BDA13A3\" data-image-description=\"\" data-image-caption=\"\" data-medium-file=\"https:\/\/i0.wp.com\/blogdalucianaoliveira.com.br\/blog\/wp-content\/uploads\/2019\/09\/B10420E2-593A-46EF-A60D-FC4D5BDA13A3.jpeg?fit=300%2C289\" data-large-file=\"https:\/\/i0.wp.com\/blogdalucianaoliveira.com.br\/blog\/wp-content\/uploads\/2019\/09\/B10420E2-593A-46EF-A60D-FC4D5BDA13A3.jpeg?fit=425%2C409\" src=\"https:\/\/i0.wp.com\/blogdalucianaoliveira.com.br\/blog\/wp-content\/uploads\/2019\/09\/B10420E2-593A-46EF-A60D-FC4D5BDA13A3.jpeg?resize=425%2C409\" alt=\"B10420E2-593A-46EF-A60D-FC4D5BDA13A3\" width=\"425\" height=\"409\" class=\"alignnone size-full wp-image-23696\" srcset=\"https:\/\/i0.wp.com\/blogdalucianaoliveira.com.br\/blog\/wp-content\/uploads\/2019\/09\/B10420E2-593A-46EF-A60D-FC4D5BDA13A3.jpeg?w=425 425w, https:\/\/i0.wp.com\/blogdalucianaoliveira.com.br\/blog\/wp-content\/uploads\/2019\/09\/B10420E2-593A-46EF-A60D-FC4D5BDA13A3.jpeg?resize=300%2C289 300w, https:\/\/i0.wp.com\/blogdalucianaoliveira.com.br\/blog\/wp-content\/uploads\/2019\/09\/B10420E2-593A-46EF-A60D-FC4D5BDA13A3.jpeg?resize=312%2C300 312w\" sizes=\"auto, (max-width: 425px) 100vw, 425px\" \/><\/p>\n<p>Almir Narayamoga, l\u00edder ind\u00edgena que falou em Paris em defesa da Amaz\u00f4nia<!--more--><\/p>\n<p>Carlos Madeiro<br \/>\nColabora\u00e7\u00e3o para o UOL, em Macei\u00f3<br \/>\nImagem: Daniel Marenco\/Folhapress<\/p>\n<p>O cacique Almir Narayamoga, da etnia suru\u00ed, em Rond\u00f4nia, \u00e9 uma refer\u00eancia internacional na defesa da Amaz\u00f4nia. Na quarta-feira (28), ele participou do Encontro dos Executivos, organizado em Paris pelo Medef (Movimento das Empresas da Fran\u00e7a). Enquanto a floresta ardia em chamas no Brasil, ele falou da necessidade de defender um projeto de desenvolvimento sustent\u00e1vel e da necessidade de a Europa observar de quem compra produtos advindos da floresta.<\/p>\n<p>Em entrevista ao UOL ap\u00f3s o evento, ele afirmou que n\u00e3o sabe o resultado de sua fala aos franceses, mas comemorou o que chamou de reconhecimento internacional da import\u00e2ncia da floresta amaz\u00f4nica. &#8220;Acho que \u00e9 muito importante o mundo reconhecer o papel da Amaz\u00f4nia para garantir o futuro das gera\u00e7\u00f5es. Isso demonstra tamb\u00e9m uma consci\u00eancia de valorizar a floresta&#8221;, disse.<\/p>\n<p>O cacique criticou o discurso do presidente Jair Bolsonaro contra o meio ambiente e contra os povos tradicionais, defendendo uma mudan\u00e7a de pol\u00edtica. &#8220;A gente precisa, como l\u00edderes, reagir e, claro, propor uma nova pol\u00edtica para combater esse tipo de constru\u00e7\u00e3o destruidora do futuro&#8221;, diz.<\/p>\n<p>Essa n\u00e3o foi o primeiro reconhecimento de sua lideran\u00e7a ao falar sobre a Amaz\u00f4nia fora do pa\u00eds. Em 2007, foi eleito membro do Conselho Nacional de Pol\u00edtica Indigenista. No mesmo, durante a Confer\u00eancia da ONU (Organiza\u00e7\u00e3o das Na\u00e7\u00f5es Unidas) sobre Clima (COP-15), na Dinamarca, recebeu o Pr\u00eamio Maia Lin pelo projeto de Carbono Suru\u00ed. Dois anos depois, teve um encontro com pr\u00edncipe Charles, no Reino Unido. Em 2011, participou em frente \u00e0 torre Eiffel de um protesto contra a constru\u00e7\u00e3o de barragens na Amaz\u00f4nia. Defensor da floresta h\u00e1 d\u00e9cadas, o cacique diz que n\u00e3o est\u00e1 livre de enfrentar viol\u00eancia dentro da sua terra ind\u00edgena. &#8220;Enquanto tiver floresta em p\u00e9, quem defende a floresta se quem defende a floresta ser\u00e1 amea\u00e7ado&#8221;, afirma. <\/p>\n<p>Confira a entrevista. UOL &#8211; A Amaz\u00f4nia entrou mais uma vez no notici\u00e1rio internacional. O que o senhor achou dessa preocupa\u00e7\u00e3o vinda dos mais importantes l\u00edderes mundiais? Almir Narayamoga &#8211; A ajuda internacional demonstra uma consci\u00eancia de que a Amaz\u00f4nia tem uma import\u00e2ncia para o mundo. Dentro do cen\u00e1rio de mudan\u00e7as clim\u00e1ticas, a Amaz\u00f4nia tamb\u00e9m tem um papel importante no equil\u00edbrio do clima. Ent\u00e3o, acho que \u00e9 muito importante o mundo reconhecer o papel da Amaz\u00f4nia para garantir o futuro das gera\u00e7\u00f5es. Isso demonstra tamb\u00e9m uma consci\u00eancia de valorizar a floresta.<\/p>\n<p>Que resultado o senhor acha que sua fala teve nos empres\u00e1rios franceses? Eu n\u00e3o tenho conclus\u00e3o da reuni\u00e3o, mas sei que ficou l\u00e1 o meu depoimento. Nada foi decidido em definitivo, mas fui e participei. Dei nosso recado. Como o senhor avalia a ideia do governo federal de explora\u00e7\u00e3o das reservas ind\u00edgenas? \u00c9 preocupante a pol\u00edtica que o governo est\u00e1 propondo contra povos ind\u00edgenas e o meio ambiente. A forma como ele quer fazer isso \u00e9 muito perigosa. Como l\u00edderes, precisamos reagir e, claro, propor uma nova pol\u00edtica para combater esse tipo de constru\u00e7\u00e3o destruidora do futuro, usando crit\u00e9rio e pol\u00edtica do nosso pr\u00f3prio pa\u00eds. Acredito que precisamos discutir isso de uma forma que seja boa para todos. Falta uma pol\u00edtica para prote\u00e7\u00e3o a povos tradicionais da floresta? Povos tradicionais s\u00e3o a raiz de um pa\u00eds. Logo, ter pessoas com condi\u00e7\u00f5es de compreender o que significa a raiz de uma hist\u00f3ria, suas conquistas, avan\u00e7os e crescimento \u00e9 muito importante. Esses povos, dentro da valoriza\u00e7\u00e3o da sua cultura, v\u00eam utilizando o respeito ao meio ambiente e v\u00eam trabalhando o programa e a pol\u00edtica de desenvolvimento sustent\u00e1vel do pa\u00eds. Por isso que precisamos \u2014se amarmos nosso pa\u00eds e o nosso povo\u2014 ter respeito aos povos tradicionais, que s\u00e3o a nossa hist\u00f3ria.<\/p>\n<p>O senhor j\u00e1 falou algumas vezes que se sente em constante amea\u00e7a na floresta. Esse sentimento continua? Enquanto tiver floresta em p\u00e9, quem defende a floresta ser\u00e1 amea\u00e7ado. Como eu defendo a sustentabilidade, tenho esse risco. Tenho medo [de morrer], sim, com certeza.<\/p>\n","protected":false},"excerpt":{"rendered":"<p>Almir Narayamoga, l\u00edder ind\u00edgena que falou em Paris em defesa da Amaz\u00f4nia<\/p>\n","protected":false},"author":1,"featured_media":0,"comment_status":"closed","ping_status":"open","sticky":false,"template":"","format":"standard","meta":{"_exactmetrics_skip_tracking":false,"_exactmetrics_sitenote_active":false,"_exactmetrics_sitenote_note":"","_exactmetrics_sitenote_category":0,"jetpack_post_was_ever_published":false,"_jetpack_newsletter_access":"","_jetpack_dont_email_post_to_subs":false,"_jetpack_newsletter_tier_id":0,"_jetpack_memberships_contains_paywalled_content":false,"_jetpack_memberships_contains_paid_content":false,"footnotes":"","jetpack_publicize_message":"","jetpack_publicize_feature_enabled":true,"jetpack_social_post_already_shared":true,"jetpack_social_options":{"image_generator_settings":{"template":"highway","enabled":false},"version":2}},"categories":[1],"tags":[],"class_list":["post-23695","post","type-post","status-publish","format-standard","hentry","category-notas"],"jetpack_publicize_connections":[],"jetpack_sharing_enabled":true,"jetpack_featured_media_url":"","jetpack_shortlink":"https:\/\/wp.me\/p7wKYW-6ab","jetpack-related-posts":[],"_links":{"self":[{"href":"http:\/\/blogdalucianaoliveira.com.br\/blog\/wp-json\/wp\/v2\/posts\/23695","targetHints":{"allow":["GET"]}}],"collection":[{"href":"http:\/\/blogdalucianaoliveira.com.br\/blog\/wp-json\/wp\/v2\/posts"}],"about":[{"href":"http:\/\/blogdalucianaoliveira.com.br\/blog\/wp-json\/wp\/v2\/types\/post"}],"author":[{"embeddable":true,"href":"http:\/\/blogdalucianaoliveira.com.br\/blog\/wp-json\/wp\/v2\/users\/1"}],"replies":[{"embeddable":true,"href":"http:\/\/blogdalucianaoliveira.com.br\/blog\/wp-json\/wp\/v2\/comments?post=23695"}],"version-history":[{"count":1,"href":"http:\/\/blogdalucianaoliveira.com.br\/blog\/wp-json\/wp\/v2\/posts\/23695\/revisions"}],"predecessor-version":[{"id":23697,"href":"http:\/\/blogdalucianaoliveira.com.br\/blog\/wp-json\/wp\/v2\/posts\/23695\/revisions\/23697"}],"wp:attachment":[{"href":"http:\/\/blogdalucianaoliveira.com.br\/blog\/wp-json\/wp\/v2\/media?parent=23695"}],"wp:term":[{"taxonomy":"category","embeddable":true,"href":"http:\/\/blogdalucianaoliveira.com.br\/blog\/wp-json\/wp\/v2\/categories?post=23695"},{"taxonomy":"post_tag","embeddable":true,"href":"http:\/\/blogdalucianaoliveira.com.br\/blog\/wp-json\/wp\/v2\/tags?post=23695"}],"curies":[{"name":"wp","href":"https:\/\/api.w.org\/{rel}","templated":true}]}}