{"id":23698,"date":"2019-09-01T08:47:12","date_gmt":"2019-09-01T12:47:12","guid":{"rendered":"http:\/\/blogdalucianaoliveira.com.br\/blog\/?p=23698"},"modified":"2019-09-01T08:47:12","modified_gmt":"2019-09-01T12:47:12","slug":"o-milionario-que-comprou-sete-milhoes-de-hectares-na-amazonia-por-causa-do-seu-cordao-umbilical","status":"publish","type":"post","link":"http:\/\/blogdalucianaoliveira.com.br\/blog\/2019\/09\/01\/o-milionario-que-comprou-sete-milhoes-de-hectares-na-amazonia-por-causa-do-seu-cordao-umbilical\/","title":{"rendered":"O milion\u00e1rio que comprou sete milh\u00f5es de hectares na Amaz\u00f4nia por causa do seu cord\u00e3o umbilical"},"content":{"rendered":"<p><img data-recalc-dims=\"1\" loading=\"lazy\" decoding=\"async\" data-attachment-id=\"23699\" data-permalink=\"http:\/\/blogdalucianaoliveira.com.br\/blog\/2019\/09\/01\/o-milionario-que-comprou-sete-milhoes-de-hectares-na-amazonia-por-causa-do-seu-cordao-umbilical\/4f158621-bc5c-4ac8-acc0-8021239c17a9\/\" data-orig-file=\"https:\/\/i0.wp.com\/blogdalucianaoliveira.com.br\/blog\/wp-content\/uploads\/2019\/09\/4F158621-BC5C-4AC8-ACC0-8021239C17A9.jpeg?fit=720%2C477\" data-orig-size=\"720,477\" data-comments-opened=\"0\" data-image-meta=\"{&quot;aperture&quot;:&quot;0&quot;,&quot;credit&quot;:&quot;&quot;,&quot;camera&quot;:&quot;&quot;,&quot;caption&quot;:&quot;&quot;,&quot;created_timestamp&quot;:&quot;0&quot;,&quot;copyright&quot;:&quot;&quot;,&quot;focal_length&quot;:&quot;0&quot;,&quot;iso&quot;:&quot;0&quot;,&quot;shutter_speed&quot;:&quot;0&quot;,&quot;title&quot;:&quot;&quot;,&quot;orientation&quot;:&quot;0&quot;}\" data-image-title=\"4F158621-BC5C-4AC8-ACC0-8021239C17A9\" data-image-description=\"\" data-image-caption=\"\" data-medium-file=\"https:\/\/i0.wp.com\/blogdalucianaoliveira.com.br\/blog\/wp-content\/uploads\/2019\/09\/4F158621-BC5C-4AC8-ACC0-8021239C17A9.jpeg?fit=300%2C199\" data-large-file=\"https:\/\/i0.wp.com\/blogdalucianaoliveira.com.br\/blog\/wp-content\/uploads\/2019\/09\/4F158621-BC5C-4AC8-ACC0-8021239C17A9.jpeg?fit=600%2C398\" src=\"https:\/\/i0.wp.com\/blogdalucianaoliveira.com.br\/blog\/wp-content\/uploads\/2019\/09\/4F158621-BC5C-4AC8-ACC0-8021239C17A9.jpeg?resize=600%2C398\" alt=\"4F158621-BC5C-4AC8-ACC0-8021239C17A9\" width=\"600\" height=\"398\" class=\"alignnone size-full wp-image-23699\" srcset=\"https:\/\/i0.wp.com\/blogdalucianaoliveira.com.br\/blog\/wp-content\/uploads\/2019\/09\/4F158621-BC5C-4AC8-ACC0-8021239C17A9.jpeg?w=720 720w, https:\/\/i0.wp.com\/blogdalucianaoliveira.com.br\/blog\/wp-content\/uploads\/2019\/09\/4F158621-BC5C-4AC8-ACC0-8021239C17A9.jpeg?resize=300%2C199 300w, https:\/\/i0.wp.com\/blogdalucianaoliveira.com.br\/blog\/wp-content\/uploads\/2019\/09\/4F158621-BC5C-4AC8-ACC0-8021239C17A9.jpeg?resize=453%2C300 453w\" sizes=\"auto, (max-width: 600px) 100vw, 600px\" \/><\/p>\n<p>Meu artigo levou este jornal a publicar um editorial lembrando que, ainda que respeitada a soberania brasileira, aquele santu\u00e1rio ecol\u00f3gico \u201cera responsabilidade de todos\u201d<!--more--><\/p>\n<p>JUAN ARIAS<br \/>\nEl Pa\u00eds<\/p>\n<p>A guerra em curso contra a destrui\u00e7\u00e3o da Amaz\u00f4nia brasileira me fez lembrar que, h\u00e1 20 anos, um dos meus primeiros artigos como correspondente deste jornal, publicado em Madri em 26 de janeiro de 1999, foi sobre uma compra ilegal por parte do milion\u00e1rio empreiteiro brasileiro Cec\u00edlio do Rego Almeida, j\u00e1 falecido, de um territ\u00f3rio de sete milh\u00f5es de hectares da Amaz\u00f4nia, em Altamira, no estado do Par\u00e1.<\/p>\n<p>Aquela reportagem me deu dores de cabe\u00e7a. A not\u00edcia havia sido dada pela imprensa brasileira. Eu a contei para o jornal lembrando que se tratava da aquisi\u00e7\u00e3o de um territ\u00f3rio do tamanho da Holanda e da B\u00e9lgica juntas. Uma verdadeira loucura que transformou o empreiteiro brasileiro no maior latifundi\u00e1rio do planeta. No seu territ\u00f3rio, comprado por uma ninharia, corriam 28 rios e havia v\u00e1rias reservas ind\u00edgenas e aldeia inteiras.<\/p>\n<p>Eram terras do Estado que nunca poderiam ter sido vendidas. Foi preciso a interven\u00e7\u00e3o do ent\u00e3o ministro da Justi\u00e7a, Renan Calheiros, do Governo de Fernando Henrique Cardoso. Verdade ou n\u00e3o, Rego tamb\u00e9m era acusado de envolvimento em epis\u00f3dios escabrosos como assassinatos, oculta\u00e7\u00e3o de cad\u00e1veres, atos de escravid\u00e3o e forma\u00e7\u00e3o de quadrilhas paramilitares. O novo dono daquela imensidade da Amaz\u00f4nia andava acompanhado ent\u00e3o de 14 homens armados e o juiz do caso era escoltado dia e noite por dois policiais.<\/p>\n<p>No territ\u00f3rio amaz\u00f4nico \u2014que eu nunca soube como o milion\u00e1rio conseguiu adquirir, pois era oriundo de uma fam\u00edlia muito pobre que havia enriquecido com contratos de obras de constru\u00e7\u00e3o com o Estado\u2014 havia na \u00e9poca enormes tesouros naturais como reservas de diamantes, ouro e a maior reserva de mogno do planeta, ent\u00e3o avaliada em 7 bilh\u00f5es de d\u00f3lares.<\/p>\n<p>Meu artigo levou este jornal a publicar um editorial lembrando que, ainda que respeitada a soberania brasileira sobre a Amaz\u00f4nia, aquele santu\u00e1rio ecol\u00f3gico, de algum modo \u201cera responsabilidade de todos\u201d pela import\u00e2ncia ambiental que constitui para toda a humanidade.<\/p>\n<p>O empreiteiro e latifundi\u00e1rio Rego devia ter boas rela\u00e7\u00f5es com o Governo, pois recebi uma carta do ent\u00e3o embaixador brasileiro em Madri em que tentava me explicar quais publica\u00e7\u00f5es devia ou n\u00e3o consultar e apreciar para o meu of\u00edcio de correspondente<\/p>\n<p>Respondi delicadamente que nunca teria me permitido explicar a um embaixador como devia exercer sua delicada miss\u00e3o de diplomata e que eu conhecia meu of\u00edcio, pois tinha 30 anos de profiss\u00e3o, dos quais mais de 20 como correspondente. Pouco depois o advogado do novo propriet\u00e1rio dos 7 milh\u00f5es de hectares da Amaz\u00f4nia me telefonou, fazendo observa\u00e7\u00f5es sobre minha reportagem. Disse-lhe que a melhor solu\u00e7\u00e3o seria que ele me organizasse uma entrevista com Rego. Respondeu que ele n\u00e3o queria se encontrar pessoalmente comigo, mas que poderia conversar por telefone. Assim foi. Mostrou-se muito am\u00e1vel e tentou me convencer de que havia comprado legalmente aquele enorme territ\u00f3rio da Amaz\u00f4nia.<\/p>\n<p>Perguntei-lhe por que queria comprar tanta terra. Respondeu: \u201cEu nasci l\u00e1 e minha m\u00e3e enterrou o cord\u00e3o umbilical naquela terra\u201d. Voltei a perguntar-lhe se era necess\u00e1rio adquirir um territ\u00f3rio como a B\u00e9lgica e a Holanda juntas. E me respondeu com candura: \u201cJ\u00e1 que decidi comprar, comprei tudo\u201d.<\/p>\n<p>O que o empres\u00e1rio milion\u00e1rio deveria ter ent\u00e3o eram boas informa\u00e7\u00f5es at\u00e9 dentro deste jornal em Madri. Ele me recriminou que eu tinha escrito o editorial em que se afirmava que a Amaz\u00f4nia era responsabilidade de todos e n\u00e3o apenas dos brasileiros. Expliquei-lhe que neste jornal os editoriais n\u00e3o t\u00eam autor. E que a responsabilidade final era do diretor e que ningu\u00e9m sabia quem os escrevia. E ele respondeu com certo ar de orgulho: \u201cPois n\u00f3s sabemos que foi o senhor\u201d. Tinha raz\u00e3o, embora nunca soube como ele ficou sabendo.<\/p>\n<p>N\u00e3o fiquei surpreso, portanto, que ele tivesse amigos poderosos que o ajudaram a ser dono daquele tesouro de sete mil hectares de uma terra quase sagrada que \u00e9 de todos os brasileiros e que ningu\u00e9m tem o direito de se apropriar dela.<\/p>\n<p>Tudo isso para lembrar aos jovens jornalistas brasileiros, aos quais dedico esta coluna, que h\u00e1 20 anos a quest\u00e3o da Amaz\u00f4nia era t\u00e3o quente fora do Brasil quanto os inc\u00eandios que hoje a destroem e que continua sendo t\u00e3o mal administrada pelos governos como sempre. Ser\u00e1 esta a vez em que a guerra na qual se meteu o presidente Jair Bolsonaro, como um elefante em uma loja de cristais, e que desafiou a diplomacia mundial, que o pa\u00eds tomar\u00e1 consci\u00eancia do tesouro e da responsabilidade de que deve prestar contas n\u00e3o apenas aos brasileiros, mas ao mundo?<\/p>\n","protected":false},"excerpt":{"rendered":"<p>Meu artigo levou este jornal a publicar um editorial lembrando que, ainda que respeitada a soberania brasileira, aquele santu\u00e1rio ecol\u00f3gico \u201cera responsabilidade de todos\u201d<\/p>\n","protected":false},"author":1,"featured_media":0,"comment_status":"closed","ping_status":"open","sticky":false,"template":"","format":"standard","meta":{"_exactmetrics_skip_tracking":false,"_exactmetrics_sitenote_active":false,"_exactmetrics_sitenote_note":"","_exactmetrics_sitenote_category":0,"jetpack_post_was_ever_published":false,"_jetpack_newsletter_access":"","_jetpack_dont_email_post_to_subs":false,"_jetpack_newsletter_tier_id":0,"_jetpack_memberships_contains_paywalled_content":false,"_jetpack_memberships_contains_paid_content":false,"footnotes":"","jetpack_publicize_message":"","jetpack_publicize_feature_enabled":true,"jetpack_social_post_already_shared":true,"jetpack_social_options":{"image_generator_settings":{"template":"highway","enabled":false},"version":2}},"categories":[1],"tags":[],"class_list":["post-23698","post","type-post","status-publish","format-standard","hentry","category-notas"],"jetpack_publicize_connections":[],"jetpack_sharing_enabled":true,"jetpack_featured_media_url":"","jetpack_shortlink":"https:\/\/wp.me\/p7wKYW-6ae","jetpack-related-posts":[],"_links":{"self":[{"href":"http:\/\/blogdalucianaoliveira.com.br\/blog\/wp-json\/wp\/v2\/posts\/23698","targetHints":{"allow":["GET"]}}],"collection":[{"href":"http:\/\/blogdalucianaoliveira.com.br\/blog\/wp-json\/wp\/v2\/posts"}],"about":[{"href":"http:\/\/blogdalucianaoliveira.com.br\/blog\/wp-json\/wp\/v2\/types\/post"}],"author":[{"embeddable":true,"href":"http:\/\/blogdalucianaoliveira.com.br\/blog\/wp-json\/wp\/v2\/users\/1"}],"replies":[{"embeddable":true,"href":"http:\/\/blogdalucianaoliveira.com.br\/blog\/wp-json\/wp\/v2\/comments?post=23698"}],"version-history":[{"count":1,"href":"http:\/\/blogdalucianaoliveira.com.br\/blog\/wp-json\/wp\/v2\/posts\/23698\/revisions"}],"predecessor-version":[{"id":23700,"href":"http:\/\/blogdalucianaoliveira.com.br\/blog\/wp-json\/wp\/v2\/posts\/23698\/revisions\/23700"}],"wp:attachment":[{"href":"http:\/\/blogdalucianaoliveira.com.br\/blog\/wp-json\/wp\/v2\/media?parent=23698"}],"wp:term":[{"taxonomy":"category","embeddable":true,"href":"http:\/\/blogdalucianaoliveira.com.br\/blog\/wp-json\/wp\/v2\/categories?post=23698"},{"taxonomy":"post_tag","embeddable":true,"href":"http:\/\/blogdalucianaoliveira.com.br\/blog\/wp-json\/wp\/v2\/tags?post=23698"}],"curies":[{"name":"wp","href":"https:\/\/api.w.org\/{rel}","templated":true}]}}