{"id":23701,"date":"2019-09-01T10:03:33","date_gmt":"2019-09-01T14:03:33","guid":{"rendered":"http:\/\/blogdalucianaoliveira.com.br\/blog\/?p=23701"},"modified":"2019-09-01T10:03:33","modified_gmt":"2019-09-01T14:03:33","slug":"o-calar-de-uns-impoe-dever-de-falar-a-outros","status":"publish","type":"post","link":"http:\/\/blogdalucianaoliveira.com.br\/blog\/2019\/09\/01\/o-calar-de-uns-impoe-dever-de-falar-a-outros\/","title":{"rendered":"O calar de uns imp\u00f5e dever de falar a outros"},"content":{"rendered":"<p><img data-recalc-dims=\"1\" loading=\"lazy\" decoding=\"async\" data-attachment-id=\"23702\" data-permalink=\"http:\/\/blogdalucianaoliveira.com.br\/blog\/2019\/09\/01\/o-calar-de-uns-impoe-dever-de-falar-a-outros\/f2d7a0ae-c517-4b1e-aa21-4c42ef04b05c\/\" data-orig-file=\"https:\/\/i0.wp.com\/blogdalucianaoliveira.com.br\/blog\/wp-content\/uploads\/2019\/09\/F2D7A0AE-C517-4B1E-AA21-4C42EF04B05C.jpeg?fit=314%2C240\" data-orig-size=\"314,240\" data-comments-opened=\"0\" data-image-meta=\"{&quot;aperture&quot;:&quot;0&quot;,&quot;credit&quot;:&quot;&quot;,&quot;camera&quot;:&quot;&quot;,&quot;caption&quot;:&quot;&quot;,&quot;created_timestamp&quot;:&quot;0&quot;,&quot;copyright&quot;:&quot;&quot;,&quot;focal_length&quot;:&quot;0&quot;,&quot;iso&quot;:&quot;0&quot;,&quot;shutter_speed&quot;:&quot;0&quot;,&quot;title&quot;:&quot;&quot;,&quot;orientation&quot;:&quot;0&quot;}\" data-image-title=\"F2D7A0AE-C517-4B1E-AA21-4C42EF04B05C\" data-image-description=\"\" data-image-caption=\"\" data-medium-file=\"https:\/\/i0.wp.com\/blogdalucianaoliveira.com.br\/blog\/wp-content\/uploads\/2019\/09\/F2D7A0AE-C517-4B1E-AA21-4C42EF04B05C.jpeg?fit=300%2C229\" data-large-file=\"https:\/\/i0.wp.com\/blogdalucianaoliveira.com.br\/blog\/wp-content\/uploads\/2019\/09\/F2D7A0AE-C517-4B1E-AA21-4C42EF04B05C.jpeg?fit=314%2C240\" src=\"https:\/\/i0.wp.com\/blogdalucianaoliveira.com.br\/blog\/wp-content\/uploads\/2019\/09\/F2D7A0AE-C517-4B1E-AA21-4C42EF04B05C.jpeg?resize=314%2C240\" alt=\"F2D7A0AE-C517-4B1E-AA21-4C42EF04B05C\" width=\"314\" height=\"240\" class=\"alignnone size-full wp-image-23702\" srcset=\"https:\/\/i0.wp.com\/blogdalucianaoliveira.com.br\/blog\/wp-content\/uploads\/2019\/09\/F2D7A0AE-C517-4B1E-AA21-4C42EF04B05C.jpeg?w=314 314w, https:\/\/i0.wp.com\/blogdalucianaoliveira.com.br\/blog\/wp-content\/uploads\/2019\/09\/F2D7A0AE-C517-4B1E-AA21-4C42EF04B05C.jpeg?resize=300%2C229 300w\" sizes=\"auto, (max-width: 314px) 100vw, 314px\" \/><\/p>\n<p>Um vigilante se aproxima de mim e do jornalista da Reuters para dizer que n\u00e3o podemos mostrar imagens do Hospital Infantil Cosme e Dami\u00e3o, em Porto Velho.<\/p>\n<p>Digo que tudo bem, que n\u00e3o viemos filmar ou fotografar, mas apenas ouvir os pacientes que lotam a recep\u00e7\u00e3o em busca de atendimento para doen\u00e7as respirat\u00f3rias. A fuma\u00e7a das queimadas adoeceu muitas crian\u00e7as. <\/p>\n<p>Ele insiste que pelo regulamento interno n\u00e3o podemos nem ficar na recep\u00e7\u00e3o e muito menos conversar com quem aguarda atendimento. <\/p>\n<p>Ok, pedimos e algumas m\u00e3es  v\u00e3o conversar conosco do lado de fora. <\/p>\n<p>O trabalho da imprensa tem sido assim, dificultado por raz\u00f5es injustific\u00e1veis. <\/p>\n<p>O que precisam entender \u00e9 que a not\u00edcia nasce com ou sem ajuda e se propaga mais limpa, s\u00f3 com a voz do povo. <\/p>\n<p>Por isso, muitos jornalistas est\u00e3o deixando dados oficiais pra tr\u00e1s. <\/p>\n<p>Simplesmente, porque n\u00e3o d\u00e1 pra confiar em informa\u00e7\u00f5es que s\u00e3o liberadas quando querem e como querem.<\/p>\n","protected":false},"excerpt":{"rendered":"<p>Um vigilante se aproxima de mim e do jornalista da Reuters para dizer que n\u00e3o podemos mostrar imagens do Hospital Infantil Cosme e Dami\u00e3o, em Porto Velho. Digo que tudo bem, que n\u00e3o viemos filmar ou fotografar, mas apenas ouvir os pacientes que lotam a recep\u00e7\u00e3o em busca de atendimento para doen\u00e7as respirat\u00f3rias. A fuma\u00e7a&#8230;<a class=\"more-link\" href=\"http:\/\/blogdalucianaoliveira.com.br\/blog\/2019\/09\/01\/o-calar-de-uns-impoe-dever-de-falar-a-outros\/\">Continue a leitura <span class=\"meta-nav\">&raquo;<\/span><\/a><\/p>\n","protected":false},"author":1,"featured_media":0,"comment_status":"closed","ping_status":"open","sticky":false,"template":"","format":"standard","meta":{"_exactmetrics_skip_tracking":false,"_exactmetrics_sitenote_active":false,"_exactmetrics_sitenote_note":"","_exactmetrics_sitenote_category":0,"jetpack_post_was_ever_published":false,"_jetpack_newsletter_access":"","_jetpack_dont_email_post_to_subs":false,"_jetpack_newsletter_tier_id":0,"_jetpack_memberships_contains_paywalled_content":false,"_jetpack_memberships_contains_paid_content":false,"footnotes":"","jetpack_publicize_message":"","jetpack_publicize_feature_enabled":true,"jetpack_social_post_already_shared":true,"jetpack_social_options":{"image_generator_settings":{"template":"highway","enabled":false},"version":2}},"categories":[1],"tags":[],"class_list":["post-23701","post","type-post","status-publish","format-standard","hentry","category-notas"],"jetpack_publicize_connections":[],"jetpack_sharing_enabled":true,"jetpack_featured_media_url":"","jetpack_shortlink":"https:\/\/wp.me\/p7wKYW-6ah","jetpack-related-posts":[],"_links":{"self":[{"href":"http:\/\/blogdalucianaoliveira.com.br\/blog\/wp-json\/wp\/v2\/posts\/23701","targetHints":{"allow":["GET"]}}],"collection":[{"href":"http:\/\/blogdalucianaoliveira.com.br\/blog\/wp-json\/wp\/v2\/posts"}],"about":[{"href":"http:\/\/blogdalucianaoliveira.com.br\/blog\/wp-json\/wp\/v2\/types\/post"}],"author":[{"embeddable":true,"href":"http:\/\/blogdalucianaoliveira.com.br\/blog\/wp-json\/wp\/v2\/users\/1"}],"replies":[{"embeddable":true,"href":"http:\/\/blogdalucianaoliveira.com.br\/blog\/wp-json\/wp\/v2\/comments?post=23701"}],"version-history":[{"count":3,"href":"http:\/\/blogdalucianaoliveira.com.br\/blog\/wp-json\/wp\/v2\/posts\/23701\/revisions"}],"predecessor-version":[{"id":23705,"href":"http:\/\/blogdalucianaoliveira.com.br\/blog\/wp-json\/wp\/v2\/posts\/23701\/revisions\/23705"}],"wp:attachment":[{"href":"http:\/\/blogdalucianaoliveira.com.br\/blog\/wp-json\/wp\/v2\/media?parent=23701"}],"wp:term":[{"taxonomy":"category","embeddable":true,"href":"http:\/\/blogdalucianaoliveira.com.br\/blog\/wp-json\/wp\/v2\/categories?post=23701"},{"taxonomy":"post_tag","embeddable":true,"href":"http:\/\/blogdalucianaoliveira.com.br\/blog\/wp-json\/wp\/v2\/tags?post=23701"}],"curies":[{"name":"wp","href":"https:\/\/api.w.org\/{rel}","templated":true}]}}