{"id":23711,"date":"2019-09-02T09:26:57","date_gmt":"2019-09-02T13:26:57","guid":{"rendered":"http:\/\/blogdalucianaoliveira.com.br\/blog\/?p=23711"},"modified":"2019-09-02T09:28:58","modified_gmt":"2019-09-02T13:28:58","slug":"reprovacao-de-bolsonaro-cresce-para-38-em-meio-a-crises-mostra-datafolha","status":"publish","type":"post","link":"http:\/\/blogdalucianaoliveira.com.br\/blog\/2019\/09\/02\/reprovacao-de-bolsonaro-cresce-para-38-em-meio-a-crises-mostra-datafolha\/","title":{"rendered":"Reprova\u00e7\u00e3o de Bolsonaro cresce para 38% em meio a crises, mostra Datafolha"},"content":{"rendered":"<p><img data-recalc-dims=\"1\" loading=\"lazy\" decoding=\"async\" data-attachment-id=\"23712\" data-permalink=\"http:\/\/blogdalucianaoliveira.com.br\/blog\/2019\/09\/02\/reprovacao-de-bolsonaro-cresce-para-38-em-meio-a-crises-mostra-datafolha\/acf6a385-d63a-4e56-8abe-81c14ca8c58a\/\" data-orig-file=\"https:\/\/i0.wp.com\/blogdalucianaoliveira.com.br\/blog\/wp-content\/uploads\/2019\/09\/ACF6A385-D63A-4E56-8ABE-81C14CA8C58A.jpeg?fit=750%2C445\" data-orig-size=\"750,445\" data-comments-opened=\"0\" data-image-meta=\"{&quot;aperture&quot;:&quot;0&quot;,&quot;credit&quot;:&quot;&quot;,&quot;camera&quot;:&quot;&quot;,&quot;caption&quot;:&quot;&quot;,&quot;created_timestamp&quot;:&quot;0&quot;,&quot;copyright&quot;:&quot;&quot;,&quot;focal_length&quot;:&quot;0&quot;,&quot;iso&quot;:&quot;0&quot;,&quot;shutter_speed&quot;:&quot;0&quot;,&quot;title&quot;:&quot;&quot;,&quot;orientation&quot;:&quot;0&quot;}\" data-image-title=\"ACF6A385-D63A-4E56-8ABE-81C14CA8C58A\" data-image-description=\"\" data-image-caption=\"\" data-medium-file=\"https:\/\/i0.wp.com\/blogdalucianaoliveira.com.br\/blog\/wp-content\/uploads\/2019\/09\/ACF6A385-D63A-4E56-8ABE-81C14CA8C58A.jpeg?fit=300%2C178\" data-large-file=\"https:\/\/i0.wp.com\/blogdalucianaoliveira.com.br\/blog\/wp-content\/uploads\/2019\/09\/ACF6A385-D63A-4E56-8ABE-81C14CA8C58A.jpeg?fit=600%2C356\" class=\"alignnone size-full wp-image-23712\" src=\"https:\/\/i0.wp.com\/blogdalucianaoliveira.com.br\/blog\/wp-content\/uploads\/2019\/09\/ACF6A385-D63A-4E56-8ABE-81C14CA8C58A.jpeg?resize=600%2C356\" alt=\"ACF6A385-D63A-4E56-8ABE-81C14CA8C58A\" width=\"600\" height=\"356\" srcset=\"https:\/\/i0.wp.com\/blogdalucianaoliveira.com.br\/blog\/wp-content\/uploads\/2019\/09\/ACF6A385-D63A-4E56-8ABE-81C14CA8C58A.jpeg?w=750 750w, https:\/\/i0.wp.com\/blogdalucianaoliveira.com.br\/blog\/wp-content\/uploads\/2019\/09\/ACF6A385-D63A-4E56-8ABE-81C14CA8C58A.jpeg?resize=300%2C178 300w, https:\/\/i0.wp.com\/blogdalucianaoliveira.com.br\/blog\/wp-content\/uploads\/2019\/09\/ACF6A385-D63A-4E56-8ABE-81C14CA8C58A.jpeg?resize=506%2C300 506w\" sizes=\"auto, (max-width: 600px) 100vw, 600px\" \/><\/p>\n<p>Percentual que avalia governo como ruim ou p\u00e9ssimo supera o daqueles que o considera \u00f3timo ou bom<!--more--><\/p>\n<p>Igor Gielow<br \/>\nFolha<\/p>\n<p>Pesquisa nacional feita pelo Datafolha aponta a eros\u00e3o da popularidade de Jair Bolsonaro (PSL) em pouco menos de dois meses.<\/p>\n<p>A reprova\u00e7\u00e3o do presidente subiu de 33% para 38% em rela\u00e7\u00e3o ao levantamento anterior do instituto, feito no in\u00edcio de julho, e diversos indicadores apontam uma deteriora\u00e7\u00e3o de sua imagem. Foram ouvidas 2.878 pessoas com mais de 16 anos em 175 munic\u00edpios.<\/p>\n<p>A aprova\u00e7\u00e3o de Bolsonaro tamb\u00e9m caiu, dentro do limite da margem de erro de dois pontos percentuais para mais ou menos, de 33% em julho para 29% agora.<\/p>\n<p>A avalia\u00e7\u00e3o do governo como regular ficou est\u00e1vel, passando de 31% para 30%.<\/p>\n<p>Na pesquisa de julho e <a href=\"https:\/\/www1.folha.uol.com.br\/poder\/2019\/04\/apos-3-meses-bolsonaro-tem-a-pior-avaliacao-entre-presidentes-de-1o-mandato.shtml\">na anterior, de abril, <\/a>estava consolidado um cen\u00e1rio em que o pa\u00eds se dividia em <a href=\"https:\/\/www1.folha.uol.com.br\/poder\/2019\/08\/cerca-de-13-pensa-como-bolsonaro-em-temas-de-frases-agressivas-indicam-pesquisas.shtml\">tr\u00eas partes iguais<\/a>: quem achava Bolsonaro \u00f3timo ou bom, ruim ou p\u00e9ssimo e regular.<\/p>\n<p>De dois meses para c\u00e1, o presidente <a href=\"https:\/\/www1.folha.uol.com.br\/mercado\/2019\/08\/camara-aprova-em-segundo-turno-texto-base-da-reforma-da-previdencia.shtml\">viu aprovada na C\u00e2mara a reforma da Previd\u00eancia<\/a>, sua principal bandeira de governo. Ato cont\u00ednuo, <a href=\"https:\/\/www1.folha.uol.com.br\/poder\/2019\/07\/em-10-dias-declaracoes-de-bolsonaro-tem-preconceito-dados-falsos-e-sarcasmo-relembre.shtml\">iniciou uma escalada de radicaliza\u00e7\u00e3o<\/a>, acenando a seu eleitorado mais ideol\u00f3gico com uma sucess\u00e3o de pol\u00eamicas.<\/p>\n<p>Neste per\u00edodo, Bolsonaro sugeriu que o <a href=\"https:\/\/www1.folha.uol.com.br\/poder\/2019\/07\/se-presidente-da-oab-quiser-saber-como-pai-dele-desapareceu-na-ditadura-eu-conto-diz-bolsonaro.shtml\">pai do presidente da OAB (Ordem dos Advogados do Brasil) havia sido morto<\/a> por colegas de luta armada na ditadura,<a href=\"https:\/\/www1.folha.uol.com.br\/mundo\/2019\/07\/pretendo-beneficiar-um-filho-meu-sim-diz-bolsonaro-sobre-eduardo.shtml\"> indicou o filho Eduardo para a embaixada brasileira<\/a>em Washington e criticou governadores do Nordeste \u2014a quem tamb\u00e9m <a href=\"https:\/\/www1.folha.uol.com.br\/poder\/2019\/07\/termo-paraiba-usado-por-bolsonaro-reflete-preconceito-ao-nordeste-e-cabe-punicao.shtml\">chamou de &#8220;para\u00edbas&#8221;.<\/a><\/p>\n<p>O \u00faltimo item coincide com a regi\u00e3o em que mais disparou a rejei\u00e7\u00e3o a Bolsonaro. O Nordeste sempre foi uma fortaleza do voto antibolsonarista, mas seu \u00edndice de ruim e p\u00e9ssimo subiu de 41% para 52% na regi\u00e3o de julho para c\u00e1.<\/p>\n<p>O per\u00edodo viu o<a href=\"https:\/\/www1.folha.uol.com.br\/poder\/2019\/08\/bolsonaro-sobre-troca-na-pf-quem-manda-sou-eu-ou-vou-ser-um-presidente-banana.shtml\"> presidente bater de frente com o ministro Sergio Moro (Justi\u00e7a e Seguran\u00e7a P\u00fablica) <\/a>acerca de mudan\u00e7as na Pol\u00edcia Federal e extinguir o Coaf (\u00f3rg\u00e3o de investiga\u00e7\u00e3o financeira em atua\u00e7\u00e3o desde 1998), recriado de forma ainda incerta sob o Banco Central \u2014medidas lidas como tentativas de coibir investiga\u00e7\u00f5es sobre seu filho Fl\u00e1vio, senador pelo PSL-RJ.<\/p>\n<p>Tamb\u00e9m nesses dois meses explodiu a maior crise internacional do governo at\u00e9 aqui, sobre o desmatamento e as queimadas da Amaz\u00f4nia. Como a <strong>Folha<\/strong> mostrou no domingo (1\u00ba), h\u00e1 <a href=\"https:\/\/www1.folha.uol.com.br\/ambiente\/2019\/09\/para-75-e-legitimo-interesse-de-estrangeiros-na-amazonia.shtml\">grande rejei\u00e7\u00e3o \u00e0 condu\u00e7\u00e3o de Bolsonaro no quesito<\/a> (51% a consideram ruim ou p\u00e9ssima).<\/p>\n<p>Aqui, a crise teve <a href=\"https:\/\/www1.folha.uol.com.br\/ambiente\/2019\/08\/cientistas-dizem-que-apesar-de-esperada-demissao-de-diretor-do-inpe-e-chocante.shtml\">demiss\u00e3o do diretor do Inpe (Instituto Nacional de Pesquisas Espaciais) <\/a>por falta de concord\u00e2ncia do presidente com os n\u00fameros de desmate aferidos pelo \u00f3rg\u00e3o e <a href=\"https:\/\/www1.folha.uol.com.br\/mundo\/2019\/08\/bolsonaro-apaga-comentario-ofensivo-a-primeira-dama-francesa.shtml\">bate-boca internacional com o presidente franc\u00eas Emmanuel <\/a><a href=\"https:\/\/www1.folha.uol.com.br\/mundo\/2019\/08\/bolsonaro-apaga-comentario-ofensivo-a-primeira-dama-francesa.shtml\">Macron<\/a>.<\/p>\n<p>A perda de apoio de Bolsonaro tamb\u00e9m foi acentuada entre aqueles mais ricos, com renda mensal acima de 10 sal\u00e1rios m\u00ednimos. Neste segmento, a aprova\u00e7\u00e3o ao presidente caiu de 52% em julho para 37% agora \u2014bastante significativa, ainda que se mantenha acima da m\u00e9dia.<\/p>\n<p>A pior avalia\u00e7\u00e3o do mandat\u00e1rio \u00e9 entre os mais pobres, que ganham at\u00e9 dois sal\u00e1rios m\u00ednimos (22%), os mais jovens (16 a 24 anos, 24%) e com escolaridade baixa (s\u00f3 ensino fundamental, 26%).<\/p>\n<div>\n<div id=\"infographic-1\" class=\"widget-infographic js-widget-infographic\" data-url=\"https:\/\/arte.folha.uol.com.br\/poder\/2019\/09\/02\/cresce-reprovacao-do-governo-bolsonaro\/\" data-infographic-id=\"infographic-1\"><iframe loading=\"lazy\" src=\"https:\/\/arte.folha.uol.com.br\/poder\/2019\/09\/02\/cresce-reprovacao-do-governo-bolsonaro\/?initialWidth=1&amp;childId=infographic-1&amp;parentTitle=Reprova%C3%A7%C3%A3o%20de%20Bolsonaro%20cresce%20para%2038%25%20em%20meio%20a%20crises%2C%20mostra%20Datafolha%20-%2002%2F09%2F2019%20-%20Poder%20-%20Folha&amp;parentUrl=https%3A%2F%2Fwww1.folha.uol.com.br%2Fpoder%2F2019%2F09%2Freprovacao-de-bolsonaro-cresce-para-38-em-meio-a-crises-mostra-datafolha.shtml\" width=\"100%\" height=\"2800px\" frameborder=\"0\" marginheight=\"0\" scrolling=\"no\" data-mce-fragment=\"1\"><\/iframe><\/div>\n<\/div>\n<p>Voltando ao corte regional, a disparada de rejei\u00e7\u00e3o no Nordeste \u00e9 acompanhada tamb\u00e9m em \u00e1reas tradicionalmente bolsonaristas. A regi\u00e3o Sul, por exemplo, teve um aumento de 25% para 31% entre os que avaliam o governo como ruim ou p\u00e9ssimo.<\/p>\n<p>As mulheres seguem rejeitando mais o mandat\u00e1rio do que os homens: 43% delas o acham ruim ou p\u00e9ssimo, ante 34% dos homens.<\/p>\n<p>Com tudo isso, Bolsonaro segue sendo o <a href=\"https:\/\/www1.folha.uol.com.br\/poder\/2019\/08\/no-primeiro-semestre-sob-bolsonaro-44-indicadores-pioram-e-28-melhoram.shtml\">presidente eleito mais mal avaliado em um primeiro mandato<\/a>, considerando FHC, Lula e Dilma.<\/p>\n<p>H\u00e1 outros indicativos dos motivos do azedume da popula\u00e7\u00e3o com o presidente, cujo governo ganhou nota 5,1 dos entrevistados.<\/p>\n<p>Nada menos que 44% dos brasileiros<a href=\"https:\/\/www1.folha.uol.com.br\/poder\/2019\/07\/em-10-dias-declaracoes-de-bolsonaro-tem-preconceito-dados-falsos-e-sarcasmo-relembre.shtml\"> n\u00e3o confia na palavra do presidente<\/a>, enquanto 36% confiam eventualmente e 19%, sempre.<\/p>\n<p>O estilo presidencial, que o entorno de Bolsonaro tenta vender como aut\u00eantico e direto, n\u00e3o est\u00e1 lhe rendendo tamb\u00e9m boa avalia\u00e7\u00e3o.<\/p>\n<p>\u00c9 preponderante a percep\u00e7\u00e3o de que o presidente nunca se comporta conforme o cargo exige. Subiu de 25% para 32% o contingente que pensa assim \u2014em abril, eram 23%. J\u00e1 os que acham que Bolsonaro cumpre a liturgia do cargo ca\u00edram de 22% para 15%, ante 27% em abril.<\/p>\n<p>Ao mesmo tempo, cai a expectativa sobre o governo. Acreditavam em abril que Bolsonaro faria uma gest\u00e3o \u00f3tima ou boa \u00e0 frente 59%. Em julho, eram 51% e agora, 45%. Na m\u00e3o contr\u00e1ria, creem numa administra\u00e7\u00e3o ruim ou p\u00e9ssima 32% \u2014eram 24% em julho e 23%, em abril.<\/p>\n<p>J\u00e1 a opini\u00e3o sobre o que o presidente j\u00e1 fez pelo Brasil segue est\u00e1vel, negativamente: 62% creem que ele fez menos do que o esperado, 21% acham que ele correspondeu \u00e0s expectativas e 11%, que fez mais do que o previsto.<\/p>\n<p>Previsivelmente, quem votou em Bolsonaro no segundo turno de 2018 \u00e9 quem mais est\u00e1 satisfeito com o governo: 57% o acham \u00f3timo ou bom. Na via inversa, quem <a href=\"https:\/\/www1.folha.uol.com.br\/colunas\/monicabergamo\/2019\/08\/haddad-e-ciro-gomes-se-encontram-no-ceara-sob-gritos-de-lula-livre.shtml\">apoiou Fernando Haddad (PT)<\/a> o reprova mais: 69%.<\/p>\n<p>O corte partid\u00e1rio traz uma curiosidade: no momento em que o <a href=\"https:\/\/www1.folha.uol.com.br\/poder\/2019\/08\/doria-esta-morto-para-2022-e-agu-e-mais-supremavel-que-moro-diz-bolsonaro.shtml\">governador Jo\u00e3o Doria (PSDB-SP) vem assumindo um papel antagonista<\/a> ao antes aliado Bolsonaro, os entrevistados que se dizem tucanos aumentaram sua aprova\u00e7\u00e3o ao governo. Eram 35% em julho, s\u00e3o 42% agora.<\/p>\n<p>O aumento veio da desidrata\u00e7\u00e3o de quem o acha regular (48% para 31%), com consequente aumento tamb\u00e9m na rejei\u00e7\u00e3o, de 17% para 27%.<\/p>\n<p>O Datafolha tamb\u00e9m apresentou alguns assuntos para avaliar em quais \u00e1reas o governo vai melhor e pior.<br \/>\nPara 17%, a rela\u00e7\u00e3o com presidentes estrangeiros e com a popula\u00e7\u00e3o brasileira \u00e9 o destaque. J\u00e1 15% acham que \u00e9 o relacionamento com os ministros, 12%, com a imprensa e 10%, com o Congresso. Nove por cento acham que ele vai melhor nas declara\u00e7\u00f5es sobre o governo.<\/p>\n<p>J\u00e1 na avalia\u00e7\u00e3o negativa, 33% apontam a rela\u00e7\u00e3o com a popula\u00e7\u00e3o, 22%, com a imprensa e 13%, com presidentes de outros pa\u00edses. Depois v\u00eam as declara\u00e7\u00f5es sobre o governo (9%), di\u00e1logo com Congresso (6%) e ministros (4%).<\/p>\n","protected":false},"excerpt":{"rendered":"<p>Percentual que avalia governo como ruim ou p\u00e9ssimo supera o daqueles que o considera \u00f3timo ou bom<\/p>\n","protected":false},"author":1,"featured_media":0,"comment_status":"closed","ping_status":"open","sticky":false,"template":"","format":"standard","meta":{"_exactmetrics_skip_tracking":false,"_exactmetrics_sitenote_active":false,"_exactmetrics_sitenote_note":"","_exactmetrics_sitenote_category":0,"jetpack_post_was_ever_published":false,"_jetpack_newsletter_access":"","_jetpack_dont_email_post_to_subs":false,"_jetpack_newsletter_tier_id":0,"_jetpack_memberships_contains_paywalled_content":false,"_jetpack_memberships_contains_paid_content":false,"footnotes":"","jetpack_publicize_message":"","jetpack_publicize_feature_enabled":true,"jetpack_social_post_already_shared":true,"jetpack_social_options":{"image_generator_settings":{"template":"highway","enabled":false},"version":2}},"categories":[1],"tags":[],"class_list":["post-23711","post","type-post","status-publish","format-standard","hentry","category-notas"],"jetpack_publicize_connections":[],"jetpack_sharing_enabled":true,"jetpack_featured_media_url":"","jetpack_shortlink":"https:\/\/wp.me\/p7wKYW-6ar","jetpack-related-posts":[],"_links":{"self":[{"href":"http:\/\/blogdalucianaoliveira.com.br\/blog\/wp-json\/wp\/v2\/posts\/23711","targetHints":{"allow":["GET"]}}],"collection":[{"href":"http:\/\/blogdalucianaoliveira.com.br\/blog\/wp-json\/wp\/v2\/posts"}],"about":[{"href":"http:\/\/blogdalucianaoliveira.com.br\/blog\/wp-json\/wp\/v2\/types\/post"}],"author":[{"embeddable":true,"href":"http:\/\/blogdalucianaoliveira.com.br\/blog\/wp-json\/wp\/v2\/users\/1"}],"replies":[{"embeddable":true,"href":"http:\/\/blogdalucianaoliveira.com.br\/blog\/wp-json\/wp\/v2\/comments?post=23711"}],"version-history":[{"count":2,"href":"http:\/\/blogdalucianaoliveira.com.br\/blog\/wp-json\/wp\/v2\/posts\/23711\/revisions"}],"predecessor-version":[{"id":23714,"href":"http:\/\/blogdalucianaoliveira.com.br\/blog\/wp-json\/wp\/v2\/posts\/23711\/revisions\/23714"}],"wp:attachment":[{"href":"http:\/\/blogdalucianaoliveira.com.br\/blog\/wp-json\/wp\/v2\/media?parent=23711"}],"wp:term":[{"taxonomy":"category","embeddable":true,"href":"http:\/\/blogdalucianaoliveira.com.br\/blog\/wp-json\/wp\/v2\/categories?post=23711"},{"taxonomy":"post_tag","embeddable":true,"href":"http:\/\/blogdalucianaoliveira.com.br\/blog\/wp-json\/wp\/v2\/tags?post=23711"}],"curies":[{"name":"wp","href":"https:\/\/api.w.org\/{rel}","templated":true}]}}