{"id":2391,"date":"2016-07-15T15:13:28","date_gmt":"2016-07-15T19:13:28","guid":{"rendered":"http:\/\/blogdalucianaoliveira.com.br\/blog\/?p=2391"},"modified":"2016-07-15T15:13:28","modified_gmt":"2016-07-15T19:13:28","slug":"cai-mais-um-paladino-da-moralidade-que-apoiou-o-golpe-contra-a-democracia","status":"publish","type":"post","link":"http:\/\/blogdalucianaoliveira.com.br\/blog\/2016\/07\/15\/cai-mais-um-paladino-da-moralidade-que-apoiou-o-golpe-contra-a-democracia\/","title":{"rendered":"Cai mais um &#8216;paladino&#8217; da moralidade que apoiou o golpe contra a democracia"},"content":{"rendered":"<p><img data-recalc-dims=\"1\" loading=\"lazy\" decoding=\"async\" data-attachment-id=\"2392\" data-permalink=\"http:\/\/blogdalucianaoliveira.com.br\/blog\/2016\/07\/15\/cai-mais-um-paladino-da-moralidade-que-apoiou-o-golpe-contra-a-democracia\/image-545\/\" data-orig-file=\"https:\/\/i0.wp.com\/blogdalucianaoliveira.com.br\/blog\/wp-content\/uploads\/2016\/07\/image-95.jpeg?fit=750%2C468\" data-orig-size=\"750,468\" data-comments-opened=\"0\" data-image-meta=\"{&quot;aperture&quot;:&quot;0&quot;,&quot;credit&quot;:&quot;&quot;,&quot;camera&quot;:&quot;&quot;,&quot;caption&quot;:&quot;&quot;,&quot;created_timestamp&quot;:&quot;0&quot;,&quot;copyright&quot;:&quot;&quot;,&quot;focal_length&quot;:&quot;0&quot;,&quot;iso&quot;:&quot;0&quot;,&quot;shutter_speed&quot;:&quot;0&quot;,&quot;title&quot;:&quot;&quot;,&quot;orientation&quot;:&quot;0&quot;}\" data-image-title=\"image\" data-image-description=\"\" data-image-caption=\"\" data-medium-file=\"https:\/\/i0.wp.com\/blogdalucianaoliveira.com.br\/blog\/wp-content\/uploads\/2016\/07\/image-95.jpeg?fit=300%2C187\" data-large-file=\"https:\/\/i0.wp.com\/blogdalucianaoliveira.com.br\/blog\/wp-content\/uploads\/2016\/07\/image-95.jpeg?fit=600%2C374\" src=\"https:\/\/i0.wp.com\/blogdalucianaoliveira.com.br\/blog\/wp-content\/uploads\/2016\/07\/image-95.jpeg?resize=600%2C374\" alt=\"image\" width=\"600\" height=\"374\" class=\"alignnone size-full wp-image-2392\" srcset=\"https:\/\/i0.wp.com\/blogdalucianaoliveira.com.br\/blog\/wp-content\/uploads\/2016\/07\/image-95.jpeg?w=750 750w, https:\/\/i0.wp.com\/blogdalucianaoliveira.com.br\/blog\/wp-content\/uploads\/2016\/07\/image-95.jpeg?resize=300%2C187 300w, https:\/\/i0.wp.com\/blogdalucianaoliveira.com.br\/blog\/wp-content\/uploads\/2016\/07\/image-95.jpeg?resize=481%2C300 481w\" sizes=\"auto, (max-width: 600px) 100vw, 600px\" \/><\/p>\n<p>DELEGADO DA PF PRESO POR FRAUDE PROTESTOU CONTRA A CORRUP\u00c7\u00c3O<!--more--><\/p>\n<p>Um dos tr\u00eas delegados federais acusados de envolvimento em crimes contra a Previd\u00eancia Social presos ontem, Rodrigo Le\u00e3o, participou de manifesta\u00e7\u00e3o contra o governo Dilma Rousseff no dia 13 de mar\u00e7o e fez postagens em sua p\u00e1gina no Facebook contra a corrup\u00e7\u00e3o; acusados de envolvimento em crimes contra a Previd\u00eancia Social no \u00e2mbito da Opera\u00e7\u00e3o Invers\u00e3o, da Pol\u00edcia Federal, eles ser\u00e3o ouvidos nesta nesta sexta-feira 15.<\/p>\n<p>247 &#8211; Um dos tr\u00eas delegados federais acusados de envolvimento em crimes contra a Previd\u00eancia Social presos nesta quinta-feira 14, Rodrigo Le\u00e3o, participou de manifesta\u00e7\u00e3o contra o governo Dilma Rousseff no dia 13 de mar\u00e7o desse ano e fez postagens no Facebook contra a corrup\u00e7\u00e3o.<\/p>\n<p>Os outros delegados presos s\u00e3o o ex-chefe da Deleprev, Ulisses Francisco Vieira Mendes, atualmente aposentado, e Carlos Bastos Valb\u00e3o, da mesma unidade que Le\u00e3o. Ao todo, foram presas 13 pessoas na Opera\u00e7\u00e3o Invers\u00e3o, da Pol\u00edcia Federal.<\/p>\n<p>Leia mais sobre a investiga\u00e7\u00e3o na reportagem:<\/p>\n<p>http:\/\/istoe.com.br\/delegados-da-pf-criaram-balcao-de-negocios-diz-procuradoria\/<\/p>\n","protected":false},"excerpt":{"rendered":"<p>DELEGADO DA PF PRESO POR FRAUDE PROTESTOU CONTRA A CORRUP\u00c7\u00c3O<\/p>\n","protected":false},"author":1,"featured_media":0,"comment_status":"closed","ping_status":"open","sticky":false,"template":"","format":"standard","meta":{"_exactmetrics_skip_tracking":false,"_exactmetrics_sitenote_active":false,"_exactmetrics_sitenote_note":"","_exactmetrics_sitenote_category":0,"jetpack_post_was_ever_published":false,"_jetpack_newsletter_access":"","_jetpack_dont_email_post_to_subs":false,"_jetpack_newsletter_tier_id":0,"_jetpack_memberships_contains_paywalled_content":false,"_jetpack_memberships_contains_paid_content":false,"footnotes":"","jetpack_publicize_message":"","jetpack_publicize_feature_enabled":true,"jetpack_social_post_already_shared":true,"jetpack_social_options":{"image_generator_settings":{"template":"highway","enabled":false},"version":2}},"categories":[1],"tags":[],"class_list":["post-2391","post","type-post","status-publish","format-standard","hentry","category-notas"],"jetpack_publicize_connections":[],"jetpack_sharing_enabled":true,"jetpack_featured_media_url":"","jetpack_shortlink":"https:\/\/wp.me\/p7wKYW-Cz","jetpack-related-posts":[],"_links":{"self":[{"href":"http:\/\/blogdalucianaoliveira.com.br\/blog\/wp-json\/wp\/v2\/posts\/2391","targetHints":{"allow":["GET"]}}],"collection":[{"href":"http:\/\/blogdalucianaoliveira.com.br\/blog\/wp-json\/wp\/v2\/posts"}],"about":[{"href":"http:\/\/blogdalucianaoliveira.com.br\/blog\/wp-json\/wp\/v2\/types\/post"}],"author":[{"embeddable":true,"href":"http:\/\/blogdalucianaoliveira.com.br\/blog\/wp-json\/wp\/v2\/users\/1"}],"replies":[{"embeddable":true,"href":"http:\/\/blogdalucianaoliveira.com.br\/blog\/wp-json\/wp\/v2\/comments?post=2391"}],"version-history":[{"count":1,"href":"http:\/\/blogdalucianaoliveira.com.br\/blog\/wp-json\/wp\/v2\/posts\/2391\/revisions"}],"predecessor-version":[{"id":2393,"href":"http:\/\/blogdalucianaoliveira.com.br\/blog\/wp-json\/wp\/v2\/posts\/2391\/revisions\/2393"}],"wp:attachment":[{"href":"http:\/\/blogdalucianaoliveira.com.br\/blog\/wp-json\/wp\/v2\/media?parent=2391"}],"wp:term":[{"taxonomy":"category","embeddable":true,"href":"http:\/\/blogdalucianaoliveira.com.br\/blog\/wp-json\/wp\/v2\/categories?post=2391"},{"taxonomy":"post_tag","embeddable":true,"href":"http:\/\/blogdalucianaoliveira.com.br\/blog\/wp-json\/wp\/v2\/tags?post=2391"}],"curies":[{"name":"wp","href":"https:\/\/api.w.org\/{rel}","templated":true}]}}