{"id":23925,"date":"2019-09-16T08:13:37","date_gmt":"2019-09-16T12:13:37","guid":{"rendered":"http:\/\/blogdalucianaoliveira.com.br\/blog\/?p=23925"},"modified":"2019-09-16T08:13:37","modified_gmt":"2019-09-16T12:13:37","slug":"duo-burajiru-cd-tacuchian-e-a-viola","status":"publish","type":"post","link":"http:\/\/blogdalucianaoliveira.com.br\/blog\/2019\/09\/16\/duo-burajiru-cd-tacuchian-e-a-viola\/","title":{"rendered":"Duo Burajiru \u2013 CD \u201cTacuchian e a viola\u201d"},"content":{"rendered":"<p><img data-recalc-dims=\"1\" loading=\"lazy\" decoding=\"async\" data-attachment-id=\"23926\" data-permalink=\"http:\/\/blogdalucianaoliveira.com.br\/blog\/2019\/09\/16\/duo-burajiru-cd-tacuchian-e-a-viola\/83dce8a4-9d8f-4267-b3b2-acdac59a2f78\/\" data-orig-file=\"https:\/\/i0.wp.com\/blogdalucianaoliveira.com.br\/blog\/wp-content\/uploads\/2019\/09\/83DCE8A4-9D8F-4267-B3B2-ACDAC59A2F78.jpeg?fit=768%2C256\" data-orig-size=\"768,256\" data-comments-opened=\"0\" data-image-meta=\"{&quot;aperture&quot;:&quot;0&quot;,&quot;credit&quot;:&quot;&quot;,&quot;camera&quot;:&quot;&quot;,&quot;caption&quot;:&quot;&quot;,&quot;created_timestamp&quot;:&quot;0&quot;,&quot;copyright&quot;:&quot;&quot;,&quot;focal_length&quot;:&quot;0&quot;,&quot;iso&quot;:&quot;0&quot;,&quot;shutter_speed&quot;:&quot;0&quot;,&quot;title&quot;:&quot;&quot;,&quot;orientation&quot;:&quot;0&quot;}\" data-image-title=\"83DCE8A4-9D8F-4267-B3B2-ACDAC59A2F78\" data-image-description=\"\" data-image-caption=\"\" data-medium-file=\"https:\/\/i0.wp.com\/blogdalucianaoliveira.com.br\/blog\/wp-content\/uploads\/2019\/09\/83DCE8A4-9D8F-4267-B3B2-ACDAC59A2F78.jpeg?fit=300%2C100\" data-large-file=\"https:\/\/i0.wp.com\/blogdalucianaoliveira.com.br\/blog\/wp-content\/uploads\/2019\/09\/83DCE8A4-9D8F-4267-B3B2-ACDAC59A2F78.jpeg?fit=600%2C200\" class=\"alignnone size-full wp-image-23926\" src=\"https:\/\/i0.wp.com\/blogdalucianaoliveira.com.br\/blog\/wp-content\/uploads\/2019\/09\/83DCE8A4-9D8F-4267-B3B2-ACDAC59A2F78.jpeg?resize=600%2C200\" alt=\"83DCE8A4-9D8F-4267-B3B2-ACDAC59A2F78\" width=\"600\" height=\"200\" srcset=\"https:\/\/i0.wp.com\/blogdalucianaoliveira.com.br\/blog\/wp-content\/uploads\/2019\/09\/83DCE8A4-9D8F-4267-B3B2-ACDAC59A2F78.jpeg?w=768 768w, https:\/\/i0.wp.com\/blogdalucianaoliveira.com.br\/blog\/wp-content\/uploads\/2019\/09\/83DCE8A4-9D8F-4267-B3B2-ACDAC59A2F78.jpeg?resize=300%2C100 300w\" sizes=\"auto, (max-width: 600px) 100vw, 600px\" \/><\/p>\n<p>No ano em que se comemora seus 80 anos, regente e compositor Ricardo Tacuchian tem toda sua obra escrita para viola gravada pelo Duo Burajiru.<!--more--><\/p>\n<p>O ano comemorativo dos 80 anos do compositor e regente<strong> Ricardo Tacuchian<\/strong> reserva ainda outros grandes feitos \u2013 em julho, sua \u201cSinfonia das Florestas\u201d teve estreia brasileira (Rio e Niter\u00f3i) pela OSN, e, em agosto, v\u00e1rias de suas pe\u00e7as foram executadas pela Banda Sinf\u00f4nica Paulista, em S\u00e3o Paulo.<\/p>\n<p>Gravado na A Casa Est\u00fadio, com lan\u00e7amento da pr\u00f3prio A Casa Discos (e distribui\u00e7\u00e3o nacional Tratore), o CD \u201c<em><strong>Tacuchian e a Viola<\/strong><\/em>\u201d abrilhanta a produ\u00e7\u00e3o erudita brasileira, reunindo toda a obra do compositor\u00a0 para a viola. O desafio de gravar um baluarte da composi\u00e7\u00e3o brasileira s\u00f3 poderia ser alcan\u00e7ado por m\u00fasicos de elevada compet\u00eancia e renome internacional. Assim, coube ao <strong>Duo Burajiru<\/strong> \u2013 formado pelo violista <strong>Fernando Thebaldi<\/strong> e pela pianista japonesa <strong>Yuka Shimizu<\/strong> \u2013 a conclus\u00e3o magistral dessa fa\u00e7anha.<\/p>\n<p>Abrindo o CD, <strong>\u201cToccata para Viola e Piano\u201d<\/strong> foi escrita por solicita\u00e7\u00e3o do violista Juan Sarudiansky a quem a obra foi dedicada, tendo feito sua estreia, em 1985, no Rio de Janeiro, com Elza Gushikem ao piano. De forma tern\u00e1ria, suas partes extremas (Allegro) exploram a virtuosidade da viola, com uma pulsa\u00e7\u00e3o em estilo de moto continuo.\u00a0A curiosidade, nesta grava\u00e7\u00e3o, \u00e9 que Sarudiansky, na ocasi\u00e3o da estreia da obra, era o Professor de Viola do ent\u00e3o estudante Fernando Thebaldi que esteve presente na audi\u00e7\u00e3o de seu mestre.<\/p>\n<p>Composta em 2004, <strong>\u201cXilogravura\u201d <\/strong>foi criada por encomenda do violista S\u00e1vio Santoro e escrita sobre o Sistema-T, uma ferramenta de controle das alturas, criada pelo compositor nos fins da d\u00e9cada de 1980. A estreia da obra foi feita pelo pr\u00f3prio violista com a pianista Tamara Ujakova, no ano seguinte de sua cria\u00e7\u00e3o, no Rio de Janeiro. Segundo Tacuchian, \u201c<em>os cortes fortes gravados na madeira bruta s\u00e3o traduzidos musicalmente pelo impulso r\u00edtmico que predomina nesta pe\u00e7a<\/em>\u201d e complementa: \u201c<em>as altern\u00e2ncias entre o moto continuo e as passagens l\u00edricas e reflexivas simbolizam a diversidade de imagens que os gravadores conseguem em suas xilogravuras com v\u00e1rios matizes emocionais\u201d.<\/em><\/p>\n<p>Em tr\u00eas movimentos, <strong>\u201cTrio das \u00c1guas\u201d<\/strong> foi composta em 2012, tamb\u00e9m baseada no Sistema-T, e dedicado ao Terra Brasilis Trio (Andr\u00e9 Zocca, clarineta; Valdeci Merquiori, viola; Ana Carolina Sacco, piano) que fez a premi\u00e8re em Vinhedo, SP, no ano seguinte \u00e0 sua composi\u00e7\u00e3o. Aqui, a obra de Tacuchian ganha o registro pelo prestigiado clarinetista <strong>Cristiano Alves.<\/strong><\/p>\n<p>De 2015,<strong> \u201cTomilho\u201d,<\/strong>\u00a0dedicada a Fernando Thebaldi \u2013 que fez sua premi\u00e8re, no Rio de Janeiro, em 2017 \u2013 faz parte da S\u00e9rie Especiarias, pe\u00e7as para instrumentos solo, sem acompanhamento, constru\u00eddas sobre o Sistema-T. Cada pe\u00e7a tem o nome de um tempero e \u00e9 dedicada a um instrumentista amigo do compositor. As pe\u00e7as desta S\u00e9rie foram escritas para os instrumentos da Orquestra, al\u00e9m de outros como o viol\u00e3o, o cravo e o cavaquinho.<\/p>\n<p>Sua obra mais recente, \u201c<strong>Cinco Miniaturas para Viola e Piano\u201d<\/strong>, de 2018,\u00a0foram escritas especialmente para o Duo Burajiru, depois do sucesso obtido em sua estreia em Rotterdam e sua carreira seguinte, dedicada principalmente \u00e0 M\u00fasica do Brasil. O compositor optou por escrever cinco pequenas pe\u00e7as monotem\u00e1ticas, com car\u00e1ter contrastante entre si.<\/p>\n<p>&nbsp;<\/p>\n<figure id=\"attachment_59245\" class=\"wp-caption aligncenter\"><img data-recalc-dims=\"1\" loading=\"lazy\" decoding=\"async\" class=\"size-full wp-image-59245 jetpack-lazy-image jetpack-lazy-image--handled\" src=\"https:\/\/i0.wp.com\/www.movimento.com\/wp-content\/uploads\/2019\/09\/4-capa-cd.jpg-600.jpg?resize=600%2C559&#038;ssl=1\" sizes=\"auto, (max-width: 600px) 100vw, 600px\" srcset=\"https:\/\/www.movimento.com\/wp-content\/uploads\/2019\/09\/4-capa-cd.jpg-600.jpg 600w, https:\/\/www.movimento.com\/wp-content\/uploads\/2019\/09\/4-capa-cd.jpg-600-268x250.jpg 268w, https:\/\/www.movimento.com\/wp-content\/uploads\/2019\/09\/4-capa-cd.jpg-600-215x200.jpg 215w\" alt=\"\" width=\"600\" height=\"559\" data-attachment-id=\"59245\" data-permalink=\"https:\/\/www.movimento.com\/2019\/09\/duo-burajiru-cd-tacuchian-e-a-viola\/4-capa-cd-jpg-600\/\" data-orig-file=\"https:\/\/www.movimento.com\/wp-content\/uploads\/2019\/09\/4-capa-cd.jpg-600.jpg\" data-orig-size=\"600,559\" data-comments-opened=\"0\" data-image-meta=\"{&quot;aperture&quot;:&quot;0&quot;,&quot;credit&quot;:&quot;&quot;,&quot;camera&quot;:&quot;&quot;,&quot;caption&quot;:&quot;&quot;,&quot;created_timestamp&quot;:&quot;0&quot;,&quot;copyright&quot;:&quot;&quot;,&quot;focal_length&quot;:&quot;0&quot;,&quot;iso&quot;:&quot;0&quot;,&quot;shutter_speed&quot;:&quot;0&quot;,&quot;title&quot;:&quot;&quot;,&quot;orientation&quot;:&quot;0&quot;}\" data-image-title=\"4-CAPA-CD.jpg-600\" data-image-description=\"\" data-medium-file=\"https:\/\/www.movimento.com\/wp-content\/uploads\/2019\/09\/4-capa-cd.jpg-600-215x200.jpg\" data-large-file=\"https:\/\/www.movimento.com\/wp-content\/uploads\/2019\/09\/4-capa-cd.jpg-600.jpg\" data-lazy-loaded=\"1\" \/><figcaption id=\"caption-attachment-59245\" class=\"wp-caption-text\">Capa do CD<\/figcaption><\/figure>\n<p><strong>\u00a0<\/strong><\/p>\n<p><strong>Duo Burajiru<\/strong><\/p>\n<p>Formado por Fernando Thebaldi (viola) e Yuka Shimizu (piano), o duo realizou, em abril de 2016, na cidade de Rotterdam, um concerto no renomado Conservat\u00f3rio CODARTS, obtendo grande sucesso e levando ao p\u00fablico europeu uma mostra da m\u00fasica brasileira, para viola e piano. De volta ao Brasil, o Duo Burajiru continua na sua miss\u00e3o de execu\u00e7\u00e3o, registros, revis\u00e3o, reedi\u00e7\u00e3o, comissionamento de obras de compositores da m\u00fasica brasileira de concerto para viola e piano de \u00e9pocas e estilos musicais diversos, mas que em comum, falam sobre e para alma do povo brasileiro.<\/p>\n<p><strong>Fernando Thebaldi<\/strong>, Mestre pelos conservat\u00f3rios holandeses de Haia, Rotterdam e Brabants, desenvolve extensa atividade como camerista, pedagogo da viola e solista \u00e0 frente das orquestras Petrobras Sinf\u00f4nica, Sinf\u00f4nica Nacional da UFF, Ars Musica de Rotterdam e Orquesta Municipal de Asunci\u00f3n, no Paraguai. Na sua discografia destacam-se as obras completas para quarteto de cordas de Radam\u00e9s Gnattali e Ricardo Tacuchian e os dezessete quartetos de cordas de Villa-Lobos em DVD e Bluray.<\/p>\n<p>J\u00e1 a japonesa <strong>Yuka Shimizu<\/strong>, nascida na prov\u00edncia de Saitama, ingressou, em 1995, na Faculdade de M\u00fasica Kunitachi de T\u00f3quio. Sua paix\u00e3o pela m\u00fasica brasileira trouxe-a ao Brasil em 1997, estudando com Clara Sverner e Mordehay Simoni, e formando-se no Conservat\u00f3rio Brasileiro de M\u00fasica, em 2001, com a orienta\u00e7\u00e3o da Professora Maria Teresa Soares. Lan\u00e7ou dois CDs de piano solo: Ernesto Nazareth \u201cEmbalada pela brisa do Rio\u201d, e Piano Brasil, al\u00e9m de ter se apresentado como solista da Orquestra Sinf\u00f4nica Nacional-UFF, da Orquestra de Barra Mansa-RJ e da Orquestra Camerata de Sesi-ES.<\/p>\n<p><strong>\u00a0<\/strong><\/p>\n<p><strong>Ricardo Tacuchian<\/strong><\/p>\n<p>Graduado em Piano, Composi\u00e7\u00e3o e Reg\u00eancia pela UFRJ e Doutor em Composi\u00e7\u00e3o pela\u00a0<em>University of Southern California<\/em>, sua obra (com mais de 250 t\u00edtulos) j\u00e1 foi tocada no Brasil e em cerca de 150 cidades estrangeiras de 36 pa\u00edses da Europa, \u00c1sia e das Am\u00e9ricas.\u00a0 Com cerca de duas mil apresenta\u00e7\u00f5es de sua m\u00fasica ao vivo, seu nome \u00e9 verbete do\u00a0<em>Grove Music Dictionary II (2001), do Baker\u2019s Biographical Dictionary of Musicians.9th edition (2000) e do Die Musik in Geschichte und Gegenwart, MGG (2007),<\/em>\u00a0entre outras obras internacionais. Sua Discografia alcan\u00e7a cerca de 120 fonogramas em mais de 60 diferentes CDs, lan\u00e7ados no Brasil e no Exterior, al\u00e9m das antigas grava\u00e7\u00f5es em LP (vinil).<\/p>\n<p>Dentre as posi\u00e7\u00f5es que j\u00e1 exerceu destacam-se as de Professor Titular da UFRJ e da UniRio, Professor Visitante da <em>State University of New York at Albany<\/em>\u00a0e da Universidade Nova de Lisboa,\u00a0<em>Consejero del Centro de Estudios Brasile\u00f1os de la Universidad de Salamanca<\/em>, bolsista da Capes, CNPq,\u00a0<em>Other Minds, Appolon Stiftung, Fulbright Commission<\/em>\u00a0e da\u00a0<em>Rockefeller Foundation.<\/em><\/p>\n<p>Foi Regente Titular da Orquestra da UniRio e, em 1985, regeu, na Pra\u00e7a da Apoteose, Rio de Janeiro, o maior conjunto instrumental de toda a hist\u00f3ria da m\u00fasica brasileira: uma banda com dois mil instrumentistas. \u00c9 membro da Academia Brasileira de M\u00fasica e da Academia Brasileira de Arte.<\/p>\n<p>&nbsp;<\/p>\n<p><strong>CD \u201cTacuchian e a Viola\u201d (gravadora A Casa Discos \/ distribui\u00e7\u00e3o Tratore)<\/strong><\/p>\n","protected":false},"excerpt":{"rendered":"<p>No ano em que se comemora seus 80 anos, regente e compositor Ricardo Tacuchian tem toda sua obra escrita para viola gravada pelo Duo Burajiru.<\/p>\n","protected":false},"author":1,"featured_media":0,"comment_status":"closed","ping_status":"open","sticky":false,"template":"","format":"standard","meta":{"_exactmetrics_skip_tracking":false,"_exactmetrics_sitenote_active":false,"_exactmetrics_sitenote_note":"","_exactmetrics_sitenote_category":0,"jetpack_post_was_ever_published":false,"_jetpack_newsletter_access":"","_jetpack_dont_email_post_to_subs":false,"_jetpack_newsletter_tier_id":0,"_jetpack_memberships_contains_paywalled_content":false,"_jetpack_memberships_contains_paid_content":false,"footnotes":"","jetpack_publicize_message":"","jetpack_publicize_feature_enabled":true,"jetpack_social_post_already_shared":true,"jetpack_social_options":{"image_generator_settings":{"template":"highway","enabled":false},"version":2}},"categories":[1],"tags":[],"class_list":["post-23925","post","type-post","status-publish","format-standard","hentry","category-notas"],"jetpack_publicize_connections":[],"jetpack_sharing_enabled":true,"jetpack_featured_media_url":"","jetpack_shortlink":"https:\/\/wp.me\/p7wKYW-6dT","jetpack-related-posts":[],"_links":{"self":[{"href":"http:\/\/blogdalucianaoliveira.com.br\/blog\/wp-json\/wp\/v2\/posts\/23925","targetHints":{"allow":["GET"]}}],"collection":[{"href":"http:\/\/blogdalucianaoliveira.com.br\/blog\/wp-json\/wp\/v2\/posts"}],"about":[{"href":"http:\/\/blogdalucianaoliveira.com.br\/blog\/wp-json\/wp\/v2\/types\/post"}],"author":[{"embeddable":true,"href":"http:\/\/blogdalucianaoliveira.com.br\/blog\/wp-json\/wp\/v2\/users\/1"}],"replies":[{"embeddable":true,"href":"http:\/\/blogdalucianaoliveira.com.br\/blog\/wp-json\/wp\/v2\/comments?post=23925"}],"version-history":[{"count":1,"href":"http:\/\/blogdalucianaoliveira.com.br\/blog\/wp-json\/wp\/v2\/posts\/23925\/revisions"}],"predecessor-version":[{"id":23927,"href":"http:\/\/blogdalucianaoliveira.com.br\/blog\/wp-json\/wp\/v2\/posts\/23925\/revisions\/23927"}],"wp:attachment":[{"href":"http:\/\/blogdalucianaoliveira.com.br\/blog\/wp-json\/wp\/v2\/media?parent=23925"}],"wp:term":[{"taxonomy":"category","embeddable":true,"href":"http:\/\/blogdalucianaoliveira.com.br\/blog\/wp-json\/wp\/v2\/categories?post=23925"},{"taxonomy":"post_tag","embeddable":true,"href":"http:\/\/blogdalucianaoliveira.com.br\/blog\/wp-json\/wp\/v2\/tags?post=23925"}],"curies":[{"name":"wp","href":"https:\/\/api.w.org\/{rel}","templated":true}]}}