{"id":23930,"date":"2019-09-16T09:53:40","date_gmt":"2019-09-16T13:53:40","guid":{"rendered":"http:\/\/blogdalucianaoliveira.com.br\/blog\/?p=23930"},"modified":"2019-09-16T09:53:40","modified_gmt":"2019-09-16T13:53:40","slug":"nazif-expedito-jaqueline-e-silvia-cristina-assinam-a-favor-da-instalacao-da-cpi-da-lava-jato-mote-e-investigar-moro-e-dallagnol","status":"publish","type":"post","link":"http:\/\/blogdalucianaoliveira.com.br\/blog\/2019\/09\/16\/nazif-expedito-jaqueline-e-silvia-cristina-assinam-a-favor-da-instalacao-da-cpi-da-lava-jato-mote-e-investigar-moro-e-dallagnol\/","title":{"rendered":"Nazif, Expedito, Jaqueline e S\u00edlvia Cristina assinam a favor da instala\u00e7\u00e3o da CPI da Lava Jato; mote \u00e9 investigar Moro e Dallagnol"},"content":{"rendered":"<p><img data-recalc-dims=\"1\" loading=\"lazy\" decoding=\"async\" data-attachment-id=\"23933\" data-permalink=\"http:\/\/blogdalucianaoliveira.com.br\/blog\/2019\/09\/16\/nazif-expedito-jaqueline-e-silvia-cristina-assinam-a-favor-da-instalacao-da-cpi-da-lava-jato-mote-e-investigar-moro-e-dallagnol\/moro-7\/\" data-orig-file=\"https:\/\/i0.wp.com\/blogdalucianaoliveira.com.br\/blog\/wp-content\/uploads\/2019\/09\/MORO-1.jpeg?fit=960%2C640\" data-orig-size=\"960,640\" data-comments-opened=\"0\" data-image-meta=\"{&quot;aperture&quot;:&quot;0&quot;,&quot;credit&quot;:&quot;&quot;,&quot;camera&quot;:&quot;&quot;,&quot;caption&quot;:&quot;&quot;,&quot;created_timestamp&quot;:&quot;0&quot;,&quot;copyright&quot;:&quot;&quot;,&quot;focal_length&quot;:&quot;0&quot;,&quot;iso&quot;:&quot;0&quot;,&quot;shutter_speed&quot;:&quot;0&quot;,&quot;title&quot;:&quot;&quot;,&quot;orientation&quot;:&quot;0&quot;}\" data-image-title=\"MORO\" data-image-description=\"\" data-image-caption=\"\" data-medium-file=\"https:\/\/i0.wp.com\/blogdalucianaoliveira.com.br\/blog\/wp-content\/uploads\/2019\/09\/MORO-1.jpeg?fit=300%2C200\" data-large-file=\"https:\/\/i0.wp.com\/blogdalucianaoliveira.com.br\/blog\/wp-content\/uploads\/2019\/09\/MORO-1.jpeg?fit=600%2C400\" class=\"alignnone size-full wp-image-23933\" src=\"https:\/\/i0.wp.com\/blogdalucianaoliveira.com.br\/blog\/wp-content\/uploads\/2019\/09\/MORO-1.jpeg?resize=600%2C400\" alt=\"MORO\" width=\"600\" height=\"400\" srcset=\"https:\/\/i0.wp.com\/blogdalucianaoliveira.com.br\/blog\/wp-content\/uploads\/2019\/09\/MORO-1.jpeg?w=960 960w, https:\/\/i0.wp.com\/blogdalucianaoliveira.com.br\/blog\/wp-content\/uploads\/2019\/09\/MORO-1.jpeg?resize=300%2C200 300w, https:\/\/i0.wp.com\/blogdalucianaoliveira.com.br\/blog\/wp-content\/uploads\/2019\/09\/MORO-1.jpeg?resize=768%2C512 768w, https:\/\/i0.wp.com\/blogdalucianaoliveira.com.br\/blog\/wp-content\/uploads\/2019\/09\/MORO-1.jpeg?resize=450%2C300 450w\" sizes=\"auto, (max-width: 600px) 100vw, 600px\" \/><\/p>\n<p><em>O pedido foi apresentado por oito parlamentares de esquerda e j\u00e1 conta com assinaturas suficientes para a deflagra\u00e7\u00e3o da investiga\u00e7\u00e3o<\/em><br \/>\n<!--more--><\/p>\n<p><strong>POR ROND\u00d4NIA DIN\u00c2MICA<\/p>\n<p>Porto Velho, RO \u2013<\/strong> Quatro deputados federais de Rond\u00f4nia assinaram seus nomes no requerimento de cria\u00e7\u00e3o de Comiss\u00e3o Parlamentar de Inqu\u00e9rito (CPI) concebida por oito parlamentares de esquerda.<\/p>\n<p>Andr\u00e9 Figueiredo (PDT-CE), Alessandro Molon (PSB-RJ), Daniel Almeida (PCdoB-BA), Ivan Valente (PSOL-SP), Jandira Feghali (PCdoB-RJ), Orlando Silva (PCdoB-SP), Paulo Pimenta (PT-RS) e Tadeu Alencar (PSB-PE) colheram assinaturas suficientes a fim de criar a CPI da Lava Jato.<\/p>\n<p>Resumidamente, a ideia intentada pelo parlamento \u00e9 apurar supostas a\u00e7\u00f5es ilegais patrocinadas pelo ex-juiz S\u00e9rgio Moro, o procurador\u00a0Deltan Dallagnol e demais membros da for\u00e7a-tarefa da Lava Jato. Essas eventuais irregularidades foram denunciadas, de acordo com o grupo criados do requerimento, atrav\u00e9s do site\u00a0The Intercept Brasil.<\/p>\n<p><strong><a href=\"https:\/\/static.congressoemfoco.uol.com.br\/2019\/09\/RCP-5-de-2019-CPI-da-Lava-Jato.pdf\" target=\"_blank\"><span style=\"color: #0000cd;\"><u>Veja aqui<\/u><\/span><\/a><\/strong><span style=\"color: #0000cd;\"><strong> a \u00edntegra do pedido de CPI da Lava Jato<\/strong><\/span><\/p>\n<p>O m\u00ednimo para a instala\u00e7\u00e3o seriam 171 assinaturas; o grupo conseguiu quatro a mais.<\/p>\n<p>De Rond\u00f4nia assinaram: Dr. Mauro Nazif (PSB), S\u00edlvia Cristina (PDT), Jaqueline Cassol (PP) e Expedito Netto (PSD).<\/p>\n<p><strong><a href=\"https:\/\/static.congressoemfoco.uol.com.br\/2019\/09\/RelConfAssinaturas-RCP-5-2019.pdf\" target=\"_blank\"><span style=\"color: #0000cd;\"><u>Veja aqui<\/u><\/span><\/a><\/strong><span style=\"color: #0000cd;\"><strong> quem assinou a CPI da Lava Jato<\/strong><\/span><\/p>\n<p><strong>Confira a \u00edntegra da justificativa apresentada para a cria\u00e7\u00e3o da CPI<\/strong><\/p>\n<p><em>Justifica\u00e7\u00e3o<\/em><\/p>\n<p><em>O site Intercept Brasil publicou no domingo, 09\/06\/2019, uma s\u00e9rie de reportagens com base em supostas mensagens trocadas por meio de aplicativos de conversa por celular, entregues por uma fonte que pediu sigilo.<\/em><\/p>\n<p><em>As mensagens apontam para a colabora\u00e7\u00e3o entre o ent\u00e3o Juiz da 13\u00ba Vara Federal de Curitiba, Sergio Moro, e os Membros da Procuradoria da Rep\u00fablica no Paran\u00e1 e o ent\u00e3o Juiz Sergio Moro.<\/em><\/p>\n<p><em>As conversas, caso comprovadas, levantam suspeitas de que o atual Ministro da Justi\u00e7a e os Membros do Minist\u00e9rio P\u00fablico agiram com parcialidade, objetivo pr\u00e9-estabelecido e motiva\u00e7\u00e3o pol\u00edtica na investiga\u00e7\u00e3o de processos em Curitiba.<\/em><\/p>\n<p><em>As quest\u00f5es reveladas s\u00e3o de uma gravidade \u00edmpar. Se houve, de fato, comunh\u00e3o entre o Poder Judici\u00e1rio e Minist\u00e9rio P\u00fablico, constata-se viol\u00eancia contra o Estado Democr\u00e1tico de Direito e os princ\u00edpios constitucionais.<\/em><\/p>\n<p><em>Dentre os textos divulgados destacamos os seguintes: &#8211; mensagens que demonstram que o ent\u00e3o juiz da 13\u00aa Vara Federal de Curitiba, onde tramitam os processos da Lava Jato, chegou a se queixar de recursos que poderiam atrasar a execu\u00e7\u00e3o de pena de um acusado e fez sugest\u00f5es no cronograma de fases da opera\u00e7\u00e3o; &#8211; di\u00e1logos referentes \u00e0 divulga\u00e7\u00e3o, pelo ent\u00e3o Juiz Federal, de conversas telef\u00f4nicas interceptadas entre o expresidente Lula e a ent\u00e3o presidente Dilma Rousseff, quando a mesma decidiu indicar Lula para chefiar a Casa Civil, em mar\u00e7o de 2016;<\/em><\/p>\n<p><em>&#8211; textos atribu\u00eddos ao Procurador Dallagnol que mostram d\u00favidas sobre a solidez da den\u00fancia do expresidente Lula, no caso do tr\u00edplex, localizado no Guaruj\u00e1, 4 dias antes de a den\u00fancia ser oferecida ao ent\u00e3o juiz S\u00e9rgio Moro.<\/em><\/p>\n<p><em>&#8211; conversas que indicam que S\u00e9rgio Moro coordenou os trabalhos investigat\u00f3rios, articulado estrat\u00e9gias de divulga\u00e7\u00e3o para a m\u00eddia, orientando a\u00e7\u00f5es e sugerido altera\u00e7\u00e3o no cronograma das investiga\u00e7\u00f5es. A atua\u00e7\u00e3o da for\u00e7a-tarefa deve ser revestida de legalidade, t\u00e9cnica, impessoalidade e imparcialidade do juiz da causa. Os di\u00e1logos apresentados representam expresso confronto ao artigo 145 do Novo C\u00f3digo de Processo Civil, que assim disp\u00f5e: <\/em><\/p>\n<p><em>\u201cArt. 145<\/em><\/p>\n<p><em>H\u00e1 suspei\u00e7\u00e3o do juiz:<\/em><\/p>\n<p><em>I &#8211; amigo \u00edntimo ou inimigo de qualquer das partes ou de seus advogados;<\/em><\/p>\n<p><em>II &#8211; que receber presentes de pessoas que tiverem interesse na causa antes ou depois de iniciado o processo, que aconselhar alguma das partes acerca do objeto da causa ou que subministrar meios para atender \u00e0s despesas do lit\u00edgio;<\/em><\/p>\n<p><em>III &#8211; quando qualquer das partes for sua credora ou devedora, de seu c\u00f4njuge ou companheiro ou de parentes destes, em linha reta at\u00e9 o terceiro grau, inclusive;<\/em><\/p>\n<p><strong><em>IV &#8211; interessado no julgamento do processo em favor de qualquer das partes.\u201d (grifo nosso)<\/em><\/strong><\/p>\n<p><em>Dessa forma, mostra-se necess\u00e1ria apura\u00e7\u00e3o rigorosa dos fatos ora descritos, no sentido de investigar as supostas a\u00e7\u00f5es de irregularidade e de conduta extraprocessual dos procuradores citados e do ex-Juiz S\u00e9rgio Moro. Diante do exposto, encaminho o presente requerimento no sentido de que seja criada Comiss\u00e3o Parlamentar de Inqu\u00e9rito para investigar tema relevante e de interesse para a vida p\u00fablica e para a ordem constitucional, legal e social do Pa\u00eds. Sala das Sess\u00f5es, em de junho de 2019. <\/em><\/p>\n<p><em>Andr\u00e9 Figueiredo<br \/>\nDeputado Federal &#8211; PDT\/CE<\/em><\/p>\n<p><em>Jandira Feghali<br \/>\nDeputada Federal \u2013 PcdoB\/RJ<\/em><\/p>\n<p>Alessandro Molon<br \/>\nDeputado Federal \u2013 PSB\/RJ<\/p>\n<p><em>Orlando Silva<br \/>\nDeputado Federal &#8211; PcdoB\/SP<\/em><\/p>\n<p>Daniel Almeida<br \/>\nDeputado Federal \u2013 PcdoB\/BA<\/p>\n<p>Paulo Pimenta<br \/>\nDeputado Federal \u2013 PT\/RS<\/p>\n<p><em>Ivan Valente<br \/>\nDeputado Federal \u2013 Psol\/SP<\/em><\/p>\n<p>Tadeu Alencar<br \/>\nDeputado Federal \u2013 PSB\/PE<\/p>\n","protected":false},"excerpt":{"rendered":"<p>O pedido foi apresentado por oito parlamentares de esquerda e j\u00e1 conta com assinaturas suficientes para a deflagra\u00e7\u00e3o da investiga\u00e7\u00e3o<\/p>\n","protected":false},"author":1,"featured_media":23932,"comment_status":"closed","ping_status":"open","sticky":false,"template":"","format":"standard","meta":{"_exactmetrics_skip_tracking":false,"_exactmetrics_sitenote_active":false,"_exactmetrics_sitenote_note":"","_exactmetrics_sitenote_category":0,"jetpack_post_was_ever_published":false,"_jetpack_newsletter_access":"","_jetpack_dont_email_post_to_subs":false,"_jetpack_newsletter_tier_id":0,"_jetpack_memberships_contains_paywalled_content":false,"_jetpack_memberships_contains_paid_content":false,"footnotes":"","jetpack_publicize_message":"","jetpack_publicize_feature_enabled":true,"jetpack_social_post_already_shared":true,"jetpack_social_options":{"image_generator_settings":{"template":"highway","enabled":false},"version":2}},"categories":[1],"tags":[],"class_list":["post-23930","post","type-post","status-publish","format-standard","has-post-thumbnail","hentry","category-notas"],"jetpack_publicize_connections":[],"jetpack_sharing_enabled":true,"jetpack_featured_media_url":"https:\/\/i0.wp.com\/blogdalucianaoliveira.com.br\/blog\/wp-content\/uploads\/2019\/09\/MORO.jpeg?fit=960%2C640","jetpack_shortlink":"https:\/\/wp.me\/p7wKYW-6dY","jetpack-related-posts":[],"_links":{"self":[{"href":"http:\/\/blogdalucianaoliveira.com.br\/blog\/wp-json\/wp\/v2\/posts\/23930","targetHints":{"allow":["GET"]}}],"collection":[{"href":"http:\/\/blogdalucianaoliveira.com.br\/blog\/wp-json\/wp\/v2\/posts"}],"about":[{"href":"http:\/\/blogdalucianaoliveira.com.br\/blog\/wp-json\/wp\/v2\/types\/post"}],"author":[{"embeddable":true,"href":"http:\/\/blogdalucianaoliveira.com.br\/blog\/wp-json\/wp\/v2\/users\/1"}],"replies":[{"embeddable":true,"href":"http:\/\/blogdalucianaoliveira.com.br\/blog\/wp-json\/wp\/v2\/comments?post=23930"}],"version-history":[{"count":1,"href":"http:\/\/blogdalucianaoliveira.com.br\/blog\/wp-json\/wp\/v2\/posts\/23930\/revisions"}],"predecessor-version":[{"id":23934,"href":"http:\/\/blogdalucianaoliveira.com.br\/blog\/wp-json\/wp\/v2\/posts\/23930\/revisions\/23934"}],"wp:featuredmedia":[{"embeddable":true,"href":"http:\/\/blogdalucianaoliveira.com.br\/blog\/wp-json\/wp\/v2\/media\/23932"}],"wp:attachment":[{"href":"http:\/\/blogdalucianaoliveira.com.br\/blog\/wp-json\/wp\/v2\/media?parent=23930"}],"wp:term":[{"taxonomy":"category","embeddable":true,"href":"http:\/\/blogdalucianaoliveira.com.br\/blog\/wp-json\/wp\/v2\/categories?post=23930"},{"taxonomy":"post_tag","embeddable":true,"href":"http:\/\/blogdalucianaoliveira.com.br\/blog\/wp-json\/wp\/v2\/tags?post=23930"}],"curies":[{"name":"wp","href":"https:\/\/api.w.org\/{rel}","templated":true}]}}