{"id":23935,"date":"2019-09-16T13:29:32","date_gmt":"2019-09-16T17:29:32","guid":{"rendered":"http:\/\/blogdalucianaoliveira.com.br\/blog\/?p=23935"},"modified":"2019-09-16T13:29:32","modified_gmt":"2019-09-16T17:29:32","slug":"um-circo-de-horror-ruralista","status":"publish","type":"post","link":"http:\/\/blogdalucianaoliveira.com.br\/blog\/2019\/09\/16\/um-circo-de-horror-ruralista\/","title":{"rendered":"Um circo de horror ruralista"},"content":{"rendered":"<div class=\"fb-post\" data-href=\"https:\/\/www.facebook.com\/1322963204438419\/posts\/2421660214568707?sfns=mo\" data-width=\"552\"><\/div>\n<p>\u00c9 como defino a Audi\u00eancia p\u00fablica que discute regulariza\u00e7\u00e3o fundi\u00e1ria em Rond\u00f4nia, na Assembleia Legislativa de Rond\u00f4nia. <\/p>\n<p>O foco que d\u00e3o \u00e0 quest\u00e3o do conflito entre setor produtivo e meio ambiente \u00e9 propositadamente desfocado. <\/p>\n<p>Para n\u00e3o falar dos grandes que ocupam \u00e1reas imensas ilegalmente e destroem nossas matas, tudo, enfim, real\u00e7am o trabalho e dificuldades dos que legalmente produzem e enfrentam a burocracia para conseguir regularizar terras e obter financiamentos. <\/p>\n<p>Desfocam, para avan\u00e7ar o que chamam de novo ciclo de coloniza\u00e7\u00e3o. <\/p>\n<p>N\u00e3o est\u00e3o debatendo pol\u00edtica p\u00fablica para equilibrar desenvolvimento e prote\u00e7\u00e3o do meio ambiente. <\/p>\n<p>Na verdade, parecia um grande palanque eleitoreiro. A conversa era deles, para eles. <\/p>\n<p>\u00c9 como se ainda estivessem em campanha eleitoral. E de fato, est\u00e3o. <\/p>\n<p>Luiz Ant\u00f4nio Nabhan Garcia, secret\u00e1rio Especial de Assuntos Fundi\u00e1rios, do Minist\u00e9rio da Agricultura, estava l\u00e1. <\/p>\n<p>Garanto que ouviu mais choradeira e promessas que v\u00e3o esbarrar no controle jur\u00eddico. <\/p>\n<p>E, claro, confirmou ilusionismo nos discursos contra ONGs, \u00e1reas de conserva\u00e7\u00e3o e territ\u00f3rios ind\u00edgenas. <\/p>\n<p>\u00c9 fake uma Frente Parlamentar que n\u00e3o debate a regulariza\u00e7\u00e3o fundi\u00e1ria considerando o que h\u00e1 de mais grave entre o desenvolvimento e o meio ambiente. <\/p>\n<p>Como destemidos colonizadores, de novo, querem passar por cima de tudo que estiver no caminho deles, atrapalhando.<\/p>\n","protected":false},"excerpt":{"rendered":"<p>\u00c9 como defino a Audi\u00eancia p\u00fablica que discute regulariza\u00e7\u00e3o fundi\u00e1ria em Rond\u00f4nia, na Assembleia Legislativa de Rond\u00f4nia. O foco que d\u00e3o \u00e0 quest\u00e3o do conflito entre setor produtivo e meio ambiente \u00e9 propositadamente desfocado. Para n\u00e3o falar dos grandes que ocupam \u00e1reas imensas ilegalmente e destroem nossas matas, tudo, enfim, real\u00e7am o trabalho e dificuldades&#8230;<a class=\"more-link\" href=\"http:\/\/blogdalucianaoliveira.com.br\/blog\/2019\/09\/16\/um-circo-de-horror-ruralista\/\">Continue a leitura <span class=\"meta-nav\">&raquo;<\/span><\/a><\/p>\n","protected":false},"author":1,"featured_media":0,"comment_status":"closed","ping_status":"open","sticky":false,"template":"","format":"standard","meta":{"_exactmetrics_skip_tracking":false,"_exactmetrics_sitenote_active":false,"_exactmetrics_sitenote_note":"","_exactmetrics_sitenote_category":0,"jetpack_post_was_ever_published":false,"_jetpack_newsletter_access":"","_jetpack_dont_email_post_to_subs":false,"_jetpack_newsletter_tier_id":0,"_jetpack_memberships_contains_paywalled_content":false,"_jetpack_memberships_contains_paid_content":false,"footnotes":"","jetpack_publicize_message":"","jetpack_publicize_feature_enabled":true,"jetpack_social_post_already_shared":true,"jetpack_social_options":{"image_generator_settings":{"template":"highway","enabled":false},"version":2}},"categories":[1],"tags":[],"class_list":["post-23935","post","type-post","status-publish","format-standard","hentry","category-notas"],"jetpack_publicize_connections":[],"jetpack_sharing_enabled":true,"jetpack_featured_media_url":"","jetpack_shortlink":"https:\/\/wp.me\/p7wKYW-6e3","jetpack-related-posts":[],"_links":{"self":[{"href":"http:\/\/blogdalucianaoliveira.com.br\/blog\/wp-json\/wp\/v2\/posts\/23935","targetHints":{"allow":["GET"]}}],"collection":[{"href":"http:\/\/blogdalucianaoliveira.com.br\/blog\/wp-json\/wp\/v2\/posts"}],"about":[{"href":"http:\/\/blogdalucianaoliveira.com.br\/blog\/wp-json\/wp\/v2\/types\/post"}],"author":[{"embeddable":true,"href":"http:\/\/blogdalucianaoliveira.com.br\/blog\/wp-json\/wp\/v2\/users\/1"}],"replies":[{"embeddable":true,"href":"http:\/\/blogdalucianaoliveira.com.br\/blog\/wp-json\/wp\/v2\/comments?post=23935"}],"version-history":[{"count":1,"href":"http:\/\/blogdalucianaoliveira.com.br\/blog\/wp-json\/wp\/v2\/posts\/23935\/revisions"}],"predecessor-version":[{"id":23936,"href":"http:\/\/blogdalucianaoliveira.com.br\/blog\/wp-json\/wp\/v2\/posts\/23935\/revisions\/23936"}],"wp:attachment":[{"href":"http:\/\/blogdalucianaoliveira.com.br\/blog\/wp-json\/wp\/v2\/media?parent=23935"}],"wp:term":[{"taxonomy":"category","embeddable":true,"href":"http:\/\/blogdalucianaoliveira.com.br\/blog\/wp-json\/wp\/v2\/categories?post=23935"},{"taxonomy":"post_tag","embeddable":true,"href":"http:\/\/blogdalucianaoliveira.com.br\/blog\/wp-json\/wp\/v2\/tags?post=23935"}],"curies":[{"name":"wp","href":"https:\/\/api.w.org\/{rel}","templated":true}]}}