{"id":23937,"date":"2019-09-16T15:51:23","date_gmt":"2019-09-16T19:51:23","guid":{"rendered":"http:\/\/blogdalucianaoliveira.com.br\/blog\/?p=23937"},"modified":"2019-09-16T15:51:23","modified_gmt":"2019-09-16T19:51:23","slug":"tribunal-de-justica-de-rondonia-mantem-condenacao-de-trio-denuncista-da-unir-que-espalhou-mentiras-sobre-ex-reitora","status":"publish","type":"post","link":"http:\/\/blogdalucianaoliveira.com.br\/blog\/2019\/09\/16\/tribunal-de-justica-de-rondonia-mantem-condenacao-de-trio-denuncista-da-unir-que-espalhou-mentiras-sobre-ex-reitora\/","title":{"rendered":"Tribunal de Justi\u00e7a de Rond\u00f4nia mant\u00e9m condena\u00e7\u00e3o de trio denuncista da UNIR que espalhou mentiras sobre ex-reitora"},"content":{"rendered":"<p><img data-recalc-dims=\"1\" loading=\"lazy\" decoding=\"async\" data-attachment-id=\"23939\" data-permalink=\"http:\/\/blogdalucianaoliveira.com.br\/blog\/2019\/09\/16\/tribunal-de-justica-de-rondonia-mantem-condenacao-de-trio-denuncista-da-unir-que-espalhou-mentiras-sobre-ex-reitora\/bereniceeee\/\" data-orig-file=\"https:\/\/i0.wp.com\/blogdalucianaoliveira.com.br\/blog\/wp-content\/uploads\/2019\/09\/bereniceeee.jpg?fit=960%2C640\" data-orig-size=\"960,640\" data-comments-opened=\"0\" data-image-meta=\"{&quot;aperture&quot;:&quot;0&quot;,&quot;credit&quot;:&quot;&quot;,&quot;camera&quot;:&quot;&quot;,&quot;caption&quot;:&quot;&quot;,&quot;created_timestamp&quot;:&quot;0&quot;,&quot;copyright&quot;:&quot;&quot;,&quot;focal_length&quot;:&quot;0&quot;,&quot;iso&quot;:&quot;0&quot;,&quot;shutter_speed&quot;:&quot;0&quot;,&quot;title&quot;:&quot;&quot;,&quot;orientation&quot;:&quot;1&quot;}\" data-image-title=\"bereniceeee\" data-image-description=\"\" data-image-caption=\"\" data-medium-file=\"https:\/\/i0.wp.com\/blogdalucianaoliveira.com.br\/blog\/wp-content\/uploads\/2019\/09\/bereniceeee.jpg?fit=300%2C200\" data-large-file=\"https:\/\/i0.wp.com\/blogdalucianaoliveira.com.br\/blog\/wp-content\/uploads\/2019\/09\/bereniceeee.jpg?fit=600%2C400\" class=\"alignnone size-full wp-image-23939\" src=\"https:\/\/i0.wp.com\/blogdalucianaoliveira.com.br\/blog\/wp-content\/uploads\/2019\/09\/bereniceeee.jpg?resize=600%2C400\" alt=\"bereniceeee\" width=\"600\" height=\"400\" srcset=\"https:\/\/i0.wp.com\/blogdalucianaoliveira.com.br\/blog\/wp-content\/uploads\/2019\/09\/bereniceeee.jpg?w=960 960w, https:\/\/i0.wp.com\/blogdalucianaoliveira.com.br\/blog\/wp-content\/uploads\/2019\/09\/bereniceeee.jpg?resize=300%2C200 300w, https:\/\/i0.wp.com\/blogdalucianaoliveira.com.br\/blog\/wp-content\/uploads\/2019\/09\/bereniceeee.jpg?resize=768%2C512 768w, https:\/\/i0.wp.com\/blogdalucianaoliveira.com.br\/blog\/wp-content\/uploads\/2019\/09\/bereniceeee.jpg?resize=450%2C300 450w\" sizes=\"auto, (max-width: 600px) 100vw, 600px\" \/><\/p>\n<p><em>Na apela\u00e7\u00e3o, os ofensores esqueceram de solicitar a diminui\u00e7\u00e3o do valor indenizat\u00f3rio como pedido alternativo, e, por conta disso, os desembargadores mantiveram o patamar estipulado em primeiro grau<\/em><\/p>\n<p><!--more--><\/p>\n<p><strong>POR ROND\u00d4NIA DIN\u00c2MICA<\/p>\n<p>Porto Velho, RO \u2013<\/strong> A 2\u00aa C\u00e2mara C\u00edvel do Tribunal de Justi\u00e7a de Rond\u00f4nia (TJ\/RO) negou, \u00e0 unanimidade, provimento \u00e0 apela\u00e7\u00e3o do trio Fabr\u00edcio Moraes de Almeida, Izan Fabr\u00edcio Neves Calderaro e Pedro Di Tarique Barreto Crispim, todos sentenciados em primeiro grau por espalharem mentiras a respeito da ex-reitora da Universidade Federal de Rond\u00f4nia (UNIR) Maria Berenice Alho da Costa Tourinho.<\/p>\n<p>Em outubro de 2018, a 2\u00aa Vara C\u00edvel de Porto Velho os sentenciou a pagar R$ 30 mil em indeniza\u00e7\u00e3o por danos morais \u00e0 professora.<\/p>\n<p>Em suma, Berenice Tourinho foi \u00e0 Justi\u00e7a a fim de denunciar os tr\u00eas e obter, ao fim do processo, repara\u00e7\u00e3o por danos de ordem moral ressaltando a prolifera\u00e7\u00e3o de not\u00edcias falsas a seu respeito.<\/p>\n<p>A professora prometeu no in\u00edcio do processo que, se restasse vencedora ap\u00f3s o tr\u00e2nsito em julgado, doaria os valores obtidos tanto \u00e0 compra de livros quanto ao Hospital do Amor, institui\u00e7\u00e3o especializada em tratamento de c\u00e2ncer.<\/p>\n<p><strong>RELACIONADAS<br \/>\n<u><a href=\"https:\/\/rondoniadinamica.com\/arquivo\/ex-reitora-denuncia-calunia-e-diz-que-vai-doar-indenizacao-a-compra-de-livros-e-a-tratamento-de-cancer,15243.shtml\" target=\"_blank\"><span style=\"color: #0000cd;\">Ex-reitora denuncia cal\u00fania e diz que vai doar indeniza\u00e7\u00e3o \u00e0 compra de livros e a tratamento de c\u00e2ncer<\/span><\/a><\/u><\/strong><\/p>\n<p><u><strong><a href=\"https:\/\/www.rondoniadinamica.com\/arquivo\/trio-de-professores-e-condenado-a-pagar-r-30-mil-em-indenizacao-a-ex-reitora-da-unir-ela-prometeu-doar-o-valor,34116.shtml\" target=\"_blank\"><span style=\"color: #0000cd;\">Trio de professores \u00e9 condenado a pagar R$ 30 mil em indeniza\u00e7\u00e3o \u00e0 ex-reitora da UNIR; ela prometeu doar o valor<\/span><\/a><\/strong><\/u><\/p>\n<p><u><strong><a href=\"https:\/\/www.rondoniadinamica.com\/noticias\/2019\/05\/quarteto-denuncista-da-unir-perde-pela-3-vez-no-mpf-ao-insistir-sobre-mentiras-a-respeito-do-diploma-de-ex-reitora,48168.shtml\" target=\"_blank\"><span style=\"color: #0000cd;\">Denuncistas da UNIR perdem pela 3\u00aa vez no MPF ao insistir sobre mentiras a respeito do diploma de ex-reitora<\/span><\/a><\/strong><\/u><\/p>\n<p><strong>Alega\u00e7\u00f5es<\/strong><\/p>\n<p>Ela alegou que todos eles, de forma maldosa, irrespons\u00e1vel e desonrosa, a acusaram de falsificar a revalida\u00e7\u00e3o do diploma de Doutorado, obtido em Universidade estrangeira, perante a Universidade de Bras\u00edlia.<\/p>\n<p>Fabr\u00edcio Moraes de Almeida, Izan Fabr\u00edcio Neves Calderaro e Pedro Di Tarique Barreto Crispim protocolaram as representa\u00e7\u00f5es contra a professora Berenice Tourinho ante aos \u00f3rg\u00e3os p\u00fablicos respons\u00e1veis e, n\u00e3o satisfeitos, divulgaram a den\u00fancia falsa por WhatsApp e tamb\u00e9m por e-mail.<\/p>\n<p>Isto, sempre colocando em relevo que a ex-reitora participou ou se locupletou da inusitada falsidade da revalida\u00e7\u00e3o.<\/p>\n<p>Em segundo grau, o voto do relator da demanda sintetizou a compreens\u00e3o levada a termo pela 2\u00aa C\u00e2mara C\u00edvel acerca do imbr\u00f3glio:<\/p>\n<p>\u201cDesse modo, havendo a alega\u00e7\u00e3o de que os apelantes propagaram a not\u00edcia inver\u00eddica de que o diploma de doutorado da apelada seria falso, cabia a eles comprovar o contr\u00e1rio, por\u00e9m n\u00e3o o fizeram\u201d, salientou o desembargador Marcos Alaor Diniz Grangeia.<\/p>\n<p>Grangeia prossegue o racioc\u00ednio informando q2ue, como salientado na senten\u00e7a de primeiro grau, em sede de especifica\u00e7\u00e3o de provas, o trio limitou-se a juntar c\u00f3pia de den\u00fancias feitas na Pol\u00edcia Federal e Minist\u00e9rio P\u00fablico Federal.<\/p>\n<p>Acerca disso, comentou o relator:<\/p>\n<p>\u201cDe fato, a simples propositura das representa\u00e7\u00f5es administrativas n\u00e3o configura dano moral, porquanto \u00e9 a manifesta\u00e7\u00e3o de um direito fundamental constitucionalmente assegurado\u201d.<\/p>\n<p>Entretanto, asseverou:<\/p>\n<p>\u201cContudo, a divulga\u00e7\u00e3o da not\u00edcia de maneira distorcida, com insinua\u00e7\u00f5es de que a falsidade do diploma seria fato consumado, e n\u00e3o de que estaria sendo investigado, caracteriza abuso de direito, sobretudo porque a apelada demonstrou que as representa\u00e7\u00f5es n\u00e3o foram procedentes\u201d.<\/p>\n<p>Na vis\u00e3o do magistrado sobre o caso apreciado, a forma como foi divulgada a informa\u00e7\u00e3o possu\u00eda, nitidamente, \u201cnatureza caluniosa, com a inten\u00e7\u00e3o de macular a imagem e credibilidade da apelada [Berenice Tourinho], dada a seriedade da acusa\u00e7\u00e3o (falsidade de diploma) feita \u00e0 pessoa que exerceu o cargo de Reitora da Universidade Federal de Rond\u00f4nia. Assim, tenho que o dano moral resultou configurado e deve ser indenizado\u201d, norteou.<\/p>\n<p><strong>Mantido o valor<\/strong><\/p>\n<p>Na apela\u00e7\u00e3o, o grupo insurgente formado por Fabr\u00edcio Moraes de Almeida, Izan Fabr\u00edcio Neves Calderaro e Pedro Di Tarique Barreto Crispim esqueceu de apresentar pedido alternativo antecipando eventual decis\u00e3o desfavor\u00e1vel.<\/p>\n<p>Ou seja, contando com a absolvi\u00e7\u00e3o, ou melhor, com ac\u00f3rd\u00e3o favor\u00e1vel a fim de derrubar a decis\u00e3o de primeiro grau e afastar as alega\u00e7\u00f5es de Berenice, n\u00e3o houve solicita\u00e7\u00e3o para que, em caso de reafirma\u00e7\u00e3o da senten\u00e7a de piso, a 2\u00aa C\u00e2mara C\u00edvel ao menos reduzisse o valor aplicado em termos de indeniza\u00e7\u00e3o por dano moral.<\/p>\n<p>Por n\u00e3o haver pedido alternativo, o desembargador manteve o valor de R$ 30 mil como quantia indenizat\u00f3ria aplic\u00e1vel ao caso, embora o valor destoe \u201cdos par\u00e2metros adotados por esta C\u00e2mara para casos semelhantes\u201d.<\/p>\n<p>\u201cSobre o valor da indeniza\u00e7\u00e3o, embora a quantia arbitrada em primeiro grau (R$30.000,00) esteja dissonante dos par\u00e2metros adotados por esta C\u00e2mara para casos semelhantes, n\u00e3o h\u00e1 pedido alternativo no apelo para redu\u00e7\u00e3o do quantum, raz\u00e3o pela qual mantenho-o, sob pena de a altera\u00e7\u00e3o configurar reformatio in pejus \u00e0 apelada\u201d, concluiu o relator.<\/p>\n<p>&nbsp;<\/p>\n","protected":false},"excerpt":{"rendered":"<p>Na apela\u00e7\u00e3o, os ofensores esqueceram de solicitar a diminui\u00e7\u00e3o do valor indenizat\u00f3rio como pedido alternativo, e, por conta disso, os desembargadores mantiveram o patamar estipulado em primeiro grau<\/p>\n","protected":false},"author":1,"featured_media":23939,"comment_status":"closed","ping_status":"open","sticky":false,"template":"","format":"standard","meta":{"_exactmetrics_skip_tracking":false,"_exactmetrics_sitenote_active":false,"_exactmetrics_sitenote_note":"","_exactmetrics_sitenote_category":0,"jetpack_post_was_ever_published":false,"_jetpack_newsletter_access":"","_jetpack_dont_email_post_to_subs":false,"_jetpack_newsletter_tier_id":0,"_jetpack_memberships_contains_paywalled_content":false,"_jetpack_memberships_contains_paid_content":false,"footnotes":"","jetpack_publicize_message":"","jetpack_publicize_feature_enabled":true,"jetpack_social_post_already_shared":true,"jetpack_social_options":{"image_generator_settings":{"template":"highway","enabled":false},"version":2}},"categories":[1],"tags":[],"class_list":["post-23937","post","type-post","status-publish","format-standard","has-post-thumbnail","hentry","category-notas"],"jetpack_publicize_connections":[],"jetpack_sharing_enabled":true,"jetpack_featured_media_url":"https:\/\/i0.wp.com\/blogdalucianaoliveira.com.br\/blog\/wp-content\/uploads\/2019\/09\/bereniceeee.jpg?fit=960%2C640","jetpack_shortlink":"https:\/\/wp.me\/p7wKYW-6e5","jetpack-related-posts":[],"_links":{"self":[{"href":"http:\/\/blogdalucianaoliveira.com.br\/blog\/wp-json\/wp\/v2\/posts\/23937","targetHints":{"allow":["GET"]}}],"collection":[{"href":"http:\/\/blogdalucianaoliveira.com.br\/blog\/wp-json\/wp\/v2\/posts"}],"about":[{"href":"http:\/\/blogdalucianaoliveira.com.br\/blog\/wp-json\/wp\/v2\/types\/post"}],"author":[{"embeddable":true,"href":"http:\/\/blogdalucianaoliveira.com.br\/blog\/wp-json\/wp\/v2\/users\/1"}],"replies":[{"embeddable":true,"href":"http:\/\/blogdalucianaoliveira.com.br\/blog\/wp-json\/wp\/v2\/comments?post=23937"}],"version-history":[{"count":1,"href":"http:\/\/blogdalucianaoliveira.com.br\/blog\/wp-json\/wp\/v2\/posts\/23937\/revisions"}],"predecessor-version":[{"id":23940,"href":"http:\/\/blogdalucianaoliveira.com.br\/blog\/wp-json\/wp\/v2\/posts\/23937\/revisions\/23940"}],"wp:featuredmedia":[{"embeddable":true,"href":"http:\/\/blogdalucianaoliveira.com.br\/blog\/wp-json\/wp\/v2\/media\/23939"}],"wp:attachment":[{"href":"http:\/\/blogdalucianaoliveira.com.br\/blog\/wp-json\/wp\/v2\/media?parent=23937"}],"wp:term":[{"taxonomy":"category","embeddable":true,"href":"http:\/\/blogdalucianaoliveira.com.br\/blog\/wp-json\/wp\/v2\/categories?post=23937"},{"taxonomy":"post_tag","embeddable":true,"href":"http:\/\/blogdalucianaoliveira.com.br\/blog\/wp-json\/wp\/v2\/tags?post=23937"}],"curies":[{"name":"wp","href":"https:\/\/api.w.org\/{rel}","templated":true}]}}