{"id":23941,"date":"2019-09-17T07:42:12","date_gmt":"2019-09-17T11:42:12","guid":{"rendered":"http:\/\/blogdalucianaoliveira.com.br\/blog\/?p=23941"},"modified":"2019-09-17T07:42:12","modified_gmt":"2019-09-17T11:42:12","slug":"relatorio-denuncia-organizacoes-criminosas-violencia-e-impunidade-na-amazonia","status":"publish","type":"post","link":"http:\/\/blogdalucianaoliveira.com.br\/blog\/2019\/09\/17\/relatorio-denuncia-organizacoes-criminosas-violencia-e-impunidade-na-amazonia\/","title":{"rendered":"Relat\u00f3rio denuncia organiza\u00e7\u00f5es criminosas, viol\u00eancia e impunidade na Amaz\u00f4nia"},"content":{"rendered":"<p><img data-recalc-dims=\"1\" loading=\"lazy\" decoding=\"async\" data-attachment-id=\"23942\" data-permalink=\"http:\/\/blogdalucianaoliveira.com.br\/blog\/2019\/09\/17\/relatorio-denuncia-organizacoes-criminosas-violencia-e-impunidade-na-amazonia\/457b1e0c-43c7-4b4a-906b-1d42d5531eb7\/\" data-orig-file=\"https:\/\/i0.wp.com\/blogdalucianaoliveira.com.br\/blog\/wp-content\/uploads\/2019\/09\/457B1E0C-43C7-4B4A-906B-1D42D5531EB7.jpeg?fit=768%2C511\" data-orig-size=\"768,511\" data-comments-opened=\"0\" data-image-meta=\"{&quot;aperture&quot;:&quot;0&quot;,&quot;credit&quot;:&quot;&quot;,&quot;camera&quot;:&quot;&quot;,&quot;caption&quot;:&quot;&quot;,&quot;created_timestamp&quot;:&quot;0&quot;,&quot;copyright&quot;:&quot;&quot;,&quot;focal_length&quot;:&quot;0&quot;,&quot;iso&quot;:&quot;0&quot;,&quot;shutter_speed&quot;:&quot;0&quot;,&quot;title&quot;:&quot;&quot;,&quot;orientation&quot;:&quot;0&quot;}\" data-image-title=\"457B1E0C-43C7-4B4A-906B-1D42D5531EB7\" data-image-description=\"\" data-image-caption=\"\" data-medium-file=\"https:\/\/i0.wp.com\/blogdalucianaoliveira.com.br\/blog\/wp-content\/uploads\/2019\/09\/457B1E0C-43C7-4B4A-906B-1D42D5531EB7.jpeg?fit=300%2C200\" data-large-file=\"https:\/\/i0.wp.com\/blogdalucianaoliveira.com.br\/blog\/wp-content\/uploads\/2019\/09\/457B1E0C-43C7-4B4A-906B-1D42D5531EB7.jpeg?fit=600%2C399\" src=\"https:\/\/i0.wp.com\/blogdalucianaoliveira.com.br\/blog\/wp-content\/uploads\/2019\/09\/457B1E0C-43C7-4B4A-906B-1D42D5531EB7.jpeg?resize=600%2C399\" alt=\"457B1E0C-43C7-4B4A-906B-1D42D5531EB7\" width=\"600\" height=\"399\" class=\"alignnone size-full wp-image-23942\" srcset=\"https:\/\/i0.wp.com\/blogdalucianaoliveira.com.br\/blog\/wp-content\/uploads\/2019\/09\/457B1E0C-43C7-4B4A-906B-1D42D5531EB7.jpeg?w=768 768w, https:\/\/i0.wp.com\/blogdalucianaoliveira.com.br\/blog\/wp-content\/uploads\/2019\/09\/457B1E0C-43C7-4B4A-906B-1D42D5531EB7.jpeg?resize=300%2C200 300w, https:\/\/i0.wp.com\/blogdalucianaoliveira.com.br\/blog\/wp-content\/uploads\/2019\/09\/457B1E0C-43C7-4B4A-906B-1D42D5531EB7.jpeg?resize=451%2C300 451w\" sizes=\"auto, (max-width: 600px) 100vw, 600px\" \/><\/p>\n<p>Estudo da Human Rights Watch catalogou epis\u00f3dios de intimida\u00e7\u00e3o envolvendo desmatamento ilegal.<!--more--><\/p>\n<p>Na Folha<\/p>\n<p>Thiago Am\u00e2ncio<br \/>\nS\u00c3O PAULO<br \/>\nH\u00e1 uma d\u00e9cada denunciando a extra\u00e7\u00e3o ilegal de madeira, Osvalinda e Daniel Pereira encontraram duas covas com duas cruzes de madeira no quintal de casa, no assentamento Areia, pr\u00f3ximo a Trair\u00e3o (oeste do Par\u00e1), em junho do ano passado.<\/p>\n<p>Depois de denunciar ao Minist\u00e9rio P\u00fablico o desmatamento ilegal, Gilson Temponi, presidente de uma associa\u00e7\u00e3o de agricultores em Placas (PA), foi executado a tiros em casa em dezembro de 2018.<\/p>\n<p>Em mar\u00e7o deste ano, criminosos mataram a ativista Dilma Ferreira da Silva no assentamento Salvador Allende, na regi\u00e3o de Tucuru\u00ed (PA), e mais cinco pessoas, segundo a pol\u00edcia a mando de um fazendeiro envolvido em extra\u00e7\u00e3o ilegal que temia ser denunciado.<\/p>\n<p>Casos como esses de amea\u00e7as e assassinatos est\u00e3o compilados no relat\u00f3rio \u201cM\u00e1fias do Ip\u00ea: como a viol\u00eancia e a impunidade impulsionam o desmatamento na Amaz\u00f4nia brasileira\u201d, da organiza\u00e7\u00e3o n\u00e3o-governamental Human Rights Watch.<\/p>\n<p>O documento detalha a a\u00e7\u00e3o de redes criminosas na regi\u00e3o da Amaz\u00f4nia, seu custo ambiental e humano e como a\u00e7\u00f5es do governo Bolsonaro prejudicam essa situa\u00e7\u00e3o.<\/p>\n<p>Segundo a organiza\u00e7\u00e3o Human Rights Watch, a extra\u00e7\u00e3o ilegal de madeira na Amaz\u00f4nia \u00e9 \u201cimpulsionada por redes criminosas que t\u00eam a capacidade log\u00edstica de coordenar a extra\u00e7\u00e3o, o processamento e a venda de madeira em larga escala, enquanto empregam homens armados para proteger seus interesses.\u201d<\/p>\n<p>Os agentes ambientais da regi\u00e3o apelidaram esses grupos de \u201cm\u00e1fias dos ip\u00eas\u201d, em refer\u00eancia \u00e0 extra\u00e7\u00e3o de madeira dessas \u00e1rvores tidas como \u201cdiamante da Amaz\u00f4nia&#8221;.<\/p>\n<p>&#8220;Os criminosos respons\u00e1veis por uma grande parte da destrui\u00e7\u00e3o da Amaz\u00f4nia est\u00e3o usando da intimida\u00e7\u00e3o, amea\u00e7as, ataques e assassinatos para continuar suas atividades il\u00edcitas. H\u00e1 um n\u00edvel de viol\u00eancia vinculado ao desmatamento, que \u00e0s vezes as pessoas n\u00e3o percebem&#8221;, diz C\u00e9sar Mu\u00f1oz, autor do relat\u00f3rio e pesquisador da ONG.<\/p>\n<p>Citando dados da Comiss\u00e3o Pastoral da Terra, ligada \u00e0 Igreja Cat\u00f3lica, a organiza\u00e7\u00e3o afirma que houve mais de 300 assassinatos na \u00faltima d\u00e9cada envolvendo conflitos pelo uso da terra e de recursos naturais. O documento detalha 28 desses assassinatos.<\/p>\n<p>Um dos casos citados \u00e9 o do assentamento Terra Nossa, pr\u00f3ximo a Novo Progresso (sudoeste do Par\u00e1). Em janeiro do ano passado, um agricultor local, Romar Roglin, conhecido como \u201cPolaquinho\u201d, avisou a uma lideran\u00e7a local que relataria o desmatamento ilegal \u00e0 pol\u00edcia. Foi morto 20 dias depois.<\/p>\n<p>Seu irm\u00e3o, Ricardo Roglin, come\u00e7ou a investigar o assassinato por conta pr\u00f3pria. Ele foi morto em julho daquele ano.<\/p>\n<p>Pouco antes, em maio, Antonio Rodrigues dos Santos, o Bigode, que vivia no mesmo assentamento, amea\u00e7ou denunciar um fazendeiro que ocupou cerca de 800 hectares de uma reserva florestal. Ele est\u00e1 desaparecido desde ent\u00e3o. Caso parecido aconteceu em outubro, ainda no Terra Nossa, com o agricultor Aluisio Sampaio, conhecido como Alenquer.<\/p>\n<p>A Human Rights Watch aponta o grave problema de impunidade, que piora o clima de viol\u00eancia na regi\u00e3o amaz\u00f4nica. Segundo a organiza\u00e7\u00e3o, das 300 mortes relatadas pela Pastoral da Terra, apenas 14 foram a julgamento.<\/p>\n<p>A organiza\u00e7\u00e3o entrevistou policiais envolvidos na investiga\u00e7\u00e3o de seis assassinatos. Em dois casos, os investigadores nem sequer foram \u00e0 cena do crime. Em cinco casos, n\u00e3o houve aut\u00f3psia do cad\u00e1ver.<\/p>\n<p>O relat\u00f3rio ainda cita a viol\u00eancia contra agentes p\u00fablicos de fiscaliza\u00e7\u00e3o. Em julho, em Rond\u00f4nia, bandidos queimaram um caminh\u00e3o-tanque que levaria gasolina a helic\u00f3pteros do Ibama, destru\u00edram pontes e derrubaram \u00e1rvores sobre uma estrada. O \u00f3rg\u00e3o federal precisou cancelar a opera\u00e7\u00e3o. No mesmo m\u00eas, criminosos queimaram duas pontes da Transamaz\u00f4nia pr\u00f3ximo ao munic\u00edpio de Placas (PA), em retalia\u00e7\u00e3o contra uma opera\u00e7\u00e3o do mesmo \u00f3rg\u00e3o.<\/p>\n<p>A Human Rights Watch entrevistou 170 pessoas, a maior parte de comunidades ind\u00edgenas e de comunidades locais que t\u00eam sofrido com amea\u00e7as, al\u00e9m de policiais, promotores, advogados, membros de \u00f3rg\u00e3os do governo (como Ibama, ICMBio e Funai), representantes de ONGs e acad\u00eamicos.<\/p>\n<p>A pesquisa foi feita entre 2017 e julho de 2019.<\/p>\n<p>A organiza\u00e7\u00e3o faz cr\u00edticas contundentes ao governo Jair Bolsonaro (PSL). Embora reconhe\u00e7a que os epis\u00f3dios de viol\u00eancia come\u00e7aram antes do atual governo, a entidade afirma que Bolsonaro \u201cretrocedeu na aplica\u00e7\u00e3o das leis de prote\u00e7\u00e3o ambiental, enfraqueceu as ag\u00eancias federais respons\u00e1veis, al\u00e9m de atacar organiza\u00e7\u00f5es e indiv\u00edduos que trabalham para preservar a floresta&#8221;. <\/p>\n<p>&#8220;A viol\u00eancia rural na Amazo\u00f4nia \u00e9 um problema cr\u00f4nico, que o Brasil nunca respondeu adequadamente. Mas piorou desde janeiro, porque quando voc\u00ea enfraquece o ICMBio e outros \u00f3rg\u00e3os de fiscaliza\u00e7\u00e3o, n\u00e3o s\u00f3 d\u00e1 carta branca para os criminosos destru\u00edrem a floresta. Eles se sentem livres para atacar qualquer um que entre no caminho deles&#8221;, afirma Mu\u00f1oz \u00e0 Folha.<\/p>\n<p>A organiza\u00e7\u00e3o faz algumas recomenda\u00e7\u00f5es ao governo brasileiro. Segundo a Humans Right Watch, o Ministro da Justi\u00e7a deveria elaborar e implementar, junto a autoridades federais e estaduais, um plano de a\u00e7\u00e3o para desmantelar as redes criminosas e reduzir os atos de viol\u00eancia e intimida\u00e7\u00e3o; o procurador-geral da Rep\u00fablica deveria fazer do combate \u00e0 viol\u00eancia na Amaz\u00f4nia uma de suas prioridades e o Congresso Nacional deveria criar uma CPI para apurar o desmatamento ilegal e os atos de viol\u00eancia.<\/p>\n<p>A Human Rights Watch afirma ainda que o governo Bolsonaro deveria se pronunciar de forma clara em apoio aos defensores da floresta, estabelecendo mecanismos para que as comunidades possam denunciar o desmatamento ilegal ou atos de intimida\u00e7\u00e3o.<\/p>\n","protected":false},"excerpt":{"rendered":"<p>Estudo da Human Rights Watch catalogou epis\u00f3dios de intimida\u00e7\u00e3o envolvendo desmatamento ilegal.<\/p>\n","protected":false},"author":1,"featured_media":0,"comment_status":"closed","ping_status":"open","sticky":false,"template":"","format":"standard","meta":{"_exactmetrics_skip_tracking":false,"_exactmetrics_sitenote_active":false,"_exactmetrics_sitenote_note":"","_exactmetrics_sitenote_category":0,"jetpack_post_was_ever_published":false,"_jetpack_newsletter_access":"","_jetpack_dont_email_post_to_subs":false,"_jetpack_newsletter_tier_id":0,"_jetpack_memberships_contains_paywalled_content":false,"_jetpack_memberships_contains_paid_content":false,"footnotes":"","jetpack_publicize_message":"","jetpack_publicize_feature_enabled":true,"jetpack_social_post_already_shared":true,"jetpack_social_options":{"image_generator_settings":{"template":"highway","enabled":false},"version":2}},"categories":[1],"tags":[],"class_list":["post-23941","post","type-post","status-publish","format-standard","hentry","category-notas"],"jetpack_publicize_connections":[],"jetpack_sharing_enabled":true,"jetpack_featured_media_url":"","jetpack_shortlink":"https:\/\/wp.me\/p7wKYW-6e9","jetpack-related-posts":[],"_links":{"self":[{"href":"http:\/\/blogdalucianaoliveira.com.br\/blog\/wp-json\/wp\/v2\/posts\/23941","targetHints":{"allow":["GET"]}}],"collection":[{"href":"http:\/\/blogdalucianaoliveira.com.br\/blog\/wp-json\/wp\/v2\/posts"}],"about":[{"href":"http:\/\/blogdalucianaoliveira.com.br\/blog\/wp-json\/wp\/v2\/types\/post"}],"author":[{"embeddable":true,"href":"http:\/\/blogdalucianaoliveira.com.br\/blog\/wp-json\/wp\/v2\/users\/1"}],"replies":[{"embeddable":true,"href":"http:\/\/blogdalucianaoliveira.com.br\/blog\/wp-json\/wp\/v2\/comments?post=23941"}],"version-history":[{"count":1,"href":"http:\/\/blogdalucianaoliveira.com.br\/blog\/wp-json\/wp\/v2\/posts\/23941\/revisions"}],"predecessor-version":[{"id":23943,"href":"http:\/\/blogdalucianaoliveira.com.br\/blog\/wp-json\/wp\/v2\/posts\/23941\/revisions\/23943"}],"wp:attachment":[{"href":"http:\/\/blogdalucianaoliveira.com.br\/blog\/wp-json\/wp\/v2\/media?parent=23941"}],"wp:term":[{"taxonomy":"category","embeddable":true,"href":"http:\/\/blogdalucianaoliveira.com.br\/blog\/wp-json\/wp\/v2\/categories?post=23941"},{"taxonomy":"post_tag","embeddable":true,"href":"http:\/\/blogdalucianaoliveira.com.br\/blog\/wp-json\/wp\/v2\/tags?post=23941"}],"curies":[{"name":"wp","href":"https:\/\/api.w.org\/{rel}","templated":true}]}}