{"id":23944,"date":"2019-09-17T10:47:57","date_gmt":"2019-09-17T14:47:57","guid":{"rendered":"http:\/\/blogdalucianaoliveira.com.br\/blog\/?p=23944"},"modified":"2019-09-17T10:47:57","modified_gmt":"2019-09-17T14:47:57","slug":"cacambada-cutuba-e-as-interrogacoes","status":"publish","type":"post","link":"http:\/\/blogdalucianaoliveira.com.br\/blog\/2019\/09\/17\/cacambada-cutuba-e-as-interrogacoes\/","title":{"rendered":"Ca\u00e7ambada Cutuba e as interroga\u00e7\u00f5es"},"content":{"rendered":"<p>&nbsp;<\/p>\n<p><img data-recalc-dims=\"1\" loading=\"lazy\" decoding=\"async\" data-attachment-id=\"23910\" data-permalink=\"http:\/\/blogdalucianaoliveira.com.br\/blog\/2019\/09\/14\/cacambada-cutuba-rompe-silencio-sobre-atentado-politico\/4dd837a7-b508-488c-bbe9-290417b11798\/\" data-orig-file=\"https:\/\/i0.wp.com\/blogdalucianaoliveira.com.br\/blog\/wp-content\/uploads\/2019\/09\/4DD837A7-B508-488C-BBE9-290417B11798.jpeg?fit=3482%2C3021\" data-orig-size=\"3482,3021\" data-comments-opened=\"0\" data-image-meta=\"{&quot;aperture&quot;:&quot;1.8&quot;,&quot;credit&quot;:&quot;&quot;,&quot;camera&quot;:&quot;iPhone 7&quot;,&quot;caption&quot;:&quot;&quot;,&quot;created_timestamp&quot;:&quot;1568403739&quot;,&quot;copyright&quot;:&quot;&quot;,&quot;focal_length&quot;:&quot;3.99&quot;,&quot;iso&quot;:&quot;100&quot;,&quot;shutter_speed&quot;:&quot;0.0909090909091&quot;,&quot;title&quot;:&quot;&quot;,&quot;orientation&quot;:&quot;1&quot;}\" data-image-title=\"4DD837A7-B508-488C-BBE9-290417B11798\" data-image-description=\"\" data-image-caption=\"\" data-medium-file=\"https:\/\/i0.wp.com\/blogdalucianaoliveira.com.br\/blog\/wp-content\/uploads\/2019\/09\/4DD837A7-B508-488C-BBE9-290417B11798.jpeg?fit=300%2C260\" data-large-file=\"https:\/\/i0.wp.com\/blogdalucianaoliveira.com.br\/blog\/wp-content\/uploads\/2019\/09\/4DD837A7-B508-488C-BBE9-290417B11798.jpeg?fit=600%2C520\" class=\"alignnone size-full wp-image-23910\" src=\"https:\/\/i0.wp.com\/blogdalucianaoliveira.com.br\/blog\/wp-content\/uploads\/2019\/09\/4DD837A7-B508-488C-BBE9-290417B11798.jpeg?resize=600%2C521\" alt=\"4DD837A7-B508-488C-BBE9-290417B11798\" width=\"600\" height=\"521\" srcset=\"https:\/\/i0.wp.com\/blogdalucianaoliveira.com.br\/blog\/wp-content\/uploads\/2019\/09\/4DD837A7-B508-488C-BBE9-290417B11798.jpeg?w=3482 3482w, https:\/\/i0.wp.com\/blogdalucianaoliveira.com.br\/blog\/wp-content\/uploads\/2019\/09\/4DD837A7-B508-488C-BBE9-290417B11798.jpeg?resize=300%2C260 300w, https:\/\/i0.wp.com\/blogdalucianaoliveira.com.br\/blog\/wp-content\/uploads\/2019\/09\/4DD837A7-B508-488C-BBE9-290417B11798.jpeg?resize=768%2C666 768w, https:\/\/i0.wp.com\/blogdalucianaoliveira.com.br\/blog\/wp-content\/uploads\/2019\/09\/4DD837A7-B508-488C-BBE9-290417B11798.jpeg?resize=1024%2C888 1024w, https:\/\/i0.wp.com\/blogdalucianaoliveira.com.br\/blog\/wp-content\/uploads\/2019\/09\/4DD837A7-B508-488C-BBE9-290417B11798.jpeg?resize=346%2C300 346w, https:\/\/i0.wp.com\/blogdalucianaoliveira.com.br\/blog\/wp-content\/uploads\/2019\/09\/4DD837A7-B508-488C-BBE9-290417B11798.jpeg?w=1200 1200w, https:\/\/i0.wp.com\/blogdalucianaoliveira.com.br\/blog\/wp-content\/uploads\/2019\/09\/4DD837A7-B508-488C-BBE9-290417B11798.jpeg?w=1800 1800w\" sizes=\"auto, (max-width: 600px) 100vw, 600px\" \/><\/p>\n<p>A exibi\u00e7\u00e3o do document\u00e1rio do jornalista Zola Xavier sobre um atentado pol\u00edtico em 1962 foi um sucesso de p\u00fablico, mas aqui e acol\u00e1 li cr\u00edticas fundadas no \u2018esperava mais\u2019.<\/p>\n<p>Os \u2018Cutubas\u2019 revoltados com a exuma\u00e7\u00e3o do fato hist\u00f3rico e os \u2018Peles Curtas\u2019 com expectativa met\u00f3dica, cobraram mais do que nunca fora documentado por censura e covardia.<\/p>\n<p>S\u00e3o rea\u00e7\u00f5es normais e que devem ser concebidas n\u00e3o como freio, mas impulso.<\/p>\n<p>O que Zola fez com a ajuda de amigos, muita dificuldade de acesso a dados e testemunhos, agora pode ser feito melhor por quem tenha mais recursos financeiros e experi\u00eancia em produ\u00e7\u00e3o audiovisual.<\/p>\n<p>Os que resumem a produ\u00e7\u00e3o no \u2018esperava mais\u2019, deviam focar no \u2018por que esperamos tanto tempo\u2019 e s\u00f3 pelo valor dos testemunhos o document\u00e1rio cumpre sua finalidade.<\/p>\n<p>Ao acompanhar as andan\u00e7as de Zola, Basinho e An\u00edsio, conversar sobre como iam as grava\u00e7\u00f5es, percebi claramente que a \u00fanica pretens\u00e3o era quebrar o sil\u00eancio.<\/p>\n<p>N\u00e3o esperei uma hist\u00f3ria contada com in\u00edcio, meio e fim, muito menos que encerrasse a controv\u00e9rsia de 57 anos sobre o duelo pol\u00edtico que acabou em sangue e sil\u00eancio.<\/p>\n<p>A mim n\u00e3o decepciona a ousadia de simplesmente abrir um sepulcro hist\u00f3rico e desenterrar interroga\u00e7\u00f5es.<\/p>\n<p>\u00c9 esse o grande feito, desenterrar interroga\u00e7\u00f5es para que outros explorem a hist\u00f3ria por v\u00e1rios \u00e2ngulos.<\/p>\n<p>Um passo \u00e9 a\u00e7\u00e3o extraordin\u00e1ria at\u00e9 que outros se atrevam a avan\u00e7ar no escaninho da hist\u00f3ria.<\/p>\n<p>Quem pensa que foi f\u00e1cil e de pouco valor convencer testemunhas a darem a cara \u00e0 tapa nesta aldeia de conveni\u00eancias espantosas e duradouras, n\u00e3o fez, nem far\u00e1 mais e melhor.<\/p>\n<p>Se Ca\u00e7ambada Cutuba deixou tantas interroga\u00e7\u00f5es, cumpriu sua finalidade.<\/p>\n<p>A inten\u00e7\u00e3o \u00e9\u00a0amplificar e produzir mais e mais vers\u00f5es sobre o que estava restrito \u00e0 boca do povo, costurado com d\u00e9cadas de fingimento.<\/p>\n<p>Os que \u2018entendem\u2019 de produ\u00e7\u00e3o documental que \u2018esperavam mais\u2019, podem e devem fazer mais.<\/p>\n<p>Desenterrem todos os sil\u00eancios!<\/p>\n<p>O imenso p\u00fablico que prestigiou a estr\u00e9ia do document\u00e1rio, quer mais.<\/p>\n<p>Eu, com imensa satisfa\u00e7\u00e3o, agrade\u00e7o a Zola pelas interroga\u00e7\u00f5es.<\/p>\n<p><img data-recalc-dims=\"1\" loading=\"lazy\" decoding=\"async\" data-attachment-id=\"23945\" data-permalink=\"http:\/\/blogdalucianaoliveira.com.br\/blog\/2019\/09\/17\/cacambada-cutuba-e-as-interrogacoes\/zola1\/\" data-orig-file=\"https:\/\/i0.wp.com\/blogdalucianaoliveira.com.br\/blog\/wp-content\/uploads\/2019\/09\/zola1.jpg?fit=960%2C839\" data-orig-size=\"960,839\" data-comments-opened=\"0\" data-image-meta=\"{&quot;aperture&quot;:&quot;0&quot;,&quot;credit&quot;:&quot;&quot;,&quot;camera&quot;:&quot;&quot;,&quot;caption&quot;:&quot;&quot;,&quot;created_timestamp&quot;:&quot;0&quot;,&quot;copyright&quot;:&quot;&quot;,&quot;focal_length&quot;:&quot;0&quot;,&quot;iso&quot;:&quot;0&quot;,&quot;shutter_speed&quot;:&quot;0&quot;,&quot;title&quot;:&quot;&quot;,&quot;orientation&quot;:&quot;0&quot;}\" data-image-title=\"zola1\" data-image-description=\"\" data-image-caption=\"\" data-medium-file=\"https:\/\/i0.wp.com\/blogdalucianaoliveira.com.br\/blog\/wp-content\/uploads\/2019\/09\/zola1.jpg?fit=300%2C262\" data-large-file=\"https:\/\/i0.wp.com\/blogdalucianaoliveira.com.br\/blog\/wp-content\/uploads\/2019\/09\/zola1.jpg?fit=600%2C524\" class=\"alignnone size-full wp-image-23945\" src=\"https:\/\/i0.wp.com\/blogdalucianaoliveira.com.br\/blog\/wp-content\/uploads\/2019\/09\/zola1.jpg?resize=600%2C524\" alt=\"zola1\" width=\"600\" height=\"524\" srcset=\"https:\/\/i0.wp.com\/blogdalucianaoliveira.com.br\/blog\/wp-content\/uploads\/2019\/09\/zola1.jpg?w=960 960w, https:\/\/i0.wp.com\/blogdalucianaoliveira.com.br\/blog\/wp-content\/uploads\/2019\/09\/zola1.jpg?resize=300%2C262 300w, https:\/\/i0.wp.com\/blogdalucianaoliveira.com.br\/blog\/wp-content\/uploads\/2019\/09\/zola1.jpg?resize=768%2C671 768w, https:\/\/i0.wp.com\/blogdalucianaoliveira.com.br\/blog\/wp-content\/uploads\/2019\/09\/zola1.jpg?resize=343%2C300 343w\" sizes=\"auto, (max-width: 600px) 100vw, 600px\" \/><\/p>\n","protected":false},"excerpt":{"rendered":"<p>&nbsp; A exibi\u00e7\u00e3o do document\u00e1rio do jornalista Zola Xavier sobre um atentado pol\u00edtico em 1962 foi um sucesso de p\u00fablico, mas aqui e acol\u00e1 li cr\u00edticas fundadas no \u2018esperava mais\u2019. Os \u2018Cutubas\u2019 revoltados com a exuma\u00e7\u00e3o do fato hist\u00f3rico e os \u2018Peles Curtas\u2019 com expectativa met\u00f3dica, cobraram mais do que nunca fora documentado por censura&#8230;<a class=\"more-link\" href=\"http:\/\/blogdalucianaoliveira.com.br\/blog\/2019\/09\/17\/cacambada-cutuba-e-as-interrogacoes\/\">Continue a leitura <span class=\"meta-nav\">&raquo;<\/span><\/a><\/p>\n","protected":false},"author":1,"featured_media":0,"comment_status":"closed","ping_status":"open","sticky":false,"template":"","format":"standard","meta":{"_exactmetrics_skip_tracking":false,"_exactmetrics_sitenote_active":false,"_exactmetrics_sitenote_note":"","_exactmetrics_sitenote_category":0,"jetpack_post_was_ever_published":false,"_jetpack_newsletter_access":"","_jetpack_dont_email_post_to_subs":false,"_jetpack_newsletter_tier_id":0,"_jetpack_memberships_contains_paywalled_content":false,"_jetpack_memberships_contains_paid_content":false,"footnotes":"","jetpack_publicize_message":"","jetpack_publicize_feature_enabled":true,"jetpack_social_post_already_shared":true,"jetpack_social_options":{"image_generator_settings":{"template":"highway","enabled":false},"version":2}},"categories":[1],"tags":[],"class_list":["post-23944","post","type-post","status-publish","format-standard","hentry","category-notas"],"jetpack_publicize_connections":[],"jetpack_sharing_enabled":true,"jetpack_featured_media_url":"","jetpack_shortlink":"https:\/\/wp.me\/p7wKYW-6ec","jetpack-related-posts":[],"_links":{"self":[{"href":"http:\/\/blogdalucianaoliveira.com.br\/blog\/wp-json\/wp\/v2\/posts\/23944","targetHints":{"allow":["GET"]}}],"collection":[{"href":"http:\/\/blogdalucianaoliveira.com.br\/blog\/wp-json\/wp\/v2\/posts"}],"about":[{"href":"http:\/\/blogdalucianaoliveira.com.br\/blog\/wp-json\/wp\/v2\/types\/post"}],"author":[{"embeddable":true,"href":"http:\/\/blogdalucianaoliveira.com.br\/blog\/wp-json\/wp\/v2\/users\/1"}],"replies":[{"embeddable":true,"href":"http:\/\/blogdalucianaoliveira.com.br\/blog\/wp-json\/wp\/v2\/comments?post=23944"}],"version-history":[{"count":1,"href":"http:\/\/blogdalucianaoliveira.com.br\/blog\/wp-json\/wp\/v2\/posts\/23944\/revisions"}],"predecessor-version":[{"id":23946,"href":"http:\/\/blogdalucianaoliveira.com.br\/blog\/wp-json\/wp\/v2\/posts\/23944\/revisions\/23946"}],"wp:attachment":[{"href":"http:\/\/blogdalucianaoliveira.com.br\/blog\/wp-json\/wp\/v2\/media?parent=23944"}],"wp:term":[{"taxonomy":"category","embeddable":true,"href":"http:\/\/blogdalucianaoliveira.com.br\/blog\/wp-json\/wp\/v2\/categories?post=23944"},{"taxonomy":"post_tag","embeddable":true,"href":"http:\/\/blogdalucianaoliveira.com.br\/blog\/wp-json\/wp\/v2\/tags?post=23944"}],"curies":[{"name":"wp","href":"https:\/\/api.w.org\/{rel}","templated":true}]}}