{"id":23948,"date":"2019-09-17T11:38:16","date_gmt":"2019-09-17T15:38:16","guid":{"rendered":"http:\/\/blogdalucianaoliveira.com.br\/blog\/?p=23948"},"modified":"2019-09-17T11:38:16","modified_gmt":"2019-09-17T15:38:16","slug":"temer-diz-que-foi-golpe-contra-dilma-e-chama-lula-de-presidente","status":"publish","type":"post","link":"http:\/\/blogdalucianaoliveira.com.br\/blog\/2019\/09\/17\/temer-diz-que-foi-golpe-contra-dilma-e-chama-lula-de-presidente\/","title":{"rendered":"Temer diz que foi &#8220;golpe&#8221; contra Dilma e chama Lula de &#8220;presidente&#8221;"},"content":{"rendered":"<h2 class=\"article__headline marginBottom30\"><picture><source srcset=\"https:\/\/publisher-publish.s3.eu-central-1.amazonaws.com\/pb-brasil247\/swp\/jtjeq9\/media\/20190917120916_f66da323-70b0-47bb-92b8-1431857a1e82.webp\" type=\"image\/webp\" media=\"(max-width: 680px)\" \/><source srcset=\"https:\/\/publisher-publish.s3.eu-central-1.amazonaws.com\/pb-brasil247\/swp\/jtjeq9\/media\/20190917120916_f66da323-70b0-47bb-92b8-1431857a1e82.jpeg\" type=\"image\/jpeg\" media=\"(max-width: 680px)\" \/><source srcset=\"https:\/\/publisher-publish.s3.eu-central-1.amazonaws.com\/pb-brasil247\/swp\/jtjeq9\/media\/20190917120916_2999b1f3-e159-482b-a674-794c1e3de908.webp\" type=\"image\/webp\" media=\"(min-width: 681px)\" \/><source srcset=\"https:\/\/publisher-publish.s3.eu-central-1.amazonaws.com\/pb-brasil247\/swp\/jtjeq9\/media\/20190917120916_2999b1f3-e159-482b-a674-794c1e3de908.jpeg\" type=\"image\/jpeg\" media=\"(min-width: 681px)\" \/><img data-recalc-dims=\"1\" decoding=\"async\" title=\" \" src=\"https:\/\/i0.wp.com\/publisher-publish.s3.eu-central-1.amazonaws.com\/pb-brasil247\/swp\/jtjeq9\/media\/20190917120916_2999b1f3-e159-482b-a674-794c1e3de908.jpeg?w=600&#038;ssl=1\" alt=\"\" \/><\/picture><\/h2>\n<p><b>247\u00a0<\/b>&#8211; Numa declara\u00e7\u00e3o surpreendente no programa Roda Viva da TV Cultura da noite desta segunda-feira, Michel Temer qualificou a derrubada de Dilma Roussef em 2016 de &#8220;golpe&#8221; e chamou Lula de &#8220;presidente&#8221;. Assista. Disse que pretendia atuar com Lula para evitar o golpe, mas a proibi\u00e7\u00e3o de Gilmar Mendes para que ele assumisse a Casa Civil inviabilizou a articula\u00e7\u00e3o. A admiss\u00e3o de Temer enterra de vez o discurso das elites de que teria havido um processo regular de impeachment contra Dilma.\u00a0<!--more--><\/p>\n<div class=\"contentAd contentAd--noBackground marginBottom30\">\u00a0\u201cEu jamais apoiei ou fiz empenho pelo golpe\u201d, disse o emedebista, que assumiu a presid\u00eancia ap\u00f3s a queda de Dilma em 2016. Em sua explana\u00e7\u00e3o, Temer n\u00e3o se preocupou em usar o termo \u201cgolpe\u201d, algo que nunca tinha feito, e ainda revelou que tentou impedir o avan\u00e7o do processo do impeachment ap\u00f3s um telefonema do ex-presidente Lula.Assista.<\/p>\n<blockquote class=\"twitter-tweet\" data-width=\"550\" data-dnt=\"true\">\n<p lang=\"pt\" dir=\"ltr\">\u201cEu jamais apoiei ou fiz empenho pelo golpe\u201d afirma <a href=\"https:\/\/twitter.com\/MichelTemer?ref_src=twsrc%5Etfw\">@MichelTemer<\/a> sobre o impeachment de Dilma Rousseff. Comente com a hashtag <a href=\"https:\/\/twitter.com\/hashtag\/RodaViva?src=hash&amp;ref_src=twsrc%5Etfw\">#RodaViva<\/a>. <a href=\"https:\/\/t.co\/2KSunKvHAd\">pic.twitter.com\/2KSunKvHAd<\/a><\/p>\n<p>&mdash; Roda Viva (@rodaviva) <a href=\"https:\/\/twitter.com\/rodaviva\/status\/1173766185399271425?ref_src=twsrc%5Etfw\">September 17, 2019<\/a><\/p><\/blockquote>\n<p><script async src=\"https:\/\/platform.twitter.com\/widgets.js\" charset=\"utf-8\"><\/script><\/p>\n<div class=\"embed-block\"><\/div>\n<\/div>\n<div class=\"article__text marginTop30\"><\/div>\n","protected":false},"excerpt":{"rendered":"<p>247\u00a0&#8211; Numa declara\u00e7\u00e3o surpreendente no programa Roda Viva da TV Cultura da noite desta segunda-feira, Michel Temer qualificou a derrubada de Dilma Roussef em 2016 de &#8220;golpe&#8221; e chamou Lula de &#8220;presidente&#8221;. Assista. Disse que pretendia atuar com Lula para evitar o golpe, mas a proibi\u00e7\u00e3o de Gilmar Mendes para que ele assumisse a Casa&#8230;<a class=\"more-link\" href=\"http:\/\/blogdalucianaoliveira.com.br\/blog\/2019\/09\/17\/temer-diz-que-foi-golpe-contra-dilma-e-chama-lula-de-presidente\/\">Continue a leitura <span class=\"meta-nav\">&raquo;<\/span><\/a><\/p>\n","protected":false},"author":1,"featured_media":0,"comment_status":"closed","ping_status":"open","sticky":false,"template":"","format":"standard","meta":{"_exactmetrics_skip_tracking":false,"_exactmetrics_sitenote_active":false,"_exactmetrics_sitenote_note":"","_exactmetrics_sitenote_category":0,"jetpack_post_was_ever_published":false,"_jetpack_newsletter_access":"","_jetpack_dont_email_post_to_subs":false,"_jetpack_newsletter_tier_id":0,"_jetpack_memberships_contains_paywalled_content":false,"_jetpack_memberships_contains_paid_content":false,"footnotes":"","jetpack_publicize_message":"","jetpack_publicize_feature_enabled":true,"jetpack_social_post_already_shared":true,"jetpack_social_options":{"image_generator_settings":{"template":"highway","enabled":false},"version":2}},"categories":[1],"tags":[],"class_list":["post-23948","post","type-post","status-publish","format-standard","hentry","category-notas"],"jetpack_publicize_connections":[],"jetpack_sharing_enabled":true,"jetpack_featured_media_url":"","jetpack_shortlink":"https:\/\/wp.me\/p7wKYW-6eg","jetpack-related-posts":[],"_links":{"self":[{"href":"http:\/\/blogdalucianaoliveira.com.br\/blog\/wp-json\/wp\/v2\/posts\/23948","targetHints":{"allow":["GET"]}}],"collection":[{"href":"http:\/\/blogdalucianaoliveira.com.br\/blog\/wp-json\/wp\/v2\/posts"}],"about":[{"href":"http:\/\/blogdalucianaoliveira.com.br\/blog\/wp-json\/wp\/v2\/types\/post"}],"author":[{"embeddable":true,"href":"http:\/\/blogdalucianaoliveira.com.br\/blog\/wp-json\/wp\/v2\/users\/1"}],"replies":[{"embeddable":true,"href":"http:\/\/blogdalucianaoliveira.com.br\/blog\/wp-json\/wp\/v2\/comments?post=23948"}],"version-history":[{"count":1,"href":"http:\/\/blogdalucianaoliveira.com.br\/blog\/wp-json\/wp\/v2\/posts\/23948\/revisions"}],"predecessor-version":[{"id":23949,"href":"http:\/\/blogdalucianaoliveira.com.br\/blog\/wp-json\/wp\/v2\/posts\/23948\/revisions\/23949"}],"wp:attachment":[{"href":"http:\/\/blogdalucianaoliveira.com.br\/blog\/wp-json\/wp\/v2\/media?parent=23948"}],"wp:term":[{"taxonomy":"category","embeddable":true,"href":"http:\/\/blogdalucianaoliveira.com.br\/blog\/wp-json\/wp\/v2\/categories?post=23948"},{"taxonomy":"post_tag","embeddable":true,"href":"http:\/\/blogdalucianaoliveira.com.br\/blog\/wp-json\/wp\/v2\/tags?post=23948"}],"curies":[{"name":"wp","href":"https:\/\/api.w.org\/{rel}","templated":true}]}}