{"id":23950,"date":"2019-09-17T12:22:23","date_gmt":"2019-09-17T16:22:23","guid":{"rendered":"http:\/\/blogdalucianaoliveira.com.br\/blog\/?p=23950"},"modified":"2019-09-17T12:25:00","modified_gmt":"2019-09-17T16:25:00","slug":"video-ivaneide-bandeira-cobra-seriedade-da-frente-parlamentar-pela-regularizacao-fundiaria","status":"publish","type":"post","link":"http:\/\/blogdalucianaoliveira.com.br\/blog\/2019\/09\/17\/video-ivaneide-bandeira-cobra-seriedade-da-frente-parlamentar-pela-regularizacao-fundiaria\/","title":{"rendered":"V\u00eddeo: Ivaneide Bandeira cobra seriedade da Frente Parlamentar pela regulariza\u00e7\u00e3o fundi\u00e1ria"},"content":{"rendered":"<div class=\"fb-post\" data-href=\"https:\/\/www.facebook.com\/100001977379087\/posts\/2559273647481856?sfns=mo\" data-width=\"552\"><\/div>\n<p>A coordenadora da Kanind\u00e9, Ivaneide Bandeira, fez a fala mais contundente, honesta e \u00fatil na Audi\u00eancia P\u00fablica sobre Regulariza\u00e7\u00e3o Fundi\u00e1ria. <\/p>\n<p>Ela enfrentou a narrativa do governo contra ONGs que atuam na defesa do meio ambiente, corroborado por muitos parlamentares. <\/p>\n<p>Disse claramente que as miss\u00f5es evang\u00e9licas receberam mais recursos p\u00fablicos, logo seriam as mais interessadas em retalia\u00e7\u00e3o ao governo com o corte deles. <\/p>\n<p>Sobre a quest\u00e3o da regulariza\u00e7\u00e3o fundi\u00e1ria, disse que este \u00e9 um problema que n\u00e3o pode ser tratado s\u00f3 com foco em t\u00edtulo e financiamento.<\/p>\n<p>Denunciou o discurso populista, eleitoreiro, que ignora as causas dos conflitos agr\u00e1rios em Rond\u00f4nia e da destrui\u00e7\u00e3o do meio ambiente.<\/p>\n","protected":false},"excerpt":{"rendered":"<p>A coordenadora da Kanind\u00e9, Ivaneide Bandeira, fez a fala mais contundente, honesta e \u00fatil na Audi\u00eancia P\u00fablica sobre Regulariza\u00e7\u00e3o Fundi\u00e1ria. Ela enfrentou a narrativa do governo contra ONGs que atuam na defesa do meio ambiente, corroborado por muitos parlamentares. Disse claramente que as miss\u00f5es evang\u00e9licas receberam mais recursos p\u00fablicos, logo seriam as mais interessadas em&#8230;<a class=\"more-link\" href=\"http:\/\/blogdalucianaoliveira.com.br\/blog\/2019\/09\/17\/video-ivaneide-bandeira-cobra-seriedade-da-frente-parlamentar-pela-regularizacao-fundiaria\/\">Continue a leitura <span class=\"meta-nav\">&raquo;<\/span><\/a><\/p>\n","protected":false},"author":1,"featured_media":0,"comment_status":"closed","ping_status":"open","sticky":false,"template":"","format":"standard","meta":{"_exactmetrics_skip_tracking":false,"_exactmetrics_sitenote_active":false,"_exactmetrics_sitenote_note":"","_exactmetrics_sitenote_category":0,"jetpack_post_was_ever_published":false,"_jetpack_newsletter_access":"","_jetpack_dont_email_post_to_subs":false,"_jetpack_newsletter_tier_id":0,"_jetpack_memberships_contains_paywalled_content":false,"_jetpack_memberships_contains_paid_content":false,"footnotes":"","jetpack_publicize_message":"","jetpack_publicize_feature_enabled":true,"jetpack_social_post_already_shared":true,"jetpack_social_options":{"image_generator_settings":{"template":"highway","enabled":false},"version":2}},"categories":[1],"tags":[],"class_list":["post-23950","post","type-post","status-publish","format-standard","hentry","category-notas"],"jetpack_publicize_connections":[],"jetpack_sharing_enabled":true,"jetpack_featured_media_url":"","jetpack_shortlink":"https:\/\/wp.me\/p7wKYW-6ei","jetpack-related-posts":[],"_links":{"self":[{"href":"http:\/\/blogdalucianaoliveira.com.br\/blog\/wp-json\/wp\/v2\/posts\/23950","targetHints":{"allow":["GET"]}}],"collection":[{"href":"http:\/\/blogdalucianaoliveira.com.br\/blog\/wp-json\/wp\/v2\/posts"}],"about":[{"href":"http:\/\/blogdalucianaoliveira.com.br\/blog\/wp-json\/wp\/v2\/types\/post"}],"author":[{"embeddable":true,"href":"http:\/\/blogdalucianaoliveira.com.br\/blog\/wp-json\/wp\/v2\/users\/1"}],"replies":[{"embeddable":true,"href":"http:\/\/blogdalucianaoliveira.com.br\/blog\/wp-json\/wp\/v2\/comments?post=23950"}],"version-history":[{"count":2,"href":"http:\/\/blogdalucianaoliveira.com.br\/blog\/wp-json\/wp\/v2\/posts\/23950\/revisions"}],"predecessor-version":[{"id":23952,"href":"http:\/\/blogdalucianaoliveira.com.br\/blog\/wp-json\/wp\/v2\/posts\/23950\/revisions\/23952"}],"wp:attachment":[{"href":"http:\/\/blogdalucianaoliveira.com.br\/blog\/wp-json\/wp\/v2\/media?parent=23950"}],"wp:term":[{"taxonomy":"category","embeddable":true,"href":"http:\/\/blogdalucianaoliveira.com.br\/blog\/wp-json\/wp\/v2\/categories?post=23950"},{"taxonomy":"post_tag","embeddable":true,"href":"http:\/\/blogdalucianaoliveira.com.br\/blog\/wp-json\/wp\/v2\/tags?post=23950"}],"curies":[{"name":"wp","href":"https:\/\/api.w.org\/{rel}","templated":true}]}}