{"id":23956,"date":"2019-09-17T17:30:52","date_gmt":"2019-09-17T21:30:52","guid":{"rendered":"http:\/\/blogdalucianaoliveira.com.br\/blog\/?p=23956"},"modified":"2019-09-17T17:30:52","modified_gmt":"2019-09-17T21:30:52","slug":"bolsonaro-sanciona-projeto-que-amplia-posse-de-armas-no-campo","status":"publish","type":"post","link":"http:\/\/blogdalucianaoliveira.com.br\/blog\/2019\/09\/17\/bolsonaro-sanciona-projeto-que-amplia-posse-de-armas-no-campo\/","title":{"rendered":"Bolsonaro sanciona projeto que amplia posse de armas no campo"},"content":{"rendered":"<div class=\"column is-three-quarters-widescreen is-full\">\n<div class=\"m-head-single\">\n<h2 class=\"m-resume-single\"><picture class=\"\"><img data-recalc-dims=\"1\" height=\"400\" width=\"600\" decoding=\"async\" class=\"initial loaded\" src=\"https:\/\/i0.wp.com\/uploads.metropoles.com\/wp-content\/uploads\/2019\/08\/31104733\/bolsonaroteco-960x640.jpg?resize=600%2C400&#038;ssl=1\" alt=\"Andr\u00e9 Borges\/Metr\u00f3poles\" data-src=\"https:\/\/uploads.metropoles.com\/wp-content\/uploads\/2019\/08\/31104733\/bolsonaroteco-960x640.jpg\" data-pin=\"pinIt\" data-was-processed=\"true\" \/><\/picture><\/h2>\n<div class=\"column is-three-quarters-widescreen is-full\">\n<div class=\"m-head-single\">\n<h2 class=\"m-resume-single\">Proposta j\u00e1 havia sido aprovada na C\u00e2mara e no Senado. A proposta amplia as possibilidades de uso de armas para propriet\u00e1rios rurais<\/h2>\n<\/div>\n<\/div>\n<div class=\"column is-three-quarters-widescreen is-full\"><!--more--><\/div>\n<\/div>\n<\/div>\n<div class=\"column is-three-quarters-widescreen is-full\"><\/div>\n<div class=\"column is-three-quarters-widescreen is-full\">\n<div class=\"m-head-single\">\n<div class=\"column is-three-quarters-widescreen is-full\">\u00a0No Metr\u00f3pole<\/div>\n<\/div>\n<\/div>\n<p>O\u00a0<a href=\"https:\/\/www.metropoles.com\/tag\/jair-bolsonaro\" target=\"_blank\">presidente Jair Bolsonaro (PSL)<\/a>\u00a0sancionou, no in\u00edcio da tarde desta ter\u00e7a-feira(17\/09\/2019), o projeto de lei que estende a posse de arma de fogo em propriedades rurais, durante evento fechado no Pal\u00e1cio da Alvorada.<\/p>\n<p>O\u00a0<a href=\"https:\/\/www.metropoles.com\/brasil\/camara-aprova-ampliacao-de-posse-de-armas-em-areas-rurais\" target=\"_blank\">projeto de lei de origem foi aprovado pelo Congresso no fim de agosto<\/a>\u00a0e assegura aos residentes em \u00e1rea rural a posse de armas em toda a extens\u00e3o do im\u00f3vel. De acordo com a Presid\u00eancia da Rep\u00fablica, a proposi\u00e7\u00e3o \u201cconfere seguran\u00e7a jur\u00eddica\u201d ao propriet\u00e1rio.<\/p>\n<p>Pelas regras anteriores do Estatuto do Desarmamento, donos de propriedades no campo, por exemplo, s\u00f3 poderiam carregar armas nos limites da sede da propriedade. De acordo com o texto sancionado agora, ele poder\u00e1 andar armado em toda a extens\u00e3o do im\u00f3vel rural.<\/p>\n<p>Bolsonaro retornou a Bras\u00edlia nesta segunda-feira (16\/09\/2019), ap\u00f3s uma interna\u00e7\u00e3o de oito dias em S\u00e3o Paulo, onde estava em recupera\u00e7\u00e3o ap\u00f3s uma cirurgia para a corre\u00e7\u00e3o de uma h\u00e9rnia no abd\u00f4men. Foi o quarto procedimento pelo qual ele passou em decorr\u00eancia da facada que levou em setembro de 2018, durante campanha eleitoral.<\/p>\n<p>Ao chegar na resid\u00eancia oficial na segunda-feira, o presidente adiantou que retomaria do cargo nesta ter\u00e7a e comentou sobre o apoio ao projeto.<\/p>\n<p><strong>Relator<\/strong><br \/>\nO deputado federal Afonso Hamm (PP-RS), relator da mat\u00e9ria na C\u00e2mara, disse que Bolsonaro fez quest\u00e3o de reassumir o cargo para a san\u00e7\u00e3o. O evento, segundo ele, reuniu o vice-presidente,\u00a0<a href=\"https:\/\/www.metropoles.com\/colunas-blogs\/chapelaria\/mourao-assume-presidencia-por-5-dias-durante-internacao-de-bolsonaro\" target=\"_blank\">Hamilton Mour\u00e3o<\/a>, ministros e cerca de 30 parlamentares.<\/p>\n<div class=\"m-banner-wrap m-banner-rectangle m-publicity-content-middle\">\u00a0\u201cHouve um ato, at\u00e9 dentro de um esfor\u00e7o que testemunhamos. Esfor\u00e7o f\u00edsico do nosso presidente Bolsonaro, porque ele saiu de uma cirurgia e, como hoje era o prazo limite para sancionar essa lei, ele fez quest\u00e3o pessoal de que ele assinasse\u201d, relatou.<\/div>\n<p>O parlamentar argumentou que o objetivo da modifica\u00e7\u00e3o na legisla\u00e7\u00e3o \u00e9 de atender \u00e0s necessidades de seguran\u00e7a no campo. \u201cQuem vive e trabalha no mundo rural est\u00e1 isolado, sem comunica\u00e7\u00e3o, sem prote\u00e7\u00e3o e inseguro. Hoje, quem est\u00e1 armado s\u00e3o as quadrilhas, s\u00e3o os bandidos, s\u00e3o aquelas pessoas mau intencionadas que est\u00e3o migrando para o interior do interior\u201d, justificou.<\/p>\n<p><strong>Hist\u00f3rico<\/strong><br \/>\n<a href=\"https:\/\/www.metropoles.com\/tag\/camara-dos-deputados\" target=\"_blank\">C\u00e2mara dos Deputados<\/a>\u00a0aprovou, na noite desta quarta-feira (21\/08\/2019), o projeto de lei que estende a possibilidade de posse de armas nas regi\u00f5es rurais do pa\u00eds. Por 320 votos a favor e 61 contra, o plen\u00e1rio decidiu permitir que armas sejam mantidas em qualquer ponto da propriedade, n\u00e3o mais apenas na resid\u00eancia.<\/p>\n<div class=\"m-banner-wrap m-banner-rectangle m-publicity-content-middle\">A proposta, que j\u00e1 havia sido aprovada pelo\u00a0<a href=\"https:\/\/www.metropoles.com\/brasil\/politica-br\/senado-aprova-projeto-que-amplia-uso-de-armas-por-proprietarios-rurais\" target=\"_blank\">Senado<\/a>, agora seguir\u00e1 para san\u00e7\u00e3o presidencial.<\/div>\n<div class=\"m-news-list-content m-related-news\">\n<p>A nova lei altera o trecho do\u00a0<a href=\"https:\/\/www.metropoles.com\/tag\/estatuto-do-desarmamento\" target=\"_blank\">Estatuto do Desarmamento<\/a>\u00a0que trata do certificado de registro de armamentos. Hoje, a regra autoriza apenas o propriet\u00e1rio a manter arma \u201cexclusivamente no interior da sua resid\u00eancia ou domic\u00edlio\u201d. O novo texto amplia essa autoriza\u00e7\u00e3o para a \u201cextens\u00e3o do respectivo im\u00f3vel rural.\u201d<\/p>\n<div class=\"m-banner-wrap m-banner-rectangle m-publicity-content-middle\"><\/div>\n<\/div>\n<div class=\"m-banner-wrap m-banner-rectangle m-publicity-content-middle\"><\/div>\n","protected":false},"excerpt":{"rendered":"<p>Proposta j\u00e1 havia sido aprovada na C\u00e2mara e no Senado. A proposta amplia as possibilidades de uso de armas para propriet\u00e1rios rurais<\/p>\n","protected":false},"author":1,"featured_media":0,"comment_status":"closed","ping_status":"open","sticky":false,"template":"","format":"standard","meta":{"_exactmetrics_skip_tracking":false,"_exactmetrics_sitenote_active":false,"_exactmetrics_sitenote_note":"","_exactmetrics_sitenote_category":0,"jetpack_post_was_ever_published":false,"_jetpack_newsletter_access":"","_jetpack_dont_email_post_to_subs":false,"_jetpack_newsletter_tier_id":0,"_jetpack_memberships_contains_paywalled_content":false,"_jetpack_memberships_contains_paid_content":false,"footnotes":"","jetpack_publicize_message":"","jetpack_publicize_feature_enabled":true,"jetpack_social_post_already_shared":true,"jetpack_social_options":{"image_generator_settings":{"template":"highway","enabled":false},"version":2}},"categories":[1],"tags":[],"class_list":["post-23956","post","type-post","status-publish","format-standard","hentry","category-notas"],"jetpack_publicize_connections":[],"jetpack_sharing_enabled":true,"jetpack_featured_media_url":"","jetpack_shortlink":"https:\/\/wp.me\/p7wKYW-6eo","jetpack-related-posts":[],"_links":{"self":[{"href":"http:\/\/blogdalucianaoliveira.com.br\/blog\/wp-json\/wp\/v2\/posts\/23956","targetHints":{"allow":["GET"]}}],"collection":[{"href":"http:\/\/blogdalucianaoliveira.com.br\/blog\/wp-json\/wp\/v2\/posts"}],"about":[{"href":"http:\/\/blogdalucianaoliveira.com.br\/blog\/wp-json\/wp\/v2\/types\/post"}],"author":[{"embeddable":true,"href":"http:\/\/blogdalucianaoliveira.com.br\/blog\/wp-json\/wp\/v2\/users\/1"}],"replies":[{"embeddable":true,"href":"http:\/\/blogdalucianaoliveira.com.br\/blog\/wp-json\/wp\/v2\/comments?post=23956"}],"version-history":[{"count":1,"href":"http:\/\/blogdalucianaoliveira.com.br\/blog\/wp-json\/wp\/v2\/posts\/23956\/revisions"}],"predecessor-version":[{"id":23957,"href":"http:\/\/blogdalucianaoliveira.com.br\/blog\/wp-json\/wp\/v2\/posts\/23956\/revisions\/23957"}],"wp:attachment":[{"href":"http:\/\/blogdalucianaoliveira.com.br\/blog\/wp-json\/wp\/v2\/media?parent=23956"}],"wp:term":[{"taxonomy":"category","embeddable":true,"href":"http:\/\/blogdalucianaoliveira.com.br\/blog\/wp-json\/wp\/v2\/categories?post=23956"},{"taxonomy":"post_tag","embeddable":true,"href":"http:\/\/blogdalucianaoliveira.com.br\/blog\/wp-json\/wp\/v2\/tags?post=23956"}],"curies":[{"name":"wp","href":"https:\/\/api.w.org\/{rel}","templated":true}]}}