{"id":23958,"date":"2019-09-18T08:35:30","date_gmt":"2019-09-18T12:35:30","guid":{"rendered":"http:\/\/blogdalucianaoliveira.com.br\/blog\/?p=23958"},"modified":"2019-09-18T08:35:30","modified_gmt":"2019-09-18T12:35:30","slug":"fundado-em-1934-jornal-economico-dci-deixa-de-circular-no-dia-23","status":"publish","type":"post","link":"http:\/\/blogdalucianaoliveira.com.br\/blog\/2019\/09\/18\/fundado-em-1934-jornal-economico-dci-deixa-de-circular-no-dia-23\/","title":{"rendered":"Fundado em 1934, jornal econ\u00f4mico DCI deixa de circular no dia 23"},"content":{"rendered":"<p><img data-recalc-dims=\"1\" loading=\"lazy\" decoding=\"async\" data-attachment-id=\"23959\" data-permalink=\"http:\/\/blogdalucianaoliveira.com.br\/blog\/2019\/09\/18\/fundado-em-1934-jornal-economico-dci-deixa-de-circular-no-dia-23\/080601b0-5a66-41f8-b0d3-f627cb9a3013\/\" data-orig-file=\"https:\/\/i0.wp.com\/blogdalucianaoliveira.com.br\/blog\/wp-content\/uploads\/2019\/09\/080601B0-5A66-41F8-B0D3-F627CB9A3013.jpeg?fit=620%2C300\" data-orig-size=\"620,300\" data-comments-opened=\"0\" data-image-meta=\"{&quot;aperture&quot;:&quot;0&quot;,&quot;credit&quot;:&quot;&quot;,&quot;camera&quot;:&quot;&quot;,&quot;caption&quot;:&quot;&quot;,&quot;created_timestamp&quot;:&quot;0&quot;,&quot;copyright&quot;:&quot;&quot;,&quot;focal_length&quot;:&quot;0&quot;,&quot;iso&quot;:&quot;0&quot;,&quot;shutter_speed&quot;:&quot;0&quot;,&quot;title&quot;:&quot;&quot;,&quot;orientation&quot;:&quot;0&quot;}\" data-image-title=\"080601B0-5A66-41F8-B0D3-F627CB9A3013\" data-image-description=\"\" data-image-caption=\"\" data-medium-file=\"https:\/\/i0.wp.com\/blogdalucianaoliveira.com.br\/blog\/wp-content\/uploads\/2019\/09\/080601B0-5A66-41F8-B0D3-F627CB9A3013.jpeg?fit=300%2C145\" data-large-file=\"https:\/\/i0.wp.com\/blogdalucianaoliveira.com.br\/blog\/wp-content\/uploads\/2019\/09\/080601B0-5A66-41F8-B0D3-F627CB9A3013.jpeg?fit=600%2C290\" src=\"https:\/\/i0.wp.com\/blogdalucianaoliveira.com.br\/blog\/wp-content\/uploads\/2019\/09\/080601B0-5A66-41F8-B0D3-F627CB9A3013.jpeg?resize=600%2C290\" alt=\"080601B0-5A66-41F8-B0D3-F627CB9A3013\" width=\"600\" height=\"290\" class=\"alignnone size-full wp-image-23959\" srcset=\"https:\/\/i0.wp.com\/blogdalucianaoliveira.com.br\/blog\/wp-content\/uploads\/2019\/09\/080601B0-5A66-41F8-B0D3-F627CB9A3013.jpeg?w=620 620w, https:\/\/i0.wp.com\/blogdalucianaoliveira.com.br\/blog\/wp-content\/uploads\/2019\/09\/080601B0-5A66-41F8-B0D3-F627CB9A3013.jpeg?resize=300%2C145 300w\" sizes=\"auto, (max-width: 600px) 100vw, 600px\" \/><\/p>\n<p>No Conjur &#8211; Uma das mais tradicionais publica\u00e7\u00f5es brasileiras sobre economia, o DCI (Di\u00e1rio Com\u00e9rcio Ind\u00fastria &#038; Servi\u00e7os) ir\u00e1 encerrar as atividades no pr\u00f3ximo dia 23 de setembro.<!--more--><\/p>\n<p>Os funcion\u00e1rios foram informados da decis\u00e3o nesta segunda-feira (16\/9) e a dire\u00e7\u00e3o do jornal negocia o processo de demiss\u00e3o dos trabalhadores com o Sindicato dos Jornalistas de S\u00e3o Paulo.<\/p>\n<p>Fundado em 1934, o DCI acumulou atribula\u00e7\u00f5es financeiras nas \u00faltimas d\u00e9cadas. Em 1990, o peri\u00f3dico foi comprado pelo empres\u00e1rio Hamilton Lucas de Oliveira, dono da Ind\u00fastria Brasileira de Formul\u00e1rios (IBF).<\/p>\n<p>Em 2002, foi comprado pela Sol Panamby, empresa de propriedade da fam\u00edlia do ex-governador de S\u00e3o Paulo Orestes Qu\u00e9rcia (1938-2010). Em 2012, o jornal passou a investir em conte\u00fado para mobile e reformulou o site, mas nunca conseguiu recuperar o prest\u00edgio do passado.<\/p>\n<p>O peri\u00f3dico paulista \u00e9 a primeira publica\u00e7\u00e3o a fechar as portas ap\u00f3s a aprova\u00e7\u00e3o de Medida Provis\u00f3ria do presidente Jair Bolsonaro, que desobrigou as empresas de publicarem seus balan\u00e7os em jornais impressos.<\/p>\n","protected":false},"excerpt":{"rendered":"<p>No Conjur &#8211; Uma das mais tradicionais publica\u00e7\u00f5es brasileiras sobre economia, o DCI (Di\u00e1rio Com\u00e9rcio Ind\u00fastria &#038; Servi\u00e7os) ir\u00e1 encerrar as atividades no pr\u00f3ximo dia 23 de setembro.<\/p>\n","protected":false},"author":1,"featured_media":0,"comment_status":"closed","ping_status":"open","sticky":false,"template":"","format":"standard","meta":{"_exactmetrics_skip_tracking":false,"_exactmetrics_sitenote_active":false,"_exactmetrics_sitenote_note":"","_exactmetrics_sitenote_category":0,"jetpack_post_was_ever_published":false,"_jetpack_newsletter_access":"","_jetpack_dont_email_post_to_subs":false,"_jetpack_newsletter_tier_id":0,"_jetpack_memberships_contains_paywalled_content":false,"_jetpack_memberships_contains_paid_content":false,"footnotes":"","jetpack_publicize_message":"","jetpack_publicize_feature_enabled":true,"jetpack_social_post_already_shared":true,"jetpack_social_options":{"image_generator_settings":{"template":"highway","enabled":false},"version":2}},"categories":[1],"tags":[],"class_list":["post-23958","post","type-post","status-publish","format-standard","hentry","category-notas"],"jetpack_publicize_connections":[],"jetpack_sharing_enabled":true,"jetpack_featured_media_url":"","jetpack_shortlink":"https:\/\/wp.me\/p7wKYW-6eq","jetpack-related-posts":[],"_links":{"self":[{"href":"http:\/\/blogdalucianaoliveira.com.br\/blog\/wp-json\/wp\/v2\/posts\/23958","targetHints":{"allow":["GET"]}}],"collection":[{"href":"http:\/\/blogdalucianaoliveira.com.br\/blog\/wp-json\/wp\/v2\/posts"}],"about":[{"href":"http:\/\/blogdalucianaoliveira.com.br\/blog\/wp-json\/wp\/v2\/types\/post"}],"author":[{"embeddable":true,"href":"http:\/\/blogdalucianaoliveira.com.br\/blog\/wp-json\/wp\/v2\/users\/1"}],"replies":[{"embeddable":true,"href":"http:\/\/blogdalucianaoliveira.com.br\/blog\/wp-json\/wp\/v2\/comments?post=23958"}],"version-history":[{"count":1,"href":"http:\/\/blogdalucianaoliveira.com.br\/blog\/wp-json\/wp\/v2\/posts\/23958\/revisions"}],"predecessor-version":[{"id":23960,"href":"http:\/\/blogdalucianaoliveira.com.br\/blog\/wp-json\/wp\/v2\/posts\/23958\/revisions\/23960"}],"wp:attachment":[{"href":"http:\/\/blogdalucianaoliveira.com.br\/blog\/wp-json\/wp\/v2\/media?parent=23958"}],"wp:term":[{"taxonomy":"category","embeddable":true,"href":"http:\/\/blogdalucianaoliveira.com.br\/blog\/wp-json\/wp\/v2\/categories?post=23958"},{"taxonomy":"post_tag","embeddable":true,"href":"http:\/\/blogdalucianaoliveira.com.br\/blog\/wp-json\/wp\/v2\/tags?post=23958"}],"curies":[{"name":"wp","href":"https:\/\/api.w.org\/{rel}","templated":true}]}}