{"id":23969,"date":"2019-09-18T11:31:21","date_gmt":"2019-09-18T15:31:21","guid":{"rendered":"http:\/\/blogdalucianaoliveira.com.br\/blog\/?p=23969"},"modified":"2019-09-18T11:31:21","modified_gmt":"2019-09-18T15:31:21","slug":"porto-velho-tem-a-maior-taxa-de-estupro-entre-as-capitais-do-brasil","status":"publish","type":"post","link":"http:\/\/blogdalucianaoliveira.com.br\/blog\/2019\/09\/18\/porto-velho-tem-a-maior-taxa-de-estupro-entre-as-capitais-do-brasil\/","title":{"rendered":"Porto Velho tem a maior taxa de estupro entre as capitais do Brasil"},"content":{"rendered":"<div class=\"row content-head non-featured \">\n<div class=\"title\">\n<h1 class=\"content-head__title\"><picture><img data-recalc-dims=\"1\" decoding=\"async\" class=\"image content-media__image progressive-loaded\" title=\"Dados fazem parte de anu\u00e1rio do F\u00f3rum de Seguran\u00e7a P\u00fablica \u2014 Foto: Devanath\/Creative Commons\" src=\"https:\/\/i0.wp.com\/s2.glbimg.com\/g20mUo5QFbC6qRSk10-AvvqmfAY%3D\/0x0%3A1700x1065\/984x0\/smart\/filters%3Astrip_icc%28%29\/i.s3.glbimg.com\/v1\/AUTH_59edd422c0c84a879bd37670ae4f538a\/internal_photos\/bs\/2018\/U\/w\/M9dRJuSL2PJA1FcLbAZA\/sunset-1097625-1920.jpg?w=600&#038;ssl=1\" alt=\"Dados fazem parte de anu\u00e1rio do F\u00f3rum de Seguran\u00e7a P\u00fablica \u2014 Foto: Devanath\/Creative Commons\" data-src=\"https:\/\/s2.glbimg.com\/g20mUo5QFbC6qRSk10-AvvqmfAY=\/0x0:1700x1065\/984x0\/smart\/filters:strip_icc()\/i.s3.glbimg.com\/v1\/AUTH_59edd422c0c84a879bd37670ae4f538a\/internal_photos\/bs\/2018\/U\/w\/M9dRJuSL2PJA1FcLbAZA\/sunset-1097625-1920.jpg\" \/><\/picture><\/h1>\n<div class=\"row content-head non-featured \">\n<div class=\"medium-centered subtitle\">\n<h2 class=\"content-head__subtitle\">Estupros cresceram 16% em um ano, em Porto Velho. Dados s\u00e3o do F\u00f3rum Brasileiro de Seguran\u00e7a P\u00fablica.<\/h2>\n<p><!--more--><\/p>\n<\/div>\n<\/div>\n<div class=\"content__signa-share\">\n<div class=\"content__signature\">\n<div class=\"content-publication-data\">\n<div class=\"content-publication-data__text\">\n<p class=\"content-publication-data__from\" title=\"Jonatas Boni, G1 RO\">Por Jonatas Boni, G1 RO\u00a0\u2014 Porto Velho<\/p>\n<div class=\"mc-column content-text active-extra-styles \" data-block-type=\"unstyled\" data-block-weight=\"47\" data-block-id=\"2\">\n<p class=\"content-text__container \" data-track-category=\"Link no Texto\" data-track-links=\"\">Porto Velho teve a maior taxa de estupro entre as capitais brasileiras durante 2018, segundo revela o F\u00f3rum Brasileiro de Seguran\u00e7a P\u00fablica. Atualmente, a taxa \u00e9 de 79,5 casos para cada 100 mil habitantes, o que faz a capital liderar o ranking de v\u00edtimas violentadas sexualmente.<\/p>\n<\/div>\n<div class=\"wall protected-content\">\n<div class=\"mc-column content-text active-extra-styles \" data-block-type=\"unstyled\" data-block-weight=\"36\" data-block-id=\"3\">\n<p class=\"content-text__container \" data-track-category=\"Link no Texto\" data-track-links=\"\">Ainda segundo o 13\u00b0 Anu\u00e1rio Brasileiro de Seguran\u00e7a P\u00fablica, os estupros cresceram 16% em Porto Velho no \u00faltimo ano. Ao longo de 2018, a cidade teve 413 ocorr\u00eancias de estupros. J\u00e1 em 2017 foram 355 casos.<\/p>\n<\/div>\n<div class=\"mc-column content-text active-extra-styles \" data-block-type=\"unstyled\" data-block-weight=\"53\" data-block-id=\"4\">\n<p class=\"content-text__container \" data-track-category=\"Link no Texto\" data-track-links=\"\">De acordo com o F\u00f3rum Brasileiro de Seguran\u00e7a P\u00fablica, o crescimento no n\u00famero de estupros coloca Porto Velho \u00e0 frente das grandes metr\u00f3poles, como Salvador, que tem quase 3 milh\u00f5es de habitantes. Na capital baiana, por exemplo, foram 352 estupros em 2018. Isto representa uma taxa de 12,3 a cada 100 mil habitantes.<\/p>\n<\/div>\n<div class=\"mc-column content-text active-extra-styles \" data-block-type=\"unstyled\" data-block-weight=\"27\" data-block-id=\"5\">\n<p class=\"content-text__container \" data-track-category=\"Link no Texto\" data-track-links=\"\">Porto Velho, com 560 mil habitantes, tamb\u00e9m teve mais estupros do que Goi\u00e2nia (GO), com 1,5 milh\u00e3o de habitantes, e S\u00e3o Lu\u00eds (MA), com 1 milh\u00e3o.<\/p>\n<\/div>\n<div class=\"mc-column content-text active-extra-styles \" data-block-type=\"unstyled\" data-block-weight=\"27\" data-block-id=\"6\">\n<p class=\"content-text__container \" data-track-category=\"Link no Texto\" data-track-links=\"\">Segundo o F\u00f3rum Brasileiro, os n\u00fameros de Porto Velho incluem os casos de estupro de vulner\u00e1vel, isto \u00e9, quando a v\u00edtima tem menos de 14 anos.<\/p>\n<\/div>\n<div class=\"mc-column content-text active-extra-styles \" data-block-type=\"unstyled\" data-block-weight=\"18\" data-block-id=\"7\">\n<p class=\"content-text__container \" data-track-category=\"Link no Texto\" data-track-links=\"\"><em>Abaixo, veja quantos estupros ocorreram em algumas capitais em 2018 e a taxa para cada 100 mil habitantes:<\/em><\/p>\n<\/div>\n<div class=\"content-ads content-ads--reveal\" data-block-type=\"ads\" data-block-id=\"8\"><\/div>\n<div class=\"mc-column content-text active-extra-styles\" data-block-type=\"raw\" data-block-weight=\"16\" data-block-id=\"9\">\n<ol class=\"content-ordered-list theme-ordered-list-color-primary\">\n<li><strong>Porto Velho<\/strong>: 413<\/li>\n<li><strong>Salvador<\/strong>: 352<\/li>\n<li><strong>Cuiab\u00e1<\/strong>: 313<\/li>\n<li><strong>Florian\u00f3polis<\/strong>: 231<\/li>\n<li><strong>Teresina<\/strong>: 224<\/li>\n<li><strong>S\u00e3o Lu\u00eds<\/strong>: 209<\/li>\n<li><strong>Goi\u00e2nia<\/strong>: 123<\/li>\n<\/ol>\n<\/div>\n<div class=\"mc-column content-text active-extra-styles \" data-block-type=\"unstyled\" data-block-weight=\"34\" data-block-id=\"10\">\n<p class=\"content-text__container \" data-track-category=\"Link no Texto\" data-track-links=\"\">Entre as capitais da Regi\u00e3o Norte, Porto Velho ocupa a terceira coloca\u00e7\u00e3o em n\u00famero de estupros. Manaus est\u00e1 na lideran\u00e7a, com 988 v\u00edtimas estupradas, e Bel\u00e9m ocupa o segundo lugar, com 551 casos.<\/p>\n<\/div>\n<div class=\"mc-column content-text active-extra-styles\" data-block-type=\"raw\" data-block-weight=\"3\" data-block-id=\"11\">\n<div class=\"content-intertitle\">\n<h2>Estupros no Brasil<\/h2>\n<\/div>\n<\/div>\n<div class=\"mc-column content-text active-extra-styles \" data-block-type=\"unstyled\" data-block-weight=\"45\" data-block-id=\"12\">\n<p class=\"content-text__container \" data-track-category=\"Link no Texto\" data-track-links=\"\">Segundo o estudo, a maior parte dos estupros que ocorre no Brasil \u00e9 o de vulner\u00e1vel (contra crian\u00e7as menores de 14 anos ou pessoas com doen\u00e7as ou defici\u00eancia mental que n\u00e3o t\u00eam discernimento para a pr\u00e1tica do ato e que n\u00e3o podem oferecer resist\u00eancia): 63,8%.<\/p>\n<\/div>\n<div class=\"mc-column content-text active-extra-styles \" data-block-type=\"unstyled\" data-block-weight=\"29\" data-block-id=\"13\">\n<p class=\"content-text__container \" data-track-category=\"Link no Texto\" data-track-links=\"\">A maioria dos crimes \u00e9 praticado contra meninas de 10 a 13 anos (28,6%). O autor do estupro \u00e9 homem (96,3%) e \u00e9 quase sempre conhecido da v\u00edtima (75,9%).<\/p>\n<\/div>\n<div class=\"row medium-uncollapsed content-media content-photo\" data-block-type=\"backstage-photo\" data-block-id=\"14\">\n<div class=\"mc-column content-media__container\">\n<div class=\"progressive-img can-open-lightbox\" data-min-size=\"1008x4007\" data-min-size-url=\"https:\/\/s2.glbimg.com\/A80wzd_1S1mGqi2TnqOaO7lOt7k=\/0x0:1600x6361\/1008x0\/smart\/filters:strip_icc()\/i.s3.glbimg.com\/v1\/AUTH_59edd422c0c84a879bd37670ae4f538a\/internal_photos\/bs\/2019\/n\/R\/xl3SHaQdKMxWMAZUrViw\/estupro-vale-este.png\" data-max-size=\"1600x6361\" data-max-size-url=\"https:\/\/s2.glbimg.com\/Vi2RBTBRbKkEa0nuMe9B75Sy_sA=\/0x0:1600x6361\/1600x0\/smart\/filters:strip_icc()\/i.s3.glbimg.com\/v1\/AUTH_59edd422c0c84a879bd37670ae4f538a\/internal_photos\/bs\/2019\/n\/R\/xl3SHaQdKMxWMAZUrViw\/estupro-vale-este.png\" data-media-index=\"1\">\n<div class=\"placeholder-container\"><\/div>\n<p><img decoding=\"async\" class=\"progressive-draft\" title=\"Casos de estupro batem recorde em 2018 \u2014 Foto: Wagner Magalh\u00e3es\/G1\" src=\"data:image\/jpeg;base64,\/9j\/4AAQSkZJRgABAQAAAQABAAD\/2wBDAAMCAgMCAgMDAwMEAwMEBQgFBQQEBQoHBwYIDAoMDAsKCwsNDhIQDQ4RDgsLEBYQERMUFRUVDA8XGBYUGBIUFRT\/2wBDAQMEBAUEBQkFBQkUDQsNFBQUFBQUFBQUFBQUFBQUFBQUFBQUFBQUFBQUFBQUFBQUFBQUFBQUFBQUFBQUFBQUFBT\/wgARCABjABkDASIAAhEBAxEB\/8QAHAAAAQUBAQEAAAAAAAAAAAAABQACAwQGBwEI\/8QAGAEAAwEBAAAAAAAAAAAAAAAAAQIDBAX\/2gAMAwEAAhADEAAAAfoqzf8AARyLPIpu5W+evqLsscfPEiWKDaO5XLFG5MiTD1icEhThdXqmPzdhvXxpK3OxhQlZK+Stc8BttJaQyJNP\/8QAIxAAAQQCAQUAAwAAAAAAAAAABAABAgMFExIGEBEUFQcXIf\/aAAgBAQABBQJ8eyjjaU4Avn44a4PJ9KjFost8WfYtrLcy6sOviUP0hYLPFmWGUqzHQut+eyHHrZaZK67TGZhV6xZUTQVKLTjZiioxFG9Gle1Y9uyK5RdeET+KqSSf1HQgOhYAQWTnEMPFZ241hSXvgs7\/AHGYgb1QO1gsbWjDi3jtjpvYJODceDLgy\/\/EACIRAAICAQMEAwAAAAAAAAAAAAECAAMREBIxBBMhIzJhcf\/aAAgBAwEBPwHxoKV2hnbGY6FG2mKm7k4jAqxBisycRiScmV39bZWXRvA\/JfdbafaeJ3PV2\/vS35tp\/8QAHhEBAAICAQUAAAAAAAAAAAAAAQARAhADEiEiMTL\/2gAIAQIBAT8B11N0EG+8WoRB04cQ0kxxxx+ZXlesfWv\/xAAzEAABAwEFBAcIAwAAAAAAAAABAAIDEQQQEiExBRNBYSIzQlFxkZMVIzI0NUNScnOh0f\/aAAgBAQAGPwI0hYR\/If8AEOhQ+KwkDPgvl2LM+S+J1PFZCl2q7S4ritn7PsHQ2haicMp+20alNmZte3PtQ7UklWOPNqrIGtewmOQD8hc2RzAZGigdXMLteo5O3Jac86OrncSQaAVqEHMtbIZTm2Ax1B7gSopwzd49W8+NxB0K3cE8TW6CR0dXtHJQ2eJvumClSbnMxMBHE6LrR5rrP7WpUsvtGVu8eXU3Y4lfUpfSCjiFoleGmuLAO+61TNjBcxpcKkrpbLdMK0L4XHLzXUSw8pBdbf0KijxYqCl7ga5oC9jnHEc8z4rS\/wD\/xAAlEAEAAgECBgIDAQAAAAAAAAABABEhMWEQQVFxgZGh8LHB8dH\/2gAIAQEAAT8huX+tWFwMTROSagrQrW6\/an8yNw4chp76yhgsajazzKcQ4NIsXlZKBejtNz4zbhagMprlnm6+mZkuP6QHmJvMeIrbThVGA0Bsk+r\/AEhLAcq+Tedj3BZ7EHQuHV5VXMEmSFlyDXyOAB2FJtAgH4M6mbOyzu\/nPCoXGBbebhXmzYQ0lvCX\/lGmhM47Gtd59B\/cyung9XXgRKgqrfOmUbBCgOyzp1hlauKw\/l4Yv72QgKStQcVhpr93AEcBXGlNW6Z1TkQ7S+8Ptmz8z\/\/aAAwDAQACAAMAAAAQPNUIVNNefviQd8\/\/xAAhEQEAAQMDBQEAAAAAAAAAAAABEQAhMRBBcVFhgaGxwf\/aAAgBAwEBPxCOqmNqEdvQQuGJYwT5zakWUpzIDEs\/g0YcIw+Kxod7gnN6RZXPetqKXh9ChRI8N+Ksi7vQaACOr90\/\/8QAHBEBAAICAwEAAAAAAAAAAAAAAQARECExQXGh\/9oACAECAQE\/EN4blioBpOgXEIJOQgAUQnsPsI0ny44fMf\/EACUQAQACAgEDAwUBAAAAAAAAAAERIQAxQRBRYXGR0YGhsfDxwf\/aAAgBAQABPxCxwFZPcHE9hcAZAoDLYLbttMgzSM+TCCbuHtn9d84zCWY5q5DjQSAfJERsnqQ4aIAKOPXodZ0jBeNN7++Ri4rRDX64DF8RvaM\/gGSUZlmmCxQhRgiJSDz2vEjSTu6lHnA5jEyJC4ClR6+OjlwMcTIgSZdd823dn6w\/j+e+cKRVI7liG+Xno0kUgACKe1G9WZOqQoaUEiyWNTxFKDiCA4Xmy+0dDOPu0ohPbOL6Wte1klBdeMjS5AeZUBalPl6Dg4AxHANoexpyK1V058YQIB0i\/wCZ+18MXcBANELaKdNFGvba85xyXtkWPQDCYCxfCZCkym7e7O2gVFZxyjKgNJMXA+HoUIVSAvJmYo5sVMAbb+tyyoQ9HtnkEVSkncMXoiC7cgc5OBAqQVBl+gGPUXNiHfjE0rH9rzzPd85\/\/9k=\" alt=\"Casos de estupro batem recorde em 2018 \u2014 Foto: Wagner Magalh\u00e3es\/G1\" \/><picture><source srcset=\"https:\/\/s2.glbimg.com\/VZ6_z_dME7X5sCGlIgVfrxZgkQU=\/0x0:1600x6361\/600x0\/smart\/filters:strip_icc()\/i.s3.glbimg.com\/v1\/AUTH_59edd422c0c84a879bd37670ae4f538a\/internal_photos\/bs\/2019\/n\/R\/xl3SHaQdKMxWMAZUrViw\/estupro-vale-este.png 1x, https:\/\/s2.glbimg.com\/FxumD8b34BCtqT_YrZjwDydQHGc=\/0x0:1600x6361\/1200x0\/smart\/filters:strip_icc()\/i.s3.glbimg.com\/v1\/AUTH_59edd422c0c84a879bd37670ae4f538a\/internal_photos\/bs\/2019\/n\/R\/xl3SHaQdKMxWMAZUrViw\/estupro-vale-este.png 2x\" media=\"(max-width: 1024px)\" data-src=\"https:\/\/s2.glbimg.com\/VZ6_z_dME7X5sCGlIgVfrxZgkQU=\/0x0:1600x6361\/600x0\/smart\/filters:strip_icc()\/i.s3.glbimg.com\/v1\/AUTH_59edd422c0c84a879bd37670ae4f538a\/internal_photos\/bs\/2019\/n\/R\/xl3SHaQdKMxWMAZUrViw\/estupro-vale-este.png 1x, https:\/\/s2.glbimg.com\/FxumD8b34BCtqT_YrZjwDydQHGc=\/0x0:1600x6361\/1200x0\/smart\/filters:strip_icc()\/i.s3.glbimg.com\/v1\/AUTH_59edd422c0c84a879bd37670ae4f538a\/internal_photos\/bs\/2019\/n\/R\/xl3SHaQdKMxWMAZUrViw\/estupro-vale-este.png 2x\" \/><source srcset=\"https:\/\/s2.glbimg.com\/6xTGfgPn-mXFwb3G7LxQO112wlg=\/0x0:1600x6361\/640x0\/smart\/filters:strip_icc()\/i.s3.glbimg.com\/v1\/AUTH_59edd422c0c84a879bd37670ae4f538a\/internal_photos\/bs\/2019\/n\/R\/xl3SHaQdKMxWMAZUrViw\/estupro-vale-este.png 1x, https:\/\/s2.glbimg.com\/ahYBnxvkP8tQCxazr-gVKUPuSHg=\/0x0:1600x6361\/1280x0\/smart\/filters:strip_icc()\/i.s3.glbimg.com\/v1\/AUTH_59edd422c0c84a879bd37670ae4f538a\/internal_photos\/bs\/2019\/n\/R\/xl3SHaQdKMxWMAZUrViw\/estupro-vale-este.png 2x\" media=\"(max-width: 1280px)\" data-src=\"https:\/\/s2.glbimg.com\/6xTGfgPn-mXFwb3G7LxQO112wlg=\/0x0:1600x6361\/640x0\/smart\/filters:strip_icc()\/i.s3.glbimg.com\/v1\/AUTH_59edd422c0c84a879bd37670ae4f538a\/internal_photos\/bs\/2019\/n\/R\/xl3SHaQdKMxWMAZUrViw\/estupro-vale-este.png 1x, https:\/\/s2.glbimg.com\/ahYBnxvkP8tQCxazr-gVKUPuSHg=\/0x0:1600x6361\/1280x0\/smart\/filters:strip_icc()\/i.s3.glbimg.com\/v1\/AUTH_59edd422c0c84a879bd37670ae4f538a\/internal_photos\/bs\/2019\/n\/R\/xl3SHaQdKMxWMAZUrViw\/estupro-vale-este.png 2x\" \/><source srcset=\"https:\/\/s2.glbimg.com\/Ekmv5BWJXF91BDaia5RsRiWHU10=\/0x0:1600x6361\/984x0\/smart\/filters:strip_icc()\/i.s3.glbimg.com\/v1\/AUTH_59edd422c0c84a879bd37670ae4f538a\/internal_photos\/bs\/2019\/n\/R\/xl3SHaQdKMxWMAZUrViw\/estupro-vale-este.png 1x, https:\/\/s2.glbimg.com\/bUGTW0pnIzUzO7cLXne9tcWmD20=\/0x0:1600x6361\/1968x0\/smart\/filters:strip_icc()\/i.s3.glbimg.com\/v1\/AUTH_59edd422c0c84a879bd37670ae4f538a\/internal_photos\/bs\/2019\/n\/R\/xl3SHaQdKMxWMAZUrViw\/estupro-vale-este.png 2x\" media=\"(max-width: 1360px)\" data-src=\"https:\/\/s2.glbimg.com\/Ekmv5BWJXF91BDaia5RsRiWHU10=\/0x0:1600x6361\/984x0\/smart\/filters:strip_icc()\/i.s3.glbimg.com\/v1\/AUTH_59edd422c0c84a879bd37670ae4f538a\/internal_photos\/bs\/2019\/n\/R\/xl3SHaQdKMxWMAZUrViw\/estupro-vale-este.png 1x, https:\/\/s2.glbimg.com\/bUGTW0pnIzUzO7cLXne9tcWmD20=\/0x0:1600x6361\/1968x0\/smart\/filters:strip_icc()\/i.s3.glbimg.com\/v1\/AUTH_59edd422c0c84a879bd37670ae4f538a\/internal_photos\/bs\/2019\/n\/R\/xl3SHaQdKMxWMAZUrViw\/estupro-vale-este.png 2x\" \/><source srcset=\"https:\/\/s2.glbimg.com\/pYU2_C5_gqQ0oHaaUUg09r5BKWo=\/0x0:1600x6361\/1000x0\/smart\/filters:strip_icc()\/i.s3.glbimg.com\/v1\/AUTH_59edd422c0c84a879bd37670ae4f538a\/internal_photos\/bs\/2019\/n\/R\/xl3SHaQdKMxWMAZUrViw\/estupro-vale-este.png 1x, https:\/\/s2.glbimg.com\/bA8xBrb5_gn51BZNmV-xK4oFZQg=\/0x0:1600x6361\/2000x0\/smart\/filters:strip_icc()\/i.s3.glbimg.com\/v1\/AUTH_59edd422c0c84a879bd37670ae4f538a\/internal_photos\/bs\/2019\/n\/R\/xl3SHaQdKMxWMAZUrViw\/estupro-vale-este.png 2x\" media=\"(min-width: 1361px)\" data-src=\"https:\/\/s2.glbimg.com\/pYU2_C5_gqQ0oHaaUUg09r5BKWo=\/0x0:1600x6361\/1000x0\/smart\/filters:strip_icc()\/i.s3.glbimg.com\/v1\/AUTH_59edd422c0c84a879bd37670ae4f538a\/internal_photos\/bs\/2019\/n\/R\/xl3SHaQdKMxWMAZUrViw\/estupro-vale-este.png 1x, https:\/\/s2.glbimg.com\/bA8xBrb5_gn51BZNmV-xK4oFZQg=\/0x0:1600x6361\/2000x0\/smart\/filters:strip_icc()\/i.s3.glbimg.com\/v1\/AUTH_59edd422c0c84a879bd37670ae4f538a\/internal_photos\/bs\/2019\/n\/R\/xl3SHaQdKMxWMAZUrViw\/estupro-vale-este.png 2x\" \/><source srcset=\"https:\/\/s2.glbimg.com\/Ekmv5BWJXF91BDaia5RsRiWHU10=\/0x0:1600x6361\/984x0\/smart\/filters:strip_icc()\/i.s3.glbimg.com\/v1\/AUTH_59edd422c0c84a879bd37670ae4f538a\/internal_photos\/bs\/2019\/n\/R\/xl3SHaQdKMxWMAZUrViw\/estupro-vale-este.png\" data-src=\"https:\/\/s2.glbimg.com\/Ekmv5BWJXF91BDaia5RsRiWHU10=\/0x0:1600x6361\/984x0\/smart\/filters:strip_icc()\/i.s3.glbimg.com\/v1\/AUTH_59edd422c0c84a879bd37670ae4f538a\/internal_photos\/bs\/2019\/n\/R\/xl3SHaQdKMxWMAZUrViw\/estupro-vale-este.png\" \/><img data-recalc-dims=\"1\" decoding=\"async\" class=\"image content-media__image progressive-loaded\" title=\"Casos de estupro batem recorde em 2018 \u2014 Foto: Wagner Magalh\u00e3es\/G1\" src=\"https:\/\/i0.wp.com\/s2.glbimg.com\/Ekmv5BWJXF91BDaia5RsRiWHU10%3D\/0x0%3A1600x6361\/984x0\/smart\/filters%3Astrip_icc%28%29\/i.s3.glbimg.com\/v1\/AUTH_59edd422c0c84a879bd37670ae4f538a\/internal_photos\/bs\/2019\/n\/R\/xl3SHaQdKMxWMAZUrViw\/estupro-vale-este.png?w=600&#038;ssl=1\" alt=\"Casos de estupro batem recorde em 2018 \u2014 Foto: Wagner Magalh\u00e3es\/G1\" data-src=\"https:\/\/s2.glbimg.com\/Ekmv5BWJXF91BDaia5RsRiWHU10=\/0x0:1600x6361\/984x0\/smart\/filters:strip_icc()\/i.s3.glbimg.com\/v1\/AUTH_59edd422c0c84a879bd37670ae4f538a\/internal_photos\/bs\/2019\/n\/R\/xl3SHaQdKMxWMAZUrViw\/estupro-vale-este.png\" \/><\/picture>\n<\/div>\n<p class=\"content-media__description \">Casos de estupro batem recorde em 2018 \u2014 Foto: Wagner Magalh\u00e3es\/G1<\/p>\n<\/div>\n<\/div>\n<div class=\"mc-column content-text active-extra-styles\" data-block-type=\"raw\" data-block-weight=\"3\" data-block-id=\"15\">\n<div class=\"content-intertitle\">\n<h2>Estupro de beb\u00ea<\/h2>\n<\/div>\n<\/div>\n<div class=\"mc-column content-text active-extra-styles \" data-block-type=\"unstyled\" data-block-weight=\"33\" data-block-id=\"16\">\n<p class=\"content-text__container \" data-track-category=\"Link no Texto\" data-track-links=\"\">Na \u00faltima semana, o\u00a0<a href=\"https:\/\/g1.globo.com\/ro\/rondonia\/noticia\/2019\/09\/14\/pai-mae-e-tio-sao-presos-por-possivel-envolvimento-em-suposto-estupro-e-morte-de-bebe-de-8-meses-em-ro.ghtml\">estupro de um beb\u00ea de oito meses<\/a>\u00a0ganhou repercuss\u00e3o em Porto Velho. A menina chegou a ser levada \u00e0 UPA Leste de Porto Velho, mas n\u00e3o resistiu aos ferimentos.<\/p>\n<\/div>\n<div class=\"mc-column content-text active-extra-styles \" data-block-type=\"unstyled\" data-block-weight=\"17\" data-block-id=\"17\">\n<p class=\"content-text__container \" data-track-category=\"Link no Texto\" data-track-links=\"\">Na ocasi\u00e3o, pai, m\u00e3e e tio foram presos suspeitos de terem participado do abuso da crian\u00e7a.<\/p>\n<\/div>\n<div class=\"mc-column content-text active-extra-styles \" data-block-type=\"unstyled\" data-block-weight=\"43\" data-block-id=\"18\">\n<p class=\"content-text__container \" data-track-category=\"Link no Texto\" data-track-links=\"\">Ao\u00a0<strong>G1<\/strong>, o delegado que entrou com o pedido na Justi\u00e7a, Pedro Palharini Bastos, disse que a pris\u00e3o tempor\u00e1ria do trio, nesse caso, objetiva auxiliar nas investiga\u00e7\u00f5es, j\u00e1 que ele notou &#8220;in\u00fameras contradi\u00e7\u00f5es entre eles, relativamente a hor\u00e1rios, quanto a din\u00e2mica dos fatos&#8221;.<\/p>\n<\/div>\n<div data-track-category=\"multicontent\" data-track-action=\"ultimo chunk conteudo\" data-track-noninteraction=\"false\" data-track-scroll=\"view\"><\/div>\n<\/div>\n<\/div>\n<\/div>\n<\/div>\n<\/div>\n<\/div>\n<\/div>\n<div class=\"mc-article-body\"><\/div>\n","protected":false},"excerpt":{"rendered":"<p>Estupros cresceram 16% em um ano, em Porto Velho. Dados s\u00e3o do F\u00f3rum Brasileiro de Seguran\u00e7a P\u00fablica.<\/p>\n","protected":false},"author":1,"featured_media":0,"comment_status":"closed","ping_status":"open","sticky":false,"template":"","format":"standard","meta":{"_exactmetrics_skip_tracking":false,"_exactmetrics_sitenote_active":false,"_exactmetrics_sitenote_note":"","_exactmetrics_sitenote_category":0,"jetpack_post_was_ever_published":false,"_jetpack_newsletter_access":"","_jetpack_dont_email_post_to_subs":false,"_jetpack_newsletter_tier_id":0,"_jetpack_memberships_contains_paywalled_content":false,"_jetpack_memberships_contains_paid_content":false,"footnotes":"","jetpack_publicize_message":"","jetpack_publicize_feature_enabled":true,"jetpack_social_post_already_shared":true,"jetpack_social_options":{"image_generator_settings":{"template":"highway","enabled":false},"version":2}},"categories":[1],"tags":[],"class_list":["post-23969","post","type-post","status-publish","format-standard","hentry","category-notas"],"jetpack_publicize_connections":[],"jetpack_sharing_enabled":true,"jetpack_featured_media_url":"","jetpack_shortlink":"https:\/\/wp.me\/p7wKYW-6eB","jetpack-related-posts":[],"_links":{"self":[{"href":"http:\/\/blogdalucianaoliveira.com.br\/blog\/wp-json\/wp\/v2\/posts\/23969","targetHints":{"allow":["GET"]}}],"collection":[{"href":"http:\/\/blogdalucianaoliveira.com.br\/blog\/wp-json\/wp\/v2\/posts"}],"about":[{"href":"http:\/\/blogdalucianaoliveira.com.br\/blog\/wp-json\/wp\/v2\/types\/post"}],"author":[{"embeddable":true,"href":"http:\/\/blogdalucianaoliveira.com.br\/blog\/wp-json\/wp\/v2\/users\/1"}],"replies":[{"embeddable":true,"href":"http:\/\/blogdalucianaoliveira.com.br\/blog\/wp-json\/wp\/v2\/comments?post=23969"}],"version-history":[{"count":1,"href":"http:\/\/blogdalucianaoliveira.com.br\/blog\/wp-json\/wp\/v2\/posts\/23969\/revisions"}],"predecessor-version":[{"id":23970,"href":"http:\/\/blogdalucianaoliveira.com.br\/blog\/wp-json\/wp\/v2\/posts\/23969\/revisions\/23970"}],"wp:attachment":[{"href":"http:\/\/blogdalucianaoliveira.com.br\/blog\/wp-json\/wp\/v2\/media?parent=23969"}],"wp:term":[{"taxonomy":"category","embeddable":true,"href":"http:\/\/blogdalucianaoliveira.com.br\/blog\/wp-json\/wp\/v2\/categories?post=23969"},{"taxonomy":"post_tag","embeddable":true,"href":"http:\/\/blogdalucianaoliveira.com.br\/blog\/wp-json\/wp\/v2\/tags?post=23969"}],"curies":[{"name":"wp","href":"https:\/\/api.w.org\/{rel}","templated":true}]}}