{"id":23974,"date":"2019-09-18T16:02:56","date_gmt":"2019-09-18T20:02:56","guid":{"rendered":"http:\/\/blogdalucianaoliveira.com.br\/blog\/?p=23974"},"modified":"2019-09-18T16:02:56","modified_gmt":"2019-09-18T20:02:56","slug":"onu-veta-discurso-do-brasil-na-cupula-do-clima-em-nova-york","status":"publish","type":"post","link":"http:\/\/blogdalucianaoliveira.com.br\/blog\/2019\/09\/18\/onu-veta-discurso-do-brasil-na-cupula-do-clima-em-nova-york\/","title":{"rendered":"ONU veta discurso do Brasil na c\u00fapula do clima em Nova York"},"content":{"rendered":"<p><img data-recalc-dims=\"1\" loading=\"lazy\" decoding=\"async\" data-attachment-id=\"23975\" data-permalink=\"http:\/\/blogdalucianaoliveira.com.br\/blog\/2019\/09\/18\/onu-veta-discurso-do-brasil-na-cupula-do-clima-em-nova-york\/6bd7869e-fcee-4b4a-b085-df1aa954a494\/\" data-orig-file=\"https:\/\/i0.wp.com\/blogdalucianaoliveira.com.br\/blog\/wp-content\/uploads\/2019\/09\/6BD7869E-FCEE-4B4A-B085-DF1AA954A494.jpeg?fit=768%2C511\" data-orig-size=\"768,511\" data-comments-opened=\"0\" data-image-meta=\"{&quot;aperture&quot;:&quot;0&quot;,&quot;credit&quot;:&quot;&quot;,&quot;camera&quot;:&quot;&quot;,&quot;caption&quot;:&quot;&quot;,&quot;created_timestamp&quot;:&quot;0&quot;,&quot;copyright&quot;:&quot;&quot;,&quot;focal_length&quot;:&quot;0&quot;,&quot;iso&quot;:&quot;0&quot;,&quot;shutter_speed&quot;:&quot;0&quot;,&quot;title&quot;:&quot;&quot;,&quot;orientation&quot;:&quot;0&quot;}\" data-image-title=\"6BD7869E-FCEE-4B4A-B085-DF1AA954A494\" data-image-description=\"\" data-image-caption=\"\" data-medium-file=\"https:\/\/i0.wp.com\/blogdalucianaoliveira.com.br\/blog\/wp-content\/uploads\/2019\/09\/6BD7869E-FCEE-4B4A-B085-DF1AA954A494.jpeg?fit=300%2C200\" data-large-file=\"https:\/\/i0.wp.com\/blogdalucianaoliveira.com.br\/blog\/wp-content\/uploads\/2019\/09\/6BD7869E-FCEE-4B4A-B085-DF1AA954A494.jpeg?fit=600%2C399\" src=\"https:\/\/i0.wp.com\/blogdalucianaoliveira.com.br\/blog\/wp-content\/uploads\/2019\/09\/6BD7869E-FCEE-4B4A-B085-DF1AA954A494.jpeg?resize=600%2C399\" alt=\"6BD7869E-FCEE-4B4A-B085-DF1AA954A494\" width=\"600\" height=\"399\" class=\"alignnone size-full wp-image-23975\" srcset=\"https:\/\/i0.wp.com\/blogdalucianaoliveira.com.br\/blog\/wp-content\/uploads\/2019\/09\/6BD7869E-FCEE-4B4A-B085-DF1AA954A494.jpeg?w=768 768w, https:\/\/i0.wp.com\/blogdalucianaoliveira.com.br\/blog\/wp-content\/uploads\/2019\/09\/6BD7869E-FCEE-4B4A-B085-DF1AA954A494.jpeg?resize=300%2C200 300w, https:\/\/i0.wp.com\/blogdalucianaoliveira.com.br\/blog\/wp-content\/uploads\/2019\/09\/6BD7869E-FCEE-4B4A-B085-DF1AA954A494.jpeg?resize=451%2C300 451w\" sizes=\"auto, (max-width: 600px) 100vw, 600px\" \/><\/p>\n<p>O Brasil n\u00e3o est\u00e1 na lista de pa\u00edses que v\u00e3o discursar na c\u00fapula do clima da ONU, que acontece na pr\u00f3xima segunda-feira (23) em Nova York.<!--more--><\/p>\n<p>Ana Carolina Amaral<br \/>\nNOVA YORK   <\/p>\n<p>\u201cO Brasil n\u00e3o apresentou nenhum plano para aumentar o compromisso com o clima\u201d, disse ao blog o enviado especial da secretaria-geral da ONU, Luis Alfonso de Alba.<\/p>\n<p>Segundo ele, a ONU pediu que os pa\u00edses enviassem um plano para aumentar a ambi\u00e7\u00e3o dos compromissos clim\u00e1ticos e, com base nos documentos que receberam, selecionaram quais pa\u00edses teriam discursos inspiradores.<\/p>\n<p>Tamb\u00e9m devem ser vetados Estados Unidos, Ar\u00e1bia Saudita, Jap\u00e3o, Austr\u00e1lia e Coreia do Sul. A lista final de discursos tem 63 pa\u00edses, incluindo Fran\u00e7a e Reino Unido, e deve ser divulgada ainda nesta quarta (18).<\/p>\n<p>Estrategicamente agendada para a v\u00e9spera da Assembleia-Geral da ONU, que come\u00e7a na ter\u00e7a (25), a c\u00fapula do clima foi convocada pelo secret\u00e1rio-geral da ONU, Antonio Guterres, com objetivo de encorajar a ambi\u00e7\u00e3o dos pa\u00edses, em uma conversa direta com os chefes de Estado.<\/p>\n<p>As contribui\u00e7\u00f5es anunciadas pelos pa\u00edses na assinatura do Acordo de Paris, em 2015, n\u00e3o s\u00e3o suficientes para conter o aumento da temperatura m\u00e9dia do planeta abaixo de 2\u00baC.<\/p>\n<p>As metas devem ser revistas entre 2020 e 2023. No entanto, acontecimentos de propor\u00e7\u00e3o internacional, como o aumento de eventos clim\u00e1ticos extremos e as queimadas na Amaz\u00f4nia, pressionam para um adiantamento da discuss\u00e3o, que j\u00e1 deve come\u00e7ar na COP-25 do Clima, confer\u00eancia que negociar\u00e1 os \u00faltimos detalhes da regulamenta\u00e7\u00e3o do Acordo de Paris.<\/p>\n<p>A COP-25 acontecer\u00e1 em dezembro no Chile. O Brasil sediaria a confer\u00eancia, mas desistiu ap\u00f3s um pedido de Bolsonaro, ainda em novembro do ano passado. Na \u00e9poca, a recusa foi recebida pela ONU com preocupa\u00e7\u00e3o, por sugerir uma diminui\u00e7\u00e3o do compromisso do pa\u00eds com as a\u00e7\u00f5es clim\u00e1ticas.<\/p>\n<p>*A jornalista viajou a convite da Anistia Internacional e do Instituto Clima e Sociedade (ICS).<\/p>\n","protected":false},"excerpt":{"rendered":"<p>O Brasil n\u00e3o est\u00e1 na lista de pa\u00edses que v\u00e3o discursar na c\u00fapula do clima da ONU, que acontece na pr\u00f3xima segunda-feira (23) em Nova York.<\/p>\n","protected":false},"author":1,"featured_media":0,"comment_status":"closed","ping_status":"open","sticky":false,"template":"","format":"standard","meta":{"_exactmetrics_skip_tracking":false,"_exactmetrics_sitenote_active":false,"_exactmetrics_sitenote_note":"","_exactmetrics_sitenote_category":0,"jetpack_post_was_ever_published":false,"_jetpack_newsletter_access":"","_jetpack_dont_email_post_to_subs":false,"_jetpack_newsletter_tier_id":0,"_jetpack_memberships_contains_paywalled_content":false,"_jetpack_memberships_contains_paid_content":false,"footnotes":"","jetpack_publicize_message":"","jetpack_publicize_feature_enabled":true,"jetpack_social_post_already_shared":true,"jetpack_social_options":{"image_generator_settings":{"template":"highway","enabled":false},"version":2}},"categories":[1],"tags":[],"class_list":["post-23974","post","type-post","status-publish","format-standard","hentry","category-notas"],"jetpack_publicize_connections":[],"jetpack_sharing_enabled":true,"jetpack_featured_media_url":"","jetpack_shortlink":"https:\/\/wp.me\/p7wKYW-6eG","jetpack-related-posts":[],"_links":{"self":[{"href":"http:\/\/blogdalucianaoliveira.com.br\/blog\/wp-json\/wp\/v2\/posts\/23974","targetHints":{"allow":["GET"]}}],"collection":[{"href":"http:\/\/blogdalucianaoliveira.com.br\/blog\/wp-json\/wp\/v2\/posts"}],"about":[{"href":"http:\/\/blogdalucianaoliveira.com.br\/blog\/wp-json\/wp\/v2\/types\/post"}],"author":[{"embeddable":true,"href":"http:\/\/blogdalucianaoliveira.com.br\/blog\/wp-json\/wp\/v2\/users\/1"}],"replies":[{"embeddable":true,"href":"http:\/\/blogdalucianaoliveira.com.br\/blog\/wp-json\/wp\/v2\/comments?post=23974"}],"version-history":[{"count":1,"href":"http:\/\/blogdalucianaoliveira.com.br\/blog\/wp-json\/wp\/v2\/posts\/23974\/revisions"}],"predecessor-version":[{"id":23976,"href":"http:\/\/blogdalucianaoliveira.com.br\/blog\/wp-json\/wp\/v2\/posts\/23974\/revisions\/23976"}],"wp:attachment":[{"href":"http:\/\/blogdalucianaoliveira.com.br\/blog\/wp-json\/wp\/v2\/media?parent=23974"}],"wp:term":[{"taxonomy":"category","embeddable":true,"href":"http:\/\/blogdalucianaoliveira.com.br\/blog\/wp-json\/wp\/v2\/categories?post=23974"},{"taxonomy":"post_tag","embeddable":true,"href":"http:\/\/blogdalucianaoliveira.com.br\/blog\/wp-json\/wp\/v2\/tags?post=23974"}],"curies":[{"name":"wp","href":"https:\/\/api.w.org\/{rel}","templated":true}]}}