{"id":23986,"date":"2019-09-20T11:26:33","date_gmt":"2019-09-20T15:26:33","guid":{"rendered":"http:\/\/blogdalucianaoliveira.com.br\/blog\/?p=23986"},"modified":"2019-09-20T11:27:12","modified_gmt":"2019-09-20T15:27:12","slug":"the-intercept-brasil-bolsonaro-e-movido-a-paranoia","status":"publish","type":"post","link":"http:\/\/blogdalucianaoliveira.com.br\/blog\/2019\/09\/20\/the-intercept-brasil-bolsonaro-e-movido-a-paranoia\/","title":{"rendered":"The Intercept Brasil: Bolsonaro \u00e9 movido a paranoia"},"content":{"rendered":"<p><img data-recalc-dims=\"1\" loading=\"lazy\" decoding=\"async\" data-attachment-id=\"23988\" data-permalink=\"http:\/\/blogdalucianaoliveira.com.br\/blog\/2019\/09\/20\/the-intercept-brasil-bolsonaro-e-movido-a-paranoia\/veja\/\" data-orig-file=\"https:\/\/i0.wp.com\/blogdalucianaoliveira.com.br\/blog\/wp-content\/uploads\/2019\/09\/VEJA.jpg?fit=960%2C640\" data-orig-size=\"960,640\" data-comments-opened=\"0\" data-image-meta=\"{&quot;aperture&quot;:&quot;0&quot;,&quot;credit&quot;:&quot;&quot;,&quot;camera&quot;:&quot;&quot;,&quot;caption&quot;:&quot;&quot;,&quot;created_timestamp&quot;:&quot;0&quot;,&quot;copyright&quot;:&quot;&quot;,&quot;focal_length&quot;:&quot;0&quot;,&quot;iso&quot;:&quot;0&quot;,&quot;shutter_speed&quot;:&quot;0&quot;,&quot;title&quot;:&quot;&quot;,&quot;orientation&quot;:&quot;1&quot;}\" data-image-title=\"VEJA\" data-image-description=\"\" data-image-caption=\"\" data-medium-file=\"https:\/\/i0.wp.com\/blogdalucianaoliveira.com.br\/blog\/wp-content\/uploads\/2019\/09\/VEJA.jpg?fit=300%2C200\" data-large-file=\"https:\/\/i0.wp.com\/blogdalucianaoliveira.com.br\/blog\/wp-content\/uploads\/2019\/09\/VEJA.jpg?fit=600%2C400\" class=\"alignnone size-full wp-image-23988\" src=\"https:\/\/i0.wp.com\/blogdalucianaoliveira.com.br\/blog\/wp-content\/uploads\/2019\/09\/VEJA.jpg?resize=600%2C400\" alt=\"VEJA\" width=\"600\" height=\"400\" srcset=\"https:\/\/i0.wp.com\/blogdalucianaoliveira.com.br\/blog\/wp-content\/uploads\/2019\/09\/VEJA.jpg?w=960 960w, https:\/\/i0.wp.com\/blogdalucianaoliveira.com.br\/blog\/wp-content\/uploads\/2019\/09\/VEJA.jpg?resize=300%2C200 300w, https:\/\/i0.wp.com\/blogdalucianaoliveira.com.br\/blog\/wp-content\/uploads\/2019\/09\/VEJA.jpg?resize=768%2C512 768w, https:\/\/i0.wp.com\/blogdalucianaoliveira.com.br\/blog\/wp-content\/uploads\/2019\/09\/VEJA.jpg?resize=450%2C300 450w\" sizes=\"auto, (max-width: 600px) 100vw, 600px\" \/><\/p>\n<p><em>Documentos e \u00e1udios in\u00e9ditos mostram plano de Bolsonaro para povoar Amaz\u00f4nia contra chineses, ONGs e Igreja Cat\u00f3lica<\/em><br \/>\n<!--more--><\/p>\n<p><strong>TATIANA DIAS, EM \u201cTHE INTERCEPT BRASIL\u201d<\/strong><\/p>\n<p><span class=\"dropcap\" data-shortcode-type=\"dropcap\">O<\/span>governo de Jair Bolsonaro est\u00e1 discutindo, desde fevereiro, o maior plano de ocupa\u00e7\u00e3o e desenvolvimento da Amaz\u00f4nia desde a ditadura militar. Gestado pela Secretaria de Assuntos Estrat\u00e9gicos, com coordena\u00e7\u00e3o de um\u00a0<a href=\"http:\/\/www.5dl.eb.mil.br\/2013-10-27-13-26-38\/152-dados-geoespaciais-para-projeto-barao-do-rio-branco\" target=\"_blank\" rel=\"noopener\">coronel reformado<\/a>, o projeto Bar\u00e3o de Rio Branco retoma o antigo sonho militar de povoar a Amaz\u00f4nia, com o pretexto de desenvolver a regi\u00e3o e proteger a fronteira norte do pa\u00eds.<\/p>\n<p>Documentos in\u00e9ditos obtidos pelo\u00a0<strong>Intercept<\/strong>\u00a0detalham o plano, que prev\u00ea o incentivo a grandes empreendimentos que atraiam popula\u00e7\u00e3o n\u00e3o ind\u00edgena de outras partes do pa\u00eds para se estabelecer na Amaz\u00f4nia e aumentar a participa\u00e7\u00e3o da regi\u00e3o norte no Produto Interno Bruto do pa\u00eds. A revela\u00e7\u00e3o surge no momento em que o governo est\u00e1 envolvido numa crise diplom\u00e1tica e pol\u00edtica por conta do\u00a0<a href=\"https:\/\/g1.globo.com\/jornal-nacional\/noticia\/2019\/07\/04\/inpe-registra-em-junho-aumento-de-88percent-de-desmatamento-na-amazonia.ghtml\" target=\"_blank\" rel=\"noopener\">aumento do desmatamento<\/a>\u00a0no Brasil. Bolsonaro se comprometeu a proteger a floresta em pronunciamento em cadeia nacional de televis\u00e3o, mas o projeto mostra que a prioridade \u00e9 outra: explorar as riquezas, fazer grandes obras e atrair novos habitantes para a Amaz\u00f4nia.<\/p>\n<p>[&#8230;]<\/p>\n<p><strong>CONFIRA A MAT\u00c9RIA NA \u00cdNTEGRA <span style=\"color: #0000ff;\"><a style=\"color: #0000ff;\" href=\"https:\/\/theintercept.com\/2019\/09\/19\/plano-bolsonaro-paranoia-amazonia\/\" target=\"_blank\">CLICANDO AQUI<\/a><\/span><\/strong><\/p>\n","protected":false},"excerpt":{"rendered":"<p>Documentos e \u00e1udios in\u00e9ditos mostram plano de Bolsonaro para povoar Amaz\u00f4nia contra chineses, ONGs e Igreja Cat\u00f3lica<\/p>\n","protected":false},"author":1,"featured_media":23988,"comment_status":"closed","ping_status":"open","sticky":false,"template":"","format":"standard","meta":{"_exactmetrics_skip_tracking":false,"_exactmetrics_sitenote_active":false,"_exactmetrics_sitenote_note":"","_exactmetrics_sitenote_category":0,"jetpack_post_was_ever_published":false,"_jetpack_newsletter_access":"","_jetpack_dont_email_post_to_subs":false,"_jetpack_newsletter_tier_id":0,"_jetpack_memberships_contains_paywalled_content":false,"_jetpack_memberships_contains_paid_content":false,"footnotes":"","jetpack_publicize_message":"","jetpack_publicize_feature_enabled":true,"jetpack_social_post_already_shared":true,"jetpack_social_options":{"image_generator_settings":{"template":"highway","enabled":false},"version":2}},"categories":[1],"tags":[],"class_list":["post-23986","post","type-post","status-publish","format-standard","has-post-thumbnail","hentry","category-notas"],"jetpack_publicize_connections":[],"jetpack_sharing_enabled":true,"jetpack_featured_media_url":"https:\/\/i0.wp.com\/blogdalucianaoliveira.com.br\/blog\/wp-content\/uploads\/2019\/09\/VEJA.jpg?fit=960%2C640","jetpack_shortlink":"https:\/\/wp.me\/p7wKYW-6eS","jetpack-related-posts":[],"_links":{"self":[{"href":"http:\/\/blogdalucianaoliveira.com.br\/blog\/wp-json\/wp\/v2\/posts\/23986","targetHints":{"allow":["GET"]}}],"collection":[{"href":"http:\/\/blogdalucianaoliveira.com.br\/blog\/wp-json\/wp\/v2\/posts"}],"about":[{"href":"http:\/\/blogdalucianaoliveira.com.br\/blog\/wp-json\/wp\/v2\/types\/post"}],"author":[{"embeddable":true,"href":"http:\/\/blogdalucianaoliveira.com.br\/blog\/wp-json\/wp\/v2\/users\/1"}],"replies":[{"embeddable":true,"href":"http:\/\/blogdalucianaoliveira.com.br\/blog\/wp-json\/wp\/v2\/comments?post=23986"}],"version-history":[{"count":1,"href":"http:\/\/blogdalucianaoliveira.com.br\/blog\/wp-json\/wp\/v2\/posts\/23986\/revisions"}],"predecessor-version":[{"id":23989,"href":"http:\/\/blogdalucianaoliveira.com.br\/blog\/wp-json\/wp\/v2\/posts\/23986\/revisions\/23989"}],"wp:featuredmedia":[{"embeddable":true,"href":"http:\/\/blogdalucianaoliveira.com.br\/blog\/wp-json\/wp\/v2\/media\/23988"}],"wp:attachment":[{"href":"http:\/\/blogdalucianaoliveira.com.br\/blog\/wp-json\/wp\/v2\/media?parent=23986"}],"wp:term":[{"taxonomy":"category","embeddable":true,"href":"http:\/\/blogdalucianaoliveira.com.br\/blog\/wp-json\/wp\/v2\/categories?post=23986"},{"taxonomy":"post_tag","embeddable":true,"href":"http:\/\/blogdalucianaoliveira.com.br\/blog\/wp-json\/wp\/v2\/tags?post=23986"}],"curies":[{"name":"wp","href":"https:\/\/api.w.org\/{rel}","templated":true}]}}