{"id":23992,"date":"2019-09-22T17:20:36","date_gmt":"2019-09-22T21:20:36","guid":{"rendered":"http:\/\/blogdalucianaoliveira.com.br\/blog\/?p=23992"},"modified":"2019-09-22T17:20:36","modified_gmt":"2019-09-22T21:20:36","slug":"netflix-das-lutas-sociais-plataforma-reune-filmes-independentes-sobre-resistencias","status":"publish","type":"post","link":"http:\/\/blogdalucianaoliveira.com.br\/blog\/2019\/09\/22\/netflix-das-lutas-sociais-plataforma-reune-filmes-independentes-sobre-resistencias\/","title":{"rendered":"&#8220;Netflix&#8221; das lutas sociais: plataforma re\u00fane filmes independentes sobre resist\u00eancias"},"content":{"rendered":"<h2><img data-recalc-dims=\"1\" loading=\"lazy\" decoding=\"async\" data-attachment-id=\"23993\" data-permalink=\"http:\/\/blogdalucianaoliveira.com.br\/blog\/2019\/09\/22\/netflix-das-lutas-sociais-plataforma-reune-filmes-independentes-sobre-resistencias\/net\/\" data-orig-file=\"https:\/\/i0.wp.com\/blogdalucianaoliveira.com.br\/blog\/wp-content\/uploads\/2019\/09\/net.jpg?fit=639%2C279\" data-orig-size=\"639,279\" data-comments-opened=\"0\" data-image-meta=\"{&quot;aperture&quot;:&quot;0&quot;,&quot;credit&quot;:&quot;&quot;,&quot;camera&quot;:&quot;&quot;,&quot;caption&quot;:&quot;&quot;,&quot;created_timestamp&quot;:&quot;0&quot;,&quot;copyright&quot;:&quot;&quot;,&quot;focal_length&quot;:&quot;0&quot;,&quot;iso&quot;:&quot;0&quot;,&quot;shutter_speed&quot;:&quot;0&quot;,&quot;title&quot;:&quot;&quot;,&quot;orientation&quot;:&quot;0&quot;}\" data-image-title=\"net\" data-image-description=\"\" data-image-caption=\"\" data-medium-file=\"https:\/\/i0.wp.com\/blogdalucianaoliveira.com.br\/blog\/wp-content\/uploads\/2019\/09\/net.jpg?fit=300%2C131\" data-large-file=\"https:\/\/i0.wp.com\/blogdalucianaoliveira.com.br\/blog\/wp-content\/uploads\/2019\/09\/net.jpg?fit=600%2C262\" class=\"alignnone size-full wp-image-23993\" src=\"https:\/\/i0.wp.com\/blogdalucianaoliveira.com.br\/blog\/wp-content\/uploads\/2019\/09\/net.jpg?resize=600%2C262\" alt=\"net\" width=\"600\" height=\"262\" srcset=\"https:\/\/i0.wp.com\/blogdalucianaoliveira.com.br\/blog\/wp-content\/uploads\/2019\/09\/net.jpg?w=639 639w, https:\/\/i0.wp.com\/blogdalucianaoliveira.com.br\/blog\/wp-content\/uploads\/2019\/09\/net.jpg?resize=300%2C131 300w\" sizes=\"auto, (max-width: 600px) 100vw, 600px\" \/><\/h2>\n<h2>A plataforma Bombozila, criada em 2016, disponibiliza uma s\u00e9rie de v\u00eddeos sobre luta pela terra, direitos e mobiliza\u00e7\u00f5es<\/h2>\n<p><!--more--><\/p>\n<p>Brasil de Fato<\/p>\n<p>Na categoria &#8220;Luta Pela Terra&#8221; est\u00e3o produ\u00e7\u00f5es brasileiras como &#8220;Terra e sangue&#8221; e &#8220;Margaridas, luta e p\u00e9 na estrada&#8221; \/ Reprodu\u00e7\u00e3o<\/p>\n<p>Conhecida como \u201cNetflix\u201d das lutas sociais, a plataforma\u00a0<b><a style=\"font-style: inherit;\" href=\"https:\/\/bombozila.com\/\">Bombozila<\/a><\/b>\u00a0re\u00fane mais de 400 document\u00e1rios independentes sobre mobiliza\u00e7\u00f5es e reist\u00eancias no Brasil, Am\u00e9rica Latina e em todo o mundo.<\/p>\n<p>Criada em 2016, no Rio de Janeiro, por iniciativa da comunicadora chilena Sabina Alvarez e do cineasta brasileiro Victor Ribeiro, o site re\u00fane produ\u00e7\u00f5es audiovisuais independentes sobre diversos temas pol\u00edticos, como luta pela terra, di\u00e1spora africana, luta ind\u00edgena, entre outros.<\/p>\n<p>Entre as produ\u00e7\u00f5es brasileiras est\u00e3o document\u00e1rios como\u00a0<i><em style=\"font-weight: inherit;\">Terra e Sangue<\/em><\/i>, sobre os bastidores do\u00a0<b><a style=\"font-style: inherit;\" href=\"https:\/\/www.brasildefato.com.br\/2018\/05\/24\/massacre-de-pau-darco-com-dez-camponeses-mortos-pela-policia-completa-1-ano\/\">massacre em Pau D&#8217;Arco (Par\u00e1)<\/a><\/b>, quando dez trabalhadores rurais foram assassinados durante uma a\u00e7\u00e3o policial em 2017,\u00a0 e\u00a0<i><em style=\"font-weight: inherit;\">Margaridas, luta e p\u00e9 na estrada<\/em><\/i>, sobre a articula\u00e7\u00e3o das mulheres rurais na\u00a0<b><a style=\"font-style: inherit;\" href=\"https:\/\/www.brasildefato.com.br\/2019\/08\/09\/quem-sao-as-mulheres-que-participarao-da-marcha-das-margaridas\/\">Marcha das Margaridas<\/a><\/b>.<\/p>\n<p>Disponibilizado em tr\u00eas idiomas \u2013 portugu\u00eas, espanhol e ingl\u00eas \u2013, o portal re\u00fane tamb\u00e9m produ\u00e7\u00f5es internacionais como\u00a0<i><em style=\"font-weight: inherit;\">Guerrero<\/em><\/i>, produzido pelo cineasta franc\u00eas Ludovic Bonleux, sobre o trabalho de tr\u00eas ativistas na zona rural do sudoeste do M\u00e9xico e\u00a0<i><em style=\"font-weight: inherit;\">Ch\u00e1vez infinito<\/em><\/i>, uma produ\u00e7\u00e3o independente venezuelana sobre o l\u00edder bolivariano.<\/p>\n<p>Segundo os organizadores do site, a proposta tem entre seus objetivos divulgar o trabalho de &#8220;documentaristas que atendem \u00e0 urg\u00eancia pol\u00edtica dos nossos territ\u00f3rios em luta e resist\u00eancia&#8221;.<\/p>\n<p>O coletivo, composto atualmente por cinco integrantes, realiza tamb\u00e9m oficinas de forma\u00e7\u00e3o audiovisual com o objetivo de democratizar o acesso \u00e0 comunica\u00e7\u00e3o e fomentar a produ\u00e7\u00e3o audiovisual popular.<\/p>\n<p>&nbsp;<\/p>\n<p>Edi\u00e7\u00e3o: Luiza Man\u00e7ano<\/p>\n","protected":false},"excerpt":{"rendered":"<p>A plataforma Bombozila, criada em 2016, disponibiliza uma s\u00e9rie de v\u00eddeos sobre luta pela terra, direitos e mobiliza\u00e7\u00f5es<\/p>\n","protected":false},"author":1,"featured_media":0,"comment_status":"closed","ping_status":"open","sticky":false,"template":"","format":"standard","meta":{"_exactmetrics_skip_tracking":false,"_exactmetrics_sitenote_active":false,"_exactmetrics_sitenote_note":"","_exactmetrics_sitenote_category":0,"jetpack_post_was_ever_published":false,"_jetpack_newsletter_access":"","_jetpack_dont_email_post_to_subs":false,"_jetpack_newsletter_tier_id":0,"_jetpack_memberships_contains_paywalled_content":false,"_jetpack_memberships_contains_paid_content":false,"footnotes":"","jetpack_publicize_message":"","jetpack_publicize_feature_enabled":true,"jetpack_social_post_already_shared":true,"jetpack_social_options":{"image_generator_settings":{"template":"highway","enabled":false},"version":2}},"categories":[1],"tags":[],"class_list":["post-23992","post","type-post","status-publish","format-standard","hentry","category-notas"],"jetpack_publicize_connections":[],"jetpack_sharing_enabled":true,"jetpack_featured_media_url":"","jetpack_shortlink":"https:\/\/wp.me\/p7wKYW-6eY","jetpack-related-posts":[],"_links":{"self":[{"href":"http:\/\/blogdalucianaoliveira.com.br\/blog\/wp-json\/wp\/v2\/posts\/23992","targetHints":{"allow":["GET"]}}],"collection":[{"href":"http:\/\/blogdalucianaoliveira.com.br\/blog\/wp-json\/wp\/v2\/posts"}],"about":[{"href":"http:\/\/blogdalucianaoliveira.com.br\/blog\/wp-json\/wp\/v2\/types\/post"}],"author":[{"embeddable":true,"href":"http:\/\/blogdalucianaoliveira.com.br\/blog\/wp-json\/wp\/v2\/users\/1"}],"replies":[{"embeddable":true,"href":"http:\/\/blogdalucianaoliveira.com.br\/blog\/wp-json\/wp\/v2\/comments?post=23992"}],"version-history":[{"count":1,"href":"http:\/\/blogdalucianaoliveira.com.br\/blog\/wp-json\/wp\/v2\/posts\/23992\/revisions"}],"predecessor-version":[{"id":23994,"href":"http:\/\/blogdalucianaoliveira.com.br\/blog\/wp-json\/wp\/v2\/posts\/23992\/revisions\/23994"}],"wp:attachment":[{"href":"http:\/\/blogdalucianaoliveira.com.br\/blog\/wp-json\/wp\/v2\/media?parent=23992"}],"wp:term":[{"taxonomy":"category","embeddable":true,"href":"http:\/\/blogdalucianaoliveira.com.br\/blog\/wp-json\/wp\/v2\/categories?post=23992"},{"taxonomy":"post_tag","embeddable":true,"href":"http:\/\/blogdalucianaoliveira.com.br\/blog\/wp-json\/wp\/v2\/tags?post=23992"}],"curies":[{"name":"wp","href":"https:\/\/api.w.org\/{rel}","templated":true}]}}