{"id":23995,"date":"2019-09-22T17:24:37","date_gmt":"2019-09-22T21:24:37","guid":{"rendered":"http:\/\/blogdalucianaoliveira.com.br\/blog\/?p=23995"},"modified":"2019-09-22T17:24:37","modified_gmt":"2019-09-22T21:24:37","slug":"contra-os-100-anos-de-fascismos","status":"publish","type":"post","link":"http:\/\/blogdalucianaoliveira.com.br\/blog\/2019\/09\/22\/contra-os-100-anos-de-fascismos\/","title":{"rendered":"Contra os 100 anos de fascismos"},"content":{"rendered":"<div id=\"article_header\" class=\"article-header opinion | flex container_column align_items_center text_align_center padding_h_xxl\"><\/div>\n<div class=\"article_byline | margin_bottom_lg  \">\n<div class=\"authors flex flex_wrap \"><\/div>\n<div class=\"\">\n<div class=\"place_and_time | uppercase color_gray_medium_lighter\"><\/div>\n<\/div>\n<\/div>\n<figure class=\"lead_art |  \"><img data-recalc-dims=\"1\" decoding=\"async\" class=\"width_full\" src=\"https:\/\/i0.wp.com\/brasil.elpais.com\/resizer\/iM70MyHAgBgfxzKnH-mPrT6zqhc%3D\/1500x0\/smart\/arc-anglerfish-eu-central-1-prod-prisa.s3.amazonaws.com\/public\/BQY4VFNUIEPVNKQKKQBDU3VH7E.jpg?w=600&#038;ssl=1\" alt=\"Benito Mussolini durante a proclama\u00e7\u00e3o do Imp\u00e9rio Italiano, em 9 de maio de 1936, em Roma.\" \/><\/figure>\n<div id=\"article_header\" class=\"article-header opinion | flex container_column align_items_center text_align_center padding_h_xxl\">\n<h1 class=\"font_secondary color_gray_ultra_dark italic\">J\u00e1 n\u00e3o h\u00e1 regimes fascistas na Europa, mas permanecem alguns dos instintos que os ergueram. Talvez o desafio interno aos sistemas liberais seja mais grave que o externo<\/h1>\n<\/div>\n<p><!--more--><\/p>\n<section class=\"share-bar | border_bottom border_5\">\n<div class=\"content | border_bottom border_1 padding_bottom flex\n              justify_space_between relative\"><\/div>\n<\/section>\n<div class=\"article_byline | margin_bottom_lg  \">\n<div class=\"authors flex flex_wrap \"><span class=\"margin_bottom uppercase flex align_items_center \"><a class=\"color_black\" title=\"Ver todas as not\u00edcias de Andrea Rizzi \" href=\"https:\/\/brasil.elpais.com\/autor\/andrea_rizzi\/a\/\">ANDREA RIZZI<\/a><\/span><\/div>\n<div class=\"authors flex flex_wrap \">\n<div class=\"\n      social-icons\n      flex container_row\n      horizontal\n      small\n      margin_left\n    \">NO El Pa\u00eds<\/div>\n<div class=\"\n      social-icons\n      flex container_row\n      horizontal\n      small\n      margin_left\n    \"><\/p>\n<p class=\"\">Neste ano, a eclos\u00e3o do<a href=\"https:\/\/brasil.elpais.com\/brasil\/2017\/09\/17\/internacional\/1505669165_912633.html\" target=\"_blank\" data-link-track-dtm=\"\">\u00a0fascismo na It\u00e1lia<\/a>\u00a0completou 100 anos. O manifesto program\u00e1tico do movimento publicado no\u00a0<em>Il Popolo d\u2019Italia<\/em>\u00a0em junho de 1919 cont\u00e9m alguns objetivos louv\u00e1veis, como estabelecer o sufr\u00e1gio universal (e a elegibilidade das mulheres), a jornada de oito horas de trabalho e o sal\u00e1rio m\u00ednimo. J\u00e1 desde o in\u00edcio, no entanto, ficaria bem clara a natureza monstruosa do movimento que inspirou experi\u00eancias semelhantes em outros lugares. O historiador Ian Kershaw argumenta, em seu livro\u00a0<em>De Volta ao Inferno<\/em>, que esse projeto pol\u00edtico foi estabelecido primeiro na It\u00e1lia e n\u00e3o em outros pa\u00edses europeus por uma combina\u00e7\u00e3o de v\u00e1rios fatores, dos quais os principais foram a extraordin\u00e1ria fraqueza do<a href=\"https:\/\/brasil.elpais.com\/brasil\/2019\/06\/28\/politica\/1561737344_535547.html\" target=\"_blank\" data-link-track-dtm=\"\">\u00a0Estado liberal<\/a>, a amea\u00e7a cr\u00edvel de uma<a href=\"https:\/\/brasil.elpais.com\/brasil\/2019\/06\/28\/politica\/1561737344_535547.html\" target=\"_blank\" data-link-track-dtm=\"\">\u00a0revolu\u00e7\u00e3o vermelha\u00a0<\/a>no estilo russo e a enorme frustra\u00e7\u00e3o com as consequ\u00eancias da guerra.<\/p>\n<p class=\"\">O engendro que surgiu foi uma nebulosa pol\u00edtica com alguns denominadores comuns e muitos aspectos vaporosos, sem uma base intelectual bem definida. Em\u00a0<em>O Fascismo Eterno<\/em>\u00a0(1995),\u00a0<a href=\"https:\/\/brasil.elpais.com\/brasil\/2016\/02\/20\/cultura\/1455927385_225826.html\" target=\"_blank\" data-link-track-dtm=\"\">Umberto Eco\u00a0<\/a>enfatizou essa indefini\u00e7\u00e3o que beira a engana\u00e7\u00e3o intelectual e que, paradoxalmente, \u00e9 a chave que estabeleceu o fascismo como um paradigma (juntamente com sua natureza pioneira). O\u00a0<a href=\"https:\/\/brasil.elpais.com\/brasil\/2019\/09\/18\/cultura\/1568802837_985098.html\" data-link-track-dtm=\"\">nazismo\u00a0<\/a>foi um; fascismos, houve muitos. Eco destacou precisamente como, sob uma fenomenologia cambiante, os denominadores comuns do protofascismo sobreviveram \u00e0s suas cristaliza\u00e7\u00f5es mais brutais \u2014como os regimes estabelecidos na It\u00e1lia, Alemanha e Espanha\u2014 e continuam flutuando nos instintos profundos das sociedades.<\/p>\n<section class=\"article_body | color_gray_dark\">\n<p class=\"\">As caracter\u00edsticas que definem o esp\u00edrito fascista n\u00e3o chegam a constituir um sistema de pensamento, mas s\u00e3o m\u00faltiplas. Entre as evidenciadas por Eco: o culto \u00e0 tradi\u00e7\u00e3o e a rejei\u00e7\u00e3o da modernidade; a rejei\u00e7\u00e3o frontal (at\u00e9 a aniquila\u00e7\u00e3o) da cr\u00edtica e do desacordo, que s\u00e3o tratados como trai\u00e7\u00e3o; o medo da diferen\u00e7a; a agita\u00e7\u00e3o de classes m\u00e9dias frustradas; o\u00a0<a href=\"https:\/\/brasil.elpais.com\/brasil\/2019\/06\/27\/cultura\/1561664077_032428.html\" target=\"_blank\" data-link-track-dtm=\"\">populismo\u00a0<\/a>(como um levante de classes populares contra elites); o machismo.<\/p>\n<p class=\"\">Felizmente, desde a queda dos regimes de caracter\u00edstica fascista na Espanha, Gr\u00e9cia e Portugal em meados dos anos setenta, a Europa se afastou muito das vers\u00f5es mais brutais e liberticidas do fascismo. Mas n\u00e3o \u00e9 dif\u00edcil detectar muitos dos elementos espirituais do fascismo flutuando nas sociedades ocidentais. Tamb\u00e9m se detectam formas contempor\u00e2neas de reduzir ao m\u00ednimo a diverg\u00eancia, n\u00e3o atrav\u00e9s da viol\u00eancia, mas do abuso das maiorias parlamentares. Sintomas deste \u00faltimo fen\u00f4meno apareceram na\u00a0<a href=\"https:\/\/brasil.elpais.com\/brasil\/2019\/09\/01\/internacional\/1567347212_321745.html\" target=\"_blank\" data-link-track-dtm=\"\">Europa Oriental<\/a>. Os sentimentos subjacentes ao fascismo s\u00e3o detectados, em doses minorit\u00e1rias, em muitos lares da Europa.<\/p>\n<p class=\"\">O continente n\u00e3o est\u00e1 em risco de desvios fascistas\u00a0<em>tout court<\/em>, mas deve-se vigiar cuidadosamente o vigor de suas arquiteturas democr\u00e1tico-liberais. Essa \u00e9, provavelmente,\u00a0<a href=\"https:\/\/brasil.elpais.com\/brasil\/2019\/08\/16\/internacional\/1565976015_430896.html\" target=\"_blank\" data-link-track-dtm=\"\">a maior amea\u00e7a ao estilo de vida europeu<\/a>. Da\u00ed vem a perplexidade que causou em muitos observadores a decis\u00e3o da futura presidenta da Comiss\u00e3o Europeia, Ursula von der Leyen, de batizar de Prote\u00e7\u00e3o do Estilo de Vida Europeu uma pasta que inclui a quest\u00e3o migrat\u00f3ria. H\u00e1 v\u00e1rias explica\u00e7\u00f5es sem\u00e2nticas para essa decis\u00e3o. O importante \u00e9 que n\u00f3s, europeus, n\u00e3o paremos de nos perguntar: o maior risco para nossos valores vem de fora ou de n\u00f3s mesmos?<\/p>\n<\/section>\n<div class=\"trust_project\"><\/div>\n<section class=\"more_info | border_1 border_top pull_left\"><\/section>\n<\/div>\n<\/div>\n<\/div>\n","protected":false},"excerpt":{"rendered":"<p>J\u00e1 n\u00e3o h\u00e1 regimes fascistas na Europa, mas permanecem alguns dos instintos que os ergueram. Talvez o desafio interno aos sistemas liberais seja mais grave que o externo<\/p>\n","protected":false},"author":1,"featured_media":0,"comment_status":"closed","ping_status":"open","sticky":false,"template":"","format":"standard","meta":{"_exactmetrics_skip_tracking":false,"_exactmetrics_sitenote_active":false,"_exactmetrics_sitenote_note":"","_exactmetrics_sitenote_category":0,"jetpack_post_was_ever_published":false,"_jetpack_newsletter_access":"","_jetpack_dont_email_post_to_subs":false,"_jetpack_newsletter_tier_id":0,"_jetpack_memberships_contains_paywalled_content":false,"_jetpack_memberships_contains_paid_content":false,"footnotes":"","jetpack_publicize_message":"","jetpack_publicize_feature_enabled":true,"jetpack_social_post_already_shared":true,"jetpack_social_options":{"image_generator_settings":{"template":"highway","enabled":false},"version":2}},"categories":[1],"tags":[],"class_list":["post-23995","post","type-post","status-publish","format-standard","hentry","category-notas"],"jetpack_publicize_connections":[],"jetpack_sharing_enabled":true,"jetpack_featured_media_url":"","jetpack_shortlink":"https:\/\/wp.me\/p7wKYW-6f1","jetpack-related-posts":[],"_links":{"self":[{"href":"http:\/\/blogdalucianaoliveira.com.br\/blog\/wp-json\/wp\/v2\/posts\/23995","targetHints":{"allow":["GET"]}}],"collection":[{"href":"http:\/\/blogdalucianaoliveira.com.br\/blog\/wp-json\/wp\/v2\/posts"}],"about":[{"href":"http:\/\/blogdalucianaoliveira.com.br\/blog\/wp-json\/wp\/v2\/types\/post"}],"author":[{"embeddable":true,"href":"http:\/\/blogdalucianaoliveira.com.br\/blog\/wp-json\/wp\/v2\/users\/1"}],"replies":[{"embeddable":true,"href":"http:\/\/blogdalucianaoliveira.com.br\/blog\/wp-json\/wp\/v2\/comments?post=23995"}],"version-history":[{"count":1,"href":"http:\/\/blogdalucianaoliveira.com.br\/blog\/wp-json\/wp\/v2\/posts\/23995\/revisions"}],"predecessor-version":[{"id":23996,"href":"http:\/\/blogdalucianaoliveira.com.br\/blog\/wp-json\/wp\/v2\/posts\/23995\/revisions\/23996"}],"wp:attachment":[{"href":"http:\/\/blogdalucianaoliveira.com.br\/blog\/wp-json\/wp\/v2\/media?parent=23995"}],"wp:term":[{"taxonomy":"category","embeddable":true,"href":"http:\/\/blogdalucianaoliveira.com.br\/blog\/wp-json\/wp\/v2\/categories?post=23995"},{"taxonomy":"post_tag","embeddable":true,"href":"http:\/\/blogdalucianaoliveira.com.br\/blog\/wp-json\/wp\/v2\/tags?post=23995"}],"curies":[{"name":"wp","href":"https:\/\/api.w.org\/{rel}","templated":true}]}}