{"id":24009,"date":"2019-09-23T10:54:46","date_gmt":"2019-09-23T14:54:46","guid":{"rendered":"http:\/\/blogdalucianaoliveira.com.br\/blog\/?p=24009"},"modified":"2019-09-23T10:54:46","modified_gmt":"2019-09-23T14:54:46","slug":"imagine-bolsonaro-sendo-julgado-por-ecocidio-em-haia-sugere-nyt","status":"publish","type":"post","link":"http:\/\/blogdalucianaoliveira.com.br\/blog\/2019\/09\/23\/imagine-bolsonaro-sendo-julgado-por-ecocidio-em-haia-sugere-nyt\/","title":{"rendered":"&#8216;Imagine Bolsonaro sendo julgado por ecoc\u00eddio em Haia&#8217;, sugere NYT"},"content":{"rendered":"<p><img data-recalc-dims=\"1\" loading=\"lazy\" decoding=\"async\" data-attachment-id=\"23359\" data-permalink=\"http:\/\/blogdalucianaoliveira.com.br\/blog\/2019\/08\/15\/noruega-ira-bloquear-verba-para-o-fundo-amazonia\/fol\/\" data-orig-file=\"https:\/\/i0.wp.com\/blogdalucianaoliveira.com.br\/blog\/wp-content\/uploads\/2019\/08\/fol.jpg?fit=1024%2C683\" data-orig-size=\"1024,683\" data-comments-opened=\"0\" data-image-meta=\"{&quot;aperture&quot;:&quot;0&quot;,&quot;credit&quot;:&quot;&quot;,&quot;camera&quot;:&quot;&quot;,&quot;caption&quot;:&quot;&quot;,&quot;created_timestamp&quot;:&quot;0&quot;,&quot;copyright&quot;:&quot;&quot;,&quot;focal_length&quot;:&quot;0&quot;,&quot;iso&quot;:&quot;0&quot;,&quot;shutter_speed&quot;:&quot;0&quot;,&quot;title&quot;:&quot;&quot;,&quot;orientation&quot;:&quot;0&quot;}\" data-image-title=\"fol\" data-image-description=\"\" data-image-caption=\"\" data-medium-file=\"https:\/\/i0.wp.com\/blogdalucianaoliveira.com.br\/blog\/wp-content\/uploads\/2019\/08\/fol.jpg?fit=300%2C200\" data-large-file=\"https:\/\/i0.wp.com\/blogdalucianaoliveira.com.br\/blog\/wp-content\/uploads\/2019\/08\/fol.jpg?fit=600%2C400\" class=\"alignnone size-full wp-image-23359\" src=\"https:\/\/i0.wp.com\/blogdalucianaoliveira.com.br\/blog\/wp-content\/uploads\/2019\/08\/fol.jpg?resize=600%2C400\" alt=\"fol\" width=\"600\" height=\"400\" srcset=\"https:\/\/i0.wp.com\/blogdalucianaoliveira.com.br\/blog\/wp-content\/uploads\/2019\/08\/fol.jpg?w=1024 1024w, https:\/\/i0.wp.com\/blogdalucianaoliveira.com.br\/blog\/wp-content\/uploads\/2019\/08\/fol.jpg?resize=300%2C200 300w, https:\/\/i0.wp.com\/blogdalucianaoliveira.com.br\/blog\/wp-content\/uploads\/2019\/08\/fol.jpg?resize=768%2C512 768w, https:\/\/i0.wp.com\/blogdalucianaoliveira.com.br\/blog\/wp-content\/uploads\/2019\/08\/fol.jpg?resize=450%2C300 450w\" sizes=\"auto, (max-width: 600px) 100vw, 600px\" \/><\/p>\n<div class=\"flex-cell\">\n<div class=\"row\">\n<div class=\"col col--md-1-1 col--lg-10-15 col-offset--lg-5-18\">\n<header class=\"c-content-head\" data-share-text=\"\">\n<div class=\"c-content-head__wrap\">\n<h2 class=\"c-content-head__subtitle\">&#8216;Mini-Trump&#8217;, brasileiro se tornou &#8216;garoto-propaganda&#8217; da necessidade de criminalizar a destrui\u00e7\u00e3o do meio ambiente<\/h2>\n<p><!--more--><\/p>\n<\/div>\n<\/header>\n<div class=\"c-tools-share c-tools-share--bordered-md toolbar rs_skip\">\n<p>\u00a0Na Folha<\/p>\n<div class=\"c-news__body\" data-share-text=\"\" data-news-content-text=\"\" data-disable-copy=\"\" data-continue-reading=\"\" data-continue-reading-hide-others=\".js-continue-reading-hidden\">\n<p>Jair Bolsonaro chega a Nova York com o\u00a0<a href=\"https:\/\/www.nytimes.com\/2019\/09\/22\/world\/americas\/united-nations-what-to-expect.html\">New York Times<\/a>\u00a0publicando \u201cO que esperar da Assembleia Geral da ONU\u201d na cidade, em \u201ccinco dias de discursos, centenas de reuni\u00f5es \u2014e confrontos sobre mudan\u00e7a do clima\u201d. Para come\u00e7ar, na ter\u00e7a, \u201cL\u00edderes com mesma cabe\u00e7a: Bolsonaro, Trump, Sisi\u201d.<\/p>\n<p>O americano fala ap\u00f3s o brasileiro, \u201cchamado de mini-Trump, uma figura polarizadora que, como Trump, nega a mudan\u00e7a no clima e ridiculariza cr\u00edticos no Twitter\u201d. Em seguida fala o ditador eg\u00edpcio, \u201cex-general que virou s\u00edmbolo da repress\u00e3o da Primavera \u00c1rabe\u201d.<\/p>\n<p>Tamb\u00e9m na edi\u00e7\u00e3o de segunda do jornal, \u201cBachelet, chefe de direitos humanos da ONU, diz sentir\u00a0<a href=\"https:\/\/www.nytimes.com\/2019\/09\/22\/world\/americas\/bachelet-bolsonaro.html\">pena pelo Brasil<\/a>\u201d sob Bolsonaro. \u00c9 refer\u00eancia ao relato publicado pelo chileno\u00a0<a href=\"https:\/\/www.latercera.com\/la-tercera-domingo\/noticia\/michelle-bachelet-no-busco-no-quiero-no-voy-candidata\/829133\/\">La Tercera<\/a>, com a entrevista dada pela ex-presidente \u00e0 principal rede\u00a0de seu pa\u00eds,\u00a0<a href=\"https:\/\/www.24horas.cl\/programas\/elinformante\/michelle-bachelet-respecto-a-declaraciones-de-jair-bolsonaro-yo-se-exactamente-por-que-murio-mi-padre-y-eso-es-lo-que-me-importa-3608931\">TVN<\/a>.<\/p>\n<div class=\"c-advertising c-advertising--300x250 u-hidden-xs\"><\/div>\n<p>E a edi\u00e7\u00e3o de domingo do NYT trouxe artigo assinado pelo chefe do escrit\u00f3rio no Rio, o ex-editorialista\u00a0<a href=\"https:\/\/www.nytimes.com\/2019\/09\/21\/sunday-review\/bolsonaro-amazon-fire.html\">Ernesto Londo\u00f1o<\/a>, com a chamada \u201cPodemos tornar a destrui\u00e7\u00e3o da Amaz\u00f4nia um crime contra a humanidade?\u201d, alterada depois para &#8220;Imagine Bolsonaro sendo julgado por ecoc\u00eddio em Haia&#8221;.<\/p>\n<p>Aprofundando quest\u00e3o levantada no site acad\u00eamico\u00a0<a href=\"https:\/\/theconversation.com\/are-the-amazon-fires-a-crime-against-humanity-122738\">The Conversation<\/a>, ele ouve defensores da criminaliza\u00e7\u00e3o da destrui\u00e7\u00e3o do meio ambiente. Diz um deles: \u201cBolsonaro se tornou o garoto-propaganda da necessidade de estabelecer o crime de ecoc\u00eddio\u201d.<\/p>\n<h3 class=\"c-news__subtitle\">MACRON, PI\u00d1ERA &amp; DUQUE<\/h3>\n<p>Na Fran\u00e7a, sob o t\u00edtulo \u201cONU se re\u00fane, Amaz\u00f4nia ainda queima\u201d, a revista\u00a0<a href=\"https:\/\/www.lepoint.fr\/monde\/bresil-l-onu-se-reunit-l-amazonie-brule-toujours-21-09-2019-2336986_24.php\">Le Point<\/a>\u00a0destaca que nesta segunda o presidente Emmanuel Macron lan\u00e7a em Nova York \u201cum chamado para a mobiliza\u00e7\u00e3o\u201d pela Amaz\u00f4nia, com Sebastian Pi\u00f1era, do Chile, e Ivan Duque, da Col\u00f4mbia, \u201ce sem o Brasil\u201d.<\/p>\n<h3 class=\"c-news__subtitle\">PROPAGANDA E MARKETING<\/h3>\n<p>O\u00a0<a href=\"https:\/\/www.ft.com\/content\/885e646c-d622-11e9-8367-807ebd53ab77\">Financial Times<\/a>\u00a0noticia o esfor\u00e7o publicit\u00e1rio de Bolsonaro para relan\u00e7ar \u201csua imagem depois das queimadas\u201d. Detalha a campanha mundial \u201cem televis\u00e3o e jornais\u201d produzida \u201cpela ag\u00eancia Calia Y2 Propaganda e Marketing e lan\u00e7ada com o in\u00edcio da Assembleia Geral da ONU em Nova York\u201d.<\/p>\n<p>Ouve de \u201cuma autoridade s\u00eanior\u201d do governo que \u201ca ret\u00f3rica de Bolsonaro n\u00e3o ajuda nada\u201d \u2014e conclui que a campanha toda poder\u00e1 ser \u201cminada por seus confrontos com a Europa\u201d.<\/p>\n<div class=\"rs_skip\">\n<div class=\"widget-image\">\n<figure><img data-recalc-dims=\"1\" decoding=\"async\" class=\"img-responsive\" src=\"https:\/\/i0.wp.com\/f.i.uol.com.br\/fotografia\/2019\/09\/22\/15691980275d880fcb303fa_1569198027_4x3_md.jpg?w=600&#038;ssl=1\" sizes=\"(min-width: 1024px) 68vw, 100vw\" srcset=\" https:\/\/f.i.uol.com.br\/fotografia\/2019\/09\/22\/15691980275d880fcb303fa_1569198027_4x3_th.jpg 100w, https:\/\/f.i.uol.com.br\/fotografia\/2019\/09\/22\/15691980275d880fcb303fa_1569198027_4x3_sm.jpg 480w, https:\/\/f.i.uol.com.br\/fotografia\/2019\/09\/22\/15691980275d880fcb303fa_1569198027_4x3_md.jpg 768w, \" alt=\"\" \/><\/figure>\n<\/div>\n<\/div>\n<h3 class=\"c-news__subtitle\">\u00c1GATHA, 8<\/h3>\n<p>No alto da home da\u00a0<a href=\"https:\/\/www.bbc.com\/news\/world-latin-america-49788618\">BBC<\/a>\u00a0(acima), por\u00a0<a href=\"https:\/\/www.lefigaro.fr\/flash-actu\/bresil-la-police-de-rio-ouvre-une-enquete-apres-la-mort-d-une-fille-de-8-ans-20190922\">Le Figaro<\/a>\u00a0e\u00a0<a href=\"https:\/\/www.theguardian.com\/world\/2019\/sep\/22\/brazilians-blame-rio-governors-shoot-to-kill-policy-for-death-of-agatha-felix-girl-8\">The Guardian<\/a>\u00a0e em despacho da americana\u00a0<a href=\"https:\/\/apnews.com\/7818dde253da43d2b193bd466674fddc\">Associated Press<\/a>,\u00a0<a href=\"https:\/\/news.sky.com\/story\/protests-after-girl-killed-by-stray-bullet-during-police-operation-11816566\">entre<\/a>\u00a0<a href=\"https:\/\/www.independent.co.uk\/news\/world\/americas\/protests-rio-brazil-girl-shot-dead-police-favela-agatha-felix-a9115981.html\">outros<\/a>, &#8220;Clamor no Rio, pol\u00edcia \u00e9 acusada de matar menina&#8221;. A maioria dos relatos citados d\u00e1 o governador Wilson Witzel como &#8220;aliado de extrema direita de Bolsonaro&#8221;.<\/p>\n<\/div>\n<div class=\"c-news__author c-author\">\n<div class=\"c-author__content\">\n<p><cite class=\"c-author__name\">Nelson de S\u00e1<\/cite><\/p>\n<p class=\"c-author__bio\">Jornalista, foi editor da Ilustrada.<\/p>\n<\/div>\n<\/div>\n<\/div>\n<\/div>\n<\/div>\n<\/div>\n","protected":false},"excerpt":{"rendered":"<p>&#8216;Mini-Trump&#8217;, brasileiro se tornou &#8216;garoto-propaganda&#8217; da necessidade de criminalizar a destrui\u00e7\u00e3o do meio ambiente<\/p>\n","protected":false},"author":1,"featured_media":0,"comment_status":"closed","ping_status":"open","sticky":false,"template":"","format":"standard","meta":{"_exactmetrics_skip_tracking":false,"_exactmetrics_sitenote_active":false,"_exactmetrics_sitenote_note":"","_exactmetrics_sitenote_category":0,"jetpack_post_was_ever_published":false,"_jetpack_newsletter_access":"","_jetpack_dont_email_post_to_subs":false,"_jetpack_newsletter_tier_id":0,"_jetpack_memberships_contains_paywalled_content":false,"_jetpack_memberships_contains_paid_content":false,"footnotes":"","jetpack_publicize_message":"","jetpack_publicize_feature_enabled":true,"jetpack_social_post_already_shared":true,"jetpack_social_options":{"image_generator_settings":{"template":"highway","enabled":false},"version":2}},"categories":[1],"tags":[],"class_list":["post-24009","post","type-post","status-publish","format-standard","hentry","category-notas"],"jetpack_publicize_connections":[],"jetpack_sharing_enabled":true,"jetpack_featured_media_url":"","jetpack_shortlink":"https:\/\/wp.me\/p7wKYW-6ff","jetpack-related-posts":[],"_links":{"self":[{"href":"http:\/\/blogdalucianaoliveira.com.br\/blog\/wp-json\/wp\/v2\/posts\/24009","targetHints":{"allow":["GET"]}}],"collection":[{"href":"http:\/\/blogdalucianaoliveira.com.br\/blog\/wp-json\/wp\/v2\/posts"}],"about":[{"href":"http:\/\/blogdalucianaoliveira.com.br\/blog\/wp-json\/wp\/v2\/types\/post"}],"author":[{"embeddable":true,"href":"http:\/\/blogdalucianaoliveira.com.br\/blog\/wp-json\/wp\/v2\/users\/1"}],"replies":[{"embeddable":true,"href":"http:\/\/blogdalucianaoliveira.com.br\/blog\/wp-json\/wp\/v2\/comments?post=24009"}],"version-history":[{"count":1,"href":"http:\/\/blogdalucianaoliveira.com.br\/blog\/wp-json\/wp\/v2\/posts\/24009\/revisions"}],"predecessor-version":[{"id":24010,"href":"http:\/\/blogdalucianaoliveira.com.br\/blog\/wp-json\/wp\/v2\/posts\/24009\/revisions\/24010"}],"wp:attachment":[{"href":"http:\/\/blogdalucianaoliveira.com.br\/blog\/wp-json\/wp\/v2\/media?parent=24009"}],"wp:term":[{"taxonomy":"category","embeddable":true,"href":"http:\/\/blogdalucianaoliveira.com.br\/blog\/wp-json\/wp\/v2\/categories?post=24009"},{"taxonomy":"post_tag","embeddable":true,"href":"http:\/\/blogdalucianaoliveira.com.br\/blog\/wp-json\/wp\/v2\/tags?post=24009"}],"curies":[{"name":"wp","href":"https:\/\/api.w.org\/{rel}","templated":true}]}}