{"id":24015,"date":"2019-09-24T06:24:56","date_gmt":"2019-09-24T10:24:56","guid":{"rendered":"http:\/\/blogdalucianaoliveira.com.br\/blog\/?p=24015"},"modified":"2019-09-24T06:24:56","modified_gmt":"2019-09-24T10:24:56","slug":"em-nova-york-bolsonaro-amarga-protestos-no-hotel-em-que-foi-ignorado-por-trump","status":"publish","type":"post","link":"http:\/\/blogdalucianaoliveira.com.br\/blog\/2019\/09\/24\/em-nova-york-bolsonaro-amarga-protestos-no-hotel-em-que-foi-ignorado-por-trump\/","title":{"rendered":"Em Nova York, Bolsonaro amarga protestos no hotel em que foi ignorado por Trump"},"content":{"rendered":"<p><img data-recalc-dims=\"1\" loading=\"lazy\" decoding=\"async\" data-attachment-id=\"24016\" data-permalink=\"http:\/\/blogdalucianaoliveira.com.br\/blog\/2019\/09\/24\/em-nova-york-bolsonaro-amarga-protestos-no-hotel-em-que-foi-ignorado-por-trump\/67950147-615e-425e-a326-0d8d7d7fb542\/\" data-orig-file=\"https:\/\/i0.wp.com\/blogdalucianaoliveira.com.br\/blog\/wp-content\/uploads\/2019\/09\/67950147-615E-425E-A326-0D8D7D7FB542.png?fit=500%2C240\" data-orig-size=\"500,240\" data-comments-opened=\"0\" data-image-meta=\"{&quot;aperture&quot;:&quot;0&quot;,&quot;credit&quot;:&quot;&quot;,&quot;camera&quot;:&quot;&quot;,&quot;caption&quot;:&quot;&quot;,&quot;created_timestamp&quot;:&quot;0&quot;,&quot;copyright&quot;:&quot;&quot;,&quot;focal_length&quot;:&quot;0&quot;,&quot;iso&quot;:&quot;0&quot;,&quot;shutter_speed&quot;:&quot;0&quot;,&quot;title&quot;:&quot;&quot;,&quot;orientation&quot;:&quot;0&quot;}\" data-image-title=\"67950147-615E-425E-A326-0D8D7D7FB542\" data-image-description=\"\" data-image-caption=\"\" data-medium-file=\"https:\/\/i0.wp.com\/blogdalucianaoliveira.com.br\/blog\/wp-content\/uploads\/2019\/09\/67950147-615E-425E-A326-0D8D7D7FB542.png?fit=300%2C144\" data-large-file=\"https:\/\/i0.wp.com\/blogdalucianaoliveira.com.br\/blog\/wp-content\/uploads\/2019\/09\/67950147-615E-425E-A326-0D8D7D7FB542.png?fit=500%2C240\" src=\"https:\/\/i0.wp.com\/blogdalucianaoliveira.com.br\/blog\/wp-content\/uploads\/2019\/09\/67950147-615E-425E-A326-0D8D7D7FB542.png?resize=500%2C240\" alt=\"67950147-615E-425E-A326-0D8D7D7FB542\" width=\"500\" height=\"240\" class=\"alignnone size-full wp-image-24016\" srcset=\"https:\/\/i0.wp.com\/blogdalucianaoliveira.com.br\/blog\/wp-content\/uploads\/2019\/09\/67950147-615E-425E-A326-0D8D7D7FB542.png?w=500 500w, https:\/\/i0.wp.com\/blogdalucianaoliveira.com.br\/blog\/wp-content\/uploads\/2019\/09\/67950147-615E-425E-A326-0D8D7D7FB542.png?resize=300%2C144 300w\" sizes=\"auto, (max-width: 500px) 100vw, 500px\" \/><\/p>\n<p>247 &#8211; No hotel em que foi ignorado por Donald Trump, Bolsonaro amarga os primeiros protestos que o perseguem ao menor passo fora de seu ambiente controlado em Bras\u00edlia. Projetadas nos muros do hotel, mensagem como &#8220;Free Lula&#8221; e &#8220;Cancel Bolsonaro&#8221; antecipam o vexame anunciado que permeia os bastidores de sua fala na ONU. <!--more--><\/p>\n<p>A reportagem da revista F\u00f3rum destaca que &#8220;logo que chegou ao hotel InterContinental The Barclay, um dos mais luxuosos de Nova Iorque, Bolsonaro enfrentou um grupo de manifestantes que se concentrou ao lado da entrada principal do edif\u00edcio. Sob gritos de \u201cAmaz\u00f4nia sim, Bolsonaro n\u00e3o\u201d, ele entrou \u00e0s pressas na recep\u00e7\u00e3o.&#8221;<\/p>\n<p>A mat\u00e9ria ainda sublinha que &#8220;mais tarde, o coletivo Defend Democracy in Brazil realizou uma a\u00e7\u00e3o com proje\u00e7\u00f5es na fachada do hotel de Bolsonaro. Frases como \u201cThe Amazon is burning\u201d (A Amaz\u00f4nia est\u00e1 em chamas), \u201cBolsonaro speaks tomorrow\u201d (Bolsonaro discursa amanh\u00e3) e \u201cCancel Bolsonaro\u201d (Cancele Bolsonaro) foram algumas das que ficaram em evid\u00eancia, projetadas no pr\u00e9dio, para os transeuntes.  A frase \u201cFree Lula\u201d (Lula livre) tamb\u00e9m foi projetada no hotel em que o capit\u00e3o da reserva se prepara para seu discurso na abertura dos trabalhos da Assembleia Geral da ONU.&#8221;<\/p>\n","protected":false},"excerpt":{"rendered":"<p>247 &#8211; No hotel em que foi ignorado por Donald Trump, Bolsonaro amarga os primeiros protestos que o perseguem ao menor passo fora de seu ambiente controlado em Bras\u00edlia. Projetadas nos muros do hotel, mensagem como &#8220;Free Lula&#8221; e &#8220;Cancel Bolsonaro&#8221; antecipam o vexame anunciado que permeia os bastidores de sua fala na ONU.<\/p>\n","protected":false},"author":1,"featured_media":0,"comment_status":"closed","ping_status":"open","sticky":false,"template":"","format":"standard","meta":{"_exactmetrics_skip_tracking":false,"_exactmetrics_sitenote_active":false,"_exactmetrics_sitenote_note":"","_exactmetrics_sitenote_category":0,"jetpack_post_was_ever_published":false,"_jetpack_newsletter_access":"","_jetpack_dont_email_post_to_subs":false,"_jetpack_newsletter_tier_id":0,"_jetpack_memberships_contains_paywalled_content":false,"_jetpack_memberships_contains_paid_content":false,"footnotes":"","jetpack_publicize_message":"","jetpack_publicize_feature_enabled":true,"jetpack_social_post_already_shared":true,"jetpack_social_options":{"image_generator_settings":{"template":"highway","enabled":false},"version":2}},"categories":[1],"tags":[],"class_list":["post-24015","post","type-post","status-publish","format-standard","hentry","category-notas"],"jetpack_publicize_connections":[],"jetpack_sharing_enabled":true,"jetpack_featured_media_url":"","jetpack_shortlink":"https:\/\/wp.me\/p7wKYW-6fl","jetpack-related-posts":[],"_links":{"self":[{"href":"http:\/\/blogdalucianaoliveira.com.br\/blog\/wp-json\/wp\/v2\/posts\/24015","targetHints":{"allow":["GET"]}}],"collection":[{"href":"http:\/\/blogdalucianaoliveira.com.br\/blog\/wp-json\/wp\/v2\/posts"}],"about":[{"href":"http:\/\/blogdalucianaoliveira.com.br\/blog\/wp-json\/wp\/v2\/types\/post"}],"author":[{"embeddable":true,"href":"http:\/\/blogdalucianaoliveira.com.br\/blog\/wp-json\/wp\/v2\/users\/1"}],"replies":[{"embeddable":true,"href":"http:\/\/blogdalucianaoliveira.com.br\/blog\/wp-json\/wp\/v2\/comments?post=24015"}],"version-history":[{"count":1,"href":"http:\/\/blogdalucianaoliveira.com.br\/blog\/wp-json\/wp\/v2\/posts\/24015\/revisions"}],"predecessor-version":[{"id":24017,"href":"http:\/\/blogdalucianaoliveira.com.br\/blog\/wp-json\/wp\/v2\/posts\/24015\/revisions\/24017"}],"wp:attachment":[{"href":"http:\/\/blogdalucianaoliveira.com.br\/blog\/wp-json\/wp\/v2\/media?parent=24015"}],"wp:term":[{"taxonomy":"category","embeddable":true,"href":"http:\/\/blogdalucianaoliveira.com.br\/blog\/wp-json\/wp\/v2\/categories?post=24015"},{"taxonomy":"post_tag","embeddable":true,"href":"http:\/\/blogdalucianaoliveira.com.br\/blog\/wp-json\/wp\/v2\/tags?post=24015"}],"curies":[{"name":"wp","href":"https:\/\/api.w.org\/{rel}","templated":true}]}}