{"id":24018,"date":"2019-09-24T06:30:47","date_gmt":"2019-09-24T10:30:47","guid":{"rendered":"http:\/\/blogdalucianaoliveira.com.br\/blog\/?p=24018"},"modified":"2019-09-24T06:30:47","modified_gmt":"2019-09-24T10:30:47","slug":"primum-non-nocere","status":"publish","type":"post","link":"http:\/\/blogdalucianaoliveira.com.br\/blog\/2019\/09\/24\/primum-non-nocere\/","title":{"rendered":"&#8216;Primum non nocere&#8217;"},"content":{"rendered":"<p><img data-recalc-dims=\"1\" loading=\"lazy\" decoding=\"async\" data-attachment-id=\"24019\" data-permalink=\"http:\/\/blogdalucianaoliveira.com.br\/blog\/2019\/09\/24\/primum-non-nocere\/a48d739f-1fe7-45f9-8fe4-8f9025f14d5e\/\" data-orig-file=\"https:\/\/i0.wp.com\/blogdalucianaoliveira.com.br\/blog\/wp-content\/uploads\/2019\/09\/A48D739F-1FE7-45F9-8FE4-8F9025F14D5E.jpeg?fit=718%2C407\" data-orig-size=\"718,407\" data-comments-opened=\"0\" data-image-meta=\"{&quot;aperture&quot;:&quot;0&quot;,&quot;credit&quot;:&quot;&quot;,&quot;camera&quot;:&quot;&quot;,&quot;caption&quot;:&quot;&quot;,&quot;created_timestamp&quot;:&quot;0&quot;,&quot;copyright&quot;:&quot;&quot;,&quot;focal_length&quot;:&quot;0&quot;,&quot;iso&quot;:&quot;0&quot;,&quot;shutter_speed&quot;:&quot;0&quot;,&quot;title&quot;:&quot;&quot;,&quot;orientation&quot;:&quot;0&quot;}\" data-image-title=\"A48D739F-1FE7-45F9-8FE4-8F9025F14D5E\" data-image-description=\"\" data-image-caption=\"\" data-medium-file=\"https:\/\/i0.wp.com\/blogdalucianaoliveira.com.br\/blog\/wp-content\/uploads\/2019\/09\/A48D739F-1FE7-45F9-8FE4-8F9025F14D5E.jpeg?fit=300%2C170\" data-large-file=\"https:\/\/i0.wp.com\/blogdalucianaoliveira.com.br\/blog\/wp-content\/uploads\/2019\/09\/A48D739F-1FE7-45F9-8FE4-8F9025F14D5E.jpeg?fit=600%2C340\" src=\"https:\/\/i0.wp.com\/blogdalucianaoliveira.com.br\/blog\/wp-content\/uploads\/2019\/09\/A48D739F-1FE7-45F9-8FE4-8F9025F14D5E.jpeg?resize=600%2C340\" alt=\"A48D739F-1FE7-45F9-8FE4-8F9025F14D5E\" width=\"600\" height=\"340\" class=\"alignnone size-full wp-image-24019\" srcset=\"https:\/\/i0.wp.com\/blogdalucianaoliveira.com.br\/blog\/wp-content\/uploads\/2019\/09\/A48D739F-1FE7-45F9-8FE4-8F9025F14D5E.jpeg?w=718 718w, https:\/\/i0.wp.com\/blogdalucianaoliveira.com.br\/blog\/wp-content\/uploads\/2019\/09\/A48D739F-1FE7-45F9-8FE4-8F9025F14D5E.jpeg?resize=300%2C170 300w, https:\/\/i0.wp.com\/blogdalucianaoliveira.com.br\/blog\/wp-content\/uploads\/2019\/09\/A48D739F-1FE7-45F9-8FE4-8F9025F14D5E.jpeg?resize=529%2C300 529w\" sizes=\"auto, (max-width: 600px) 100vw, 600px\" \/><\/p>\n<p>O primeiro dever do bom policial \u00e9 n\u00e3o p\u00f4r a comunidade em risco.<!--more--><\/p>\n<p>Na Folha<br \/>\nH\u00e9lio Schwartsman<\/p>\n<p>No ano passado, a pol\u00edcia da Finl\u00e2ndia disparou seis tiros &#8211;cinco deles de advert\u00eancia. E a pol\u00edcia finlandesa, que, neste s\u00e9culo, matou sete pessoas, \u00e9 &#8220;assassina&#8221; perto da islandesa, que, desde que foi criada em sua formata\u00e7\u00e3o republicana, em 1944, matou um \u00fanico indiv\u00edduo, num tiroteio.<\/p>\n<p>No Brasil, n\u00e3o nos damos ao trabalho de contar as balas. Os cad\u00e1veres de pessoas mortas pela pol\u00edcia, por\u00e9m, chegaram a 6.160 no ano passado. Quanto aos tiroteios, n\u00e3o h\u00e1 base nacional a contabiliz\u00e1-los, mas a plataforma Fogo Cruzado, que computa as ocorr\u00eancias na regi\u00e3o metropolitana do Rio, registrou, entre a segunda e a sexta-feira passadas, 82 situa\u00e7\u00f5es de troca de tiros, com 43 baleados e 29 mortes.<\/p>\n<p>\u00c9 obviamente uma covardia comparar os \u00edndices de criminalidade do Brasil com os de pa\u00edses n\u00f3rdicos, mas, mesmo considerando que os contextos e o tamanho das popula\u00e7\u00f5es s\u00e3o muito diferentes, os n\u00fameros deixam claro que nossas for\u00e7as policiais, ao contr\u00e1rio das escandinavas, n\u00e3o hesitam antes de disparar, com consequ\u00eancias t\u00e3o previs\u00edveis quanto tr\u00e1gicas, como foi o caso da menina \u00c1gatha F\u00e9lix.<\/p>\n<p>Como j\u00e1 escrevi neste espa\u00e7o alguns meses atr\u00e1s, precisamos com urg\u00eancia modificar os protocolos e a cultura de nossas pol\u00edcias para que tiroteios sejam de fato a \u00faltima op\u00e7\u00e3o, mesmo que isso signifique deixar os suspeitos fugirem. O sistema jur\u00eddico brasileiro \u00e9 inequ\u00edvoco ao colocar a defesa da vida, especialmente a vida de inocentes, acima da captura de bandidos ou da prote\u00e7\u00e3o do patrim\u00f4nio.<\/p>\n<p>Ao contr\u00e1rio do que sugerem muitos governantes, o primeiro dever do bom policial \u00e9 n\u00e3o p\u00f4r a comunidade em risco. \u00c9 o &#8220;primum non nocere&#8221;, que tamb\u00e9m vale para os m\u00e9dicos.<\/p>\n<p>Estamos, \u00e9 claro, muito longe do mundo n\u00f3rdico, mas se os tem\u00edveis vikings, que aterrorizaram boa parte da Europa nos s\u00e9culos 8\u00ba e 9\u00ba, puderam se converter nos civilizados finlandeses e islandeses modernos, resta uma esperan\u00e7a para o Brasil.<\/p>\n<p>H\u00e9lio Schwartsman<br \/>\nJornalista, foi editor de Opini\u00e3o. \u00c9 autor de &#8220;Pensando Bem\u2026&#8221;.<\/p>\n","protected":false},"excerpt":{"rendered":"<p>O primeiro dever do bom policial \u00e9 n\u00e3o p\u00f4r a comunidade em risco.<\/p>\n","protected":false},"author":1,"featured_media":0,"comment_status":"closed","ping_status":"open","sticky":false,"template":"","format":"standard","meta":{"_exactmetrics_skip_tracking":false,"_exactmetrics_sitenote_active":false,"_exactmetrics_sitenote_note":"","_exactmetrics_sitenote_category":0,"jetpack_post_was_ever_published":false,"_jetpack_newsletter_access":"","_jetpack_dont_email_post_to_subs":false,"_jetpack_newsletter_tier_id":0,"_jetpack_memberships_contains_paywalled_content":false,"_jetpack_memberships_contains_paid_content":false,"footnotes":"","jetpack_publicize_message":"","jetpack_publicize_feature_enabled":true,"jetpack_social_post_already_shared":true,"jetpack_social_options":{"image_generator_settings":{"template":"highway","enabled":false},"version":2}},"categories":[1],"tags":[],"class_list":["post-24018","post","type-post","status-publish","format-standard","hentry","category-notas"],"jetpack_publicize_connections":[],"jetpack_sharing_enabled":true,"jetpack_featured_media_url":"","jetpack_shortlink":"https:\/\/wp.me\/p7wKYW-6fo","jetpack-related-posts":[],"_links":{"self":[{"href":"http:\/\/blogdalucianaoliveira.com.br\/blog\/wp-json\/wp\/v2\/posts\/24018","targetHints":{"allow":["GET"]}}],"collection":[{"href":"http:\/\/blogdalucianaoliveira.com.br\/blog\/wp-json\/wp\/v2\/posts"}],"about":[{"href":"http:\/\/blogdalucianaoliveira.com.br\/blog\/wp-json\/wp\/v2\/types\/post"}],"author":[{"embeddable":true,"href":"http:\/\/blogdalucianaoliveira.com.br\/blog\/wp-json\/wp\/v2\/users\/1"}],"replies":[{"embeddable":true,"href":"http:\/\/blogdalucianaoliveira.com.br\/blog\/wp-json\/wp\/v2\/comments?post=24018"}],"version-history":[{"count":1,"href":"http:\/\/blogdalucianaoliveira.com.br\/blog\/wp-json\/wp\/v2\/posts\/24018\/revisions"}],"predecessor-version":[{"id":24020,"href":"http:\/\/blogdalucianaoliveira.com.br\/blog\/wp-json\/wp\/v2\/posts\/24018\/revisions\/24020"}],"wp:attachment":[{"href":"http:\/\/blogdalucianaoliveira.com.br\/blog\/wp-json\/wp\/v2\/media?parent=24018"}],"wp:term":[{"taxonomy":"category","embeddable":true,"href":"http:\/\/blogdalucianaoliveira.com.br\/blog\/wp-json\/wp\/v2\/categories?post=24018"},{"taxonomy":"post_tag","embeddable":true,"href":"http:\/\/blogdalucianaoliveira.com.br\/blog\/wp-json\/wp\/v2\/tags?post=24018"}],"curies":[{"name":"wp","href":"https:\/\/api.w.org\/{rel}","templated":true}]}}