{"id":24024,"date":"2019-09-24T10:46:41","date_gmt":"2019-09-24T14:46:41","guid":{"rendered":"http:\/\/blogdalucianaoliveira.com.br\/blog\/?p=24024"},"modified":"2019-09-24T10:46:41","modified_gmt":"2019-09-24T14:46:41","slug":"vexame-global-bolsonaro-ataca-outros-paises-exalta-ditadura-e-bajula-eua-na-onu","status":"publish","type":"post","link":"http:\/\/blogdalucianaoliveira.com.br\/blog\/2019\/09\/24\/vexame-global-bolsonaro-ataca-outros-paises-exalta-ditadura-e-bajula-eua-na-onu\/","title":{"rendered":"Vexame global: Bolsonaro ataca outros pa\u00edses, exalta ditadura e bajula EUA na ONU"},"content":{"rendered":"<picture><img data-recalc-dims=\"1\" decoding=\"async\" title=\"Jair Bolsonaro discursa na ONU (Foto: UN Photo\/Cia Pak)\" src=\"https:\/\/i0.wp.com\/publisher-publish.s3.eu-central-1.amazonaws.com\/pb-brasil247\/swp\/jtjeq9\/media\/20190924160928_114225f0-ae9e-41b2-89b5-e3fb3831d794.jpeg?w=600&#038;ssl=1\" alt=\"Jair Bolsonaro discursa na ONU\" \/><\/picture>\n<p>247 &#8211; Jair Bolsonaro discursou nesta manh\u00e3 na Assembleia Geral das Na\u00e7\u00f5es Unidas e protagonizou o momento mais constrangedor da hist\u00f3ria diplom\u00e1tica do Brasil. Em seu discurso, ele atacou m\u00e9dicos cubanos, exaltou a ditadura militar no Brasil, atacou lideran\u00e7as ind\u00edgenas, como o cacique Raoni, e bajulou os Estados Unidos, pa\u00eds para o qual bate contin\u00eancia.<!--more--><\/p>\n<p>Bolsonaro logo exaltou o golpe e 1964. &#8220;[Os comunistas] tentaram mudar o regime, mas foram derrotados. Vencemos aquela guerra e resguardamos a nossa liberdade&#8221;, afirmou.<\/p>\n<p>Segundo ele, a &#8220;ditadura cubana&#8221; trouxe ao nosso pa\u00eds &#8220;m\u00e9dicos sem comprova\u00e7\u00e3o m\u00e9dica&#8221;. &#8220;Verdadeiro trabalho escravo. Respaldado por entidades de direitos humanos&#8221;, disse. &#8220;Acordo entre PT e governo cubano trouxe m\u00e9dicos sem comprova\u00e7\u00e3o ao Brasil.&#8221;<\/p>\n<p>Bolsonaro afirmou que a &#8220;ideologia (de esquerda) invadiu a alma humana e deixou um rastro de mis\u00e9ria por onde passou. Fui esfaqueado por mililante de esquerda. A ONU pode ajudar na derrota ao ambiente ideol\u00f3gico&#8221;, disse. &#8220;A ideologia invadiu nossos lares contra nossas fam\u00edlias e tenta destruir a inoc\u00eancia de nossas crian\u00e7as. O politicamente correto domina o debate p\u00fablico&#8221;, complementou.<\/p>\n<p>Ele tamb\u00e9m atacou a Venezuela e disse que o Brasil &#8220;sente os impactos&#8221; da &#8220;ditadura venezuelana&#8221;. &#8220;Trabalhamos com os EUA para a democracia ser restabelecidade na Venezuela e para outros pa\u00edses n\u00e3o experimentem este nefasto regime&#8221;, disse.<\/p>\n<p>&#8220;Presidente socialistas que me antecederam desviaram dinheiro para um projeto de poder&#8221;, afirmou. &#8220;Tamb\u00e9m deram recursos para oturosm pa\u00edses para projetos semelhantes em toda a regi\u00e3o. A fonte de recursos secou&#8221;.<\/p>\n<p>Bolsonaro defendeu o &#8220;livre mercado&#8221;. Abertura \u00e9 um dos objetivos imediatods do governo. &#8220;Estamos abrindo a economia e nos integrando \u00e0 cadeias globais de valor&#8221;, acrescentou.<\/p>\n<p>Amaz\u00f4nia e pauta ind\u00edgena<\/p>\n<p>Ao falar sobre a Amaz\u00f4nia, Bolsonaro atacou &#8220;pa\u00edses com esp\u00edrito colonislista&#8221;, em refer\u00eancia \u00e0s cr\u00edticas de na\u00e7\u00f5es europeias. &#8220;Clima seco favorece queimadas. Existem queimadas praticadas por \u00edndios&#8221;, complementou.<\/p>\n<p>&#8220;A vis\u00e3o de um l\u00edder ind\u00edgena n\u00e3o representa a vis\u00e3o de todos os \u00edndios brasileiros. Algumas pessoas de dentro e de fora apoiada por ONGs querem nossos \u00edndios como homens das cavernas&#8221;, continuou.<\/p>\n<p>De acordo com ele, a imprensa cobre o desmatamento com &#8220;fal\u00e1cias&#8221; e de &#8220;forma desrespeitosa&#8221;.<\/p>\n<p>Boslonaro criticou o que chamou de &#8220;ambientalismo radical e indigenismo ultrapassado&#8221;, que, segundo ele, representam o &#8220;atraso&#8221;.<\/p>\n<p>&#8220;Temos toler\u00e2ncia zero para criminalidade, incluindo crimes ambientais. Qualquer iniciativa de ajuda ou apoio deve ser tratado em pleno respeito \u00e0 soberania brasileira. Recha\u00e7ados a tentativa de instrumentalizar a quest\u00e3o ambiental em prol de interesses pol\u00edticos externos&#8221;.<\/p>\n<p>O jornalista George Marques afirma que o &#8220;discurso de Bolsonaro de cabo a rabo tem vi\u00e9s ideol\u00f3gico&#8221;. &#8220;Ataca Cuba, Venezuela, o socialismo. N\u00e3o acrescentou nenhuma palavra de uni\u00e3o ou conciliat\u00f3ria, apenas a divis\u00e3o. Ainda saudou a ditadura e o golpe militar que marcou a hist\u00f3ria brasileira. Que vergonha para o Brasil&#8221;.<\/p>\n<p>Bolsonaro atacou o l\u00edder ind\u00edgena Raoni Metuktire. &#8220;Muitas vezes essas lideran\u00e7as, como Raoni, s\u00e3o usados como ferramenta de manobra para conduzir seus interesses sobre a Amaz\u00f4nia&#8221;, disse.<\/p>\n<p>O ocupante do Planalto bajulou Israel. &#8220;Agrade\u00e7o Israel pelo apoio nos recentes desastres ocorridos em meu pa\u00eds&#8221;.<\/p>\n<p><b>Terrorismo<\/b><\/p>\n<p>Em seu discurso, Bolsonaro tamb\u00e9m afirmou que &#8220;terroristas n\u00e3o v\u00e3o mais encontrar ref\u00fagio no Brasil&#8221;. &#8220;O terrorista Cesare Battisti foi extraditado para a It\u00e1lia no meu governo, assim como outros tr\u00eas terroristas.&#8221;<\/p>\n<div class=\"embed-block\">\n<div class=\"SandboxRoot env-bp-350\" data-twitter-event-id=\"0\">\n<div id=\"twitter-widget-0\" class=\"EmbeddedTweet EmbeddedTweet--cta js-clickToOpenTarget\" lang=\"pt\" data-click-to-open-target=\"https:\/\/twitter.com\/GeorgMarques\/status\/1176493361051635713\" data-iframe-title=\"Tweet do Twitter\" data-scribe=\"page:tweet\" data-twitter-event-id=\"1\">\n<div class=\"EmbeddedTweet-tweetContainer\">\n<div class=\"EmbeddedTweet-tweet\">\n<blockquote class=\"Tweet h-entry js-tweetIdInfo subject expanded\" cite=\"https:\/\/twitter.com\/GeorgMarques\/status\/1176493361051635713\" data-tweet-id=\"1176493361051635713\" data-scribe=\"section:subject\">\n<div class=\"Tweet-header\"><a class=\"TweetAuthor-avatar  Identity-avatar u-linkBlend\" href=\"https:\/\/twitter.com\/GeorgMarques\" data-scribe=\"element:user_link\"><img data-recalc-dims=\"1\" decoding=\"async\" class=\"Avatar\" src=\"https:\/\/i0.wp.com\/pbs.twimg.com\/profile_images\/1158789163375910912\/uRBNnBSb_normal.jpg?w=600&#038;ssl=1\" alt=\"\" data-scribe=\"element:avatar\" data-src-2x=\"https:\/\/pbs.twimg.com\/profile_images\/1158789163375910912\/uRBNnBSb_bigger.jpg\" data-src-1x=\"https:\/\/pbs.twimg.com\/profile_images\/1158789163375910912\/uRBNnBSb_normal.jpg\" \/><\/a><\/p>\n<div class=\"TweetAuthor js-inViewportScribingTarget\" data-scribe=\"component:author\">\n<div class=\"TweetAuthor-nameScreenNameContainer\"><span class=\"TweetAuthor-decoratedName\"><span class=\"TweetAuthor-name Identity-name customisable-highlight\" title=\"George Marques\" data-scribe=\"element:name\">George Marques<\/span><\/span><\/p>\n<div class=\"Icon Icon--verified \" title=\"Conta Verificada\"><\/div>\n<p><span class=\"TweetAuthor-decoratedName\"><span class=\"TweetAuthor-verifiedBadge\" data-scribe=\"element:verified_badge\"><b class=\"u-hiddenVisually\">\u2714<\/b><\/span><\/span><span class=\"TweetAuthor-screenName Identity-screenName\" dir=\"ltr\" title=\"@GeorgMarques\" data-scribe=\"element:screen_name\">@GeorgMarques<\/span><\/div>\n<\/div>\n<div class=\"Tweet-brand\"><\/div>\n<\/div>\n<div class=\"Tweet-body e-entry-content\" data-scribe=\"component:tweet\">\n<div class=\"Tweet-target js-inViewportScribingTarget\"><\/div>\n<p class=\"Tweet-text e-entry-title\" dir=\"ltr\" lang=\"pt\">Discurso de Bolsonaro de cabo a rabo tem vi\u00e9s ideol\u00f3gico. Ataca Cuba, Venezuela, o socialismo. N\u00e3o acrescentou nenhuma palavra de uni\u00e3o ou conciliat\u00f3ria, apenas a divis\u00e3o. Ainda saudou a ditadura e o golpe militar que marcou a hist\u00f3ria brasileira. Que vergonha para o Brasil.<\/p>\n<div class=\"TweetInfo\">\n<div class=\"TweetInfo-like\">\n<div data-scribe=\"element:heart\"><\/div>\n<\/div>\n<\/div>\n<\/div>\n<\/blockquote>\n<\/div>\n<\/div>\n<\/div>\n<\/div>\n<\/div>\n<div class=\"teads-inread sm-screen\"><\/div>\n","protected":false},"excerpt":{"rendered":"<p>247 &#8211; Jair Bolsonaro discursou nesta manh\u00e3 na Assembleia Geral das Na\u00e7\u00f5es Unidas e protagonizou o momento mais constrangedor da hist\u00f3ria diplom\u00e1tica do Brasil. Em seu discurso, ele atacou m\u00e9dicos cubanos, exaltou a ditadura militar no Brasil, atacou lideran\u00e7as ind\u00edgenas, como o cacique Raoni, e bajulou os Estados Unidos, pa\u00eds para o qual bate contin\u00eancia.<\/p>\n","protected":false},"author":1,"featured_media":0,"comment_status":"closed","ping_status":"open","sticky":false,"template":"","format":"standard","meta":{"_exactmetrics_skip_tracking":false,"_exactmetrics_sitenote_active":false,"_exactmetrics_sitenote_note":"","_exactmetrics_sitenote_category":0,"jetpack_post_was_ever_published":false,"_jetpack_newsletter_access":"","_jetpack_dont_email_post_to_subs":false,"_jetpack_newsletter_tier_id":0,"_jetpack_memberships_contains_paywalled_content":false,"_jetpack_memberships_contains_paid_content":false,"footnotes":"","jetpack_publicize_message":"","jetpack_publicize_feature_enabled":true,"jetpack_social_post_already_shared":true,"jetpack_social_options":{"image_generator_settings":{"template":"highway","enabled":false},"version":2}},"categories":[1],"tags":[],"class_list":["post-24024","post","type-post","status-publish","format-standard","hentry","category-notas"],"jetpack_publicize_connections":[],"jetpack_sharing_enabled":true,"jetpack_featured_media_url":"","jetpack_shortlink":"https:\/\/wp.me\/p7wKYW-6fu","jetpack-related-posts":[],"_links":{"self":[{"href":"http:\/\/blogdalucianaoliveira.com.br\/blog\/wp-json\/wp\/v2\/posts\/24024","targetHints":{"allow":["GET"]}}],"collection":[{"href":"http:\/\/blogdalucianaoliveira.com.br\/blog\/wp-json\/wp\/v2\/posts"}],"about":[{"href":"http:\/\/blogdalucianaoliveira.com.br\/blog\/wp-json\/wp\/v2\/types\/post"}],"author":[{"embeddable":true,"href":"http:\/\/blogdalucianaoliveira.com.br\/blog\/wp-json\/wp\/v2\/users\/1"}],"replies":[{"embeddable":true,"href":"http:\/\/blogdalucianaoliveira.com.br\/blog\/wp-json\/wp\/v2\/comments?post=24024"}],"version-history":[{"count":1,"href":"http:\/\/blogdalucianaoliveira.com.br\/blog\/wp-json\/wp\/v2\/posts\/24024\/revisions"}],"predecessor-version":[{"id":24025,"href":"http:\/\/blogdalucianaoliveira.com.br\/blog\/wp-json\/wp\/v2\/posts\/24024\/revisions\/24025"}],"wp:attachment":[{"href":"http:\/\/blogdalucianaoliveira.com.br\/blog\/wp-json\/wp\/v2\/media?parent=24024"}],"wp:term":[{"taxonomy":"category","embeddable":true,"href":"http:\/\/blogdalucianaoliveira.com.br\/blog\/wp-json\/wp\/v2\/categories?post=24024"},{"taxonomy":"post_tag","embeddable":true,"href":"http:\/\/blogdalucianaoliveira.com.br\/blog\/wp-json\/wp\/v2\/tags?post=24024"}],"curies":[{"name":"wp","href":"https:\/\/api.w.org\/{rel}","templated":true}]}}