{"id":24028,"date":"2019-09-24T11:33:28","date_gmt":"2019-09-24T15:33:28","guid":{"rendered":"http:\/\/blogdalucianaoliveira.com.br\/blog\/?p=24028"},"modified":"2019-09-24T11:33:28","modified_gmt":"2019-09-24T15:33:28","slug":"o-que-sera-do-brasil-ja-e-hora-de-comecar-a-pensar-no-pos-bolsonaro","status":"publish","type":"post","link":"http:\/\/blogdalucianaoliveira.com.br\/blog\/2019\/09\/24\/o-que-sera-do-brasil-ja-e-hora-de-comecar-a-pensar-no-pos-bolsonaro\/","title":{"rendered":"O que ser\u00e1 do Brasil? J\u00e1 \u00e9 hora de come\u00e7ar a pensar no p\u00f3s-Bolsonaro"},"content":{"rendered":"<p><img data-recalc-dims=\"1\" height=\"338\" width=\"600\" decoding=\"async\" src=\"https:\/\/i0.wp.com\/www.esmaelmorais.com.br\/wp-content\/uploads\/2019\/09\/bolsonaro-onu-1280x720.jpeg?resize=600%2C338&#038;ssl=1\" alt=\"Imagem relacionada\" \/><\/p>\n<p>Mais dia, menos dia, esse desgoverno assassino acaba.<\/p>\n<p>E depois? O que ser\u00e1 do Brasil?<!--more--><\/p>\n<p>PUBLICADO NO BALAIO DO KOTSCHO<\/p>\n<p>POR RICARDO KOTSCHO<\/p>\n<p>Quase todo mundo j\u00e1 percebeu que o governo j\u00e1 n\u00e3o re\u00fane a menor condi\u00e7\u00e3o pol\u00edtica, econ\u00f4mica, social, moral e mental de conduzir o pa\u00eds at\u00e9 2022.<\/p>\n<p>Est\u00e1 na hora de come\u00e7armos a pensar em como organizar o pa\u00eds sobre os escombros do per\u00edodo Bolsonaro.<\/p>\n<p>Muita gente j\u00e1 est\u00e1 fazendo isso nos diferentes movimentos sociais da sociedade civil, que volta a se mobilizar em defesa da democracia.<\/p>\n<p>Por enquanto, as pessoas ainda est\u00e3o promovendo atos e reuni\u00f5es em ambientes fechados, com quase nenhuma visibilidade na m\u00eddia, mas a resist\u00eancia ao arb\u00edtrio existe e come\u00e7a a ganhar forma sob o comando de entidades como a OAB, a CNBB, a UNE e a ABI, com a participa\u00e7\u00e3o de trabalhadores, estudantes, acad\u00eamicos, juristas, jornalistas, defensores dos direitos humanos.<\/p>\n<p>Bastaram menos de nove meses para o capit\u00e3o expulso do Ex\u00e9rcito colocar em pr\u00e1tica o que havia prometido: destruir os alicerces democr\u00e1ticos do pa\u00eds para \u201ccombater o comunismo\u201d e depois come\u00e7ar tudo de novo.<\/p>\n<p>Ningu\u00e9m mais tem o direito de ficar indiferente a trag\u00e9dias como o assassinato da menina \u00c1gatha, de 8 anos, durante mais uma opera\u00e7\u00e3o policial no Rio contra a popula\u00e7\u00e3o pobre das comunidades, cujas vidas est\u00e3o amea\u00e7adas pela insanidade do governador Wilson Witzel, sob a complac\u00eancia do presidente Jair Bolsonaro e do seu ministro da Justi\u00e7a, S\u00e9rgio Moro.<\/p>\n<p>N\u00e3o satisfeitos com a viol\u00eancia oficializada, que mata civis e policiais militares como num estande de tiro ao alvo, o trio da necro-pol\u00edtica queria aprovar um pacote anticrime criminoso para liberar de vez a matan\u00e7a.<\/p>\n<p>Com a Amaz\u00f4nia ainda ardendo em chamas e a morte de \u00c1gatha chocando o mundo civilizado, o governo brasileiro inicia hoje uma campanha publicit\u00e1ria no exterior para \u201climpar a imagem\u201d do pa\u00eds, ao custo de R$ 40 milh\u00f5es, no momento em que Bolsonaro desembarca em Nova York para a Assembl\u00e9ia Geral das Na\u00e7\u00f5es Unidas.<\/p>\n<p>Pouco importa o que ele v\u00e1 dizer. Ningu\u00e9m l\u00e1 fora acredita mais no que ele fala. Poderia ter economizado o dinheiro da viagem.<\/p>\n<p>Representa\u00e7\u00f5es diplom\u00e1ticas do pa\u00eds no exterior t\u00eam sido atacadas em protestos contra o governo, que se tornou uma amea\u00e7a a toda a a humanidade (ver mat\u00e9ria de Jamil Chade no UOL).<\/p>\n<p>Grandes empresas da Europa est\u00e3o deixando de comprar produtos brasileiros, turistas fogem do Brasil como dos pa\u00edses em guerra, e n\u00e3o se v\u00ea uma \u00fanica iniciativa do Congresso e do Supremo para dar um basta \u00e0 escalada de agress\u00f5es e amea\u00e7as contra a popula\u00e7\u00e3o indefesa e o Estado Democr\u00e1tico der Direito.<\/p>\n<p>Diante do desastre anunciado, os generais se recolheram \u00e0 sua insignific\u00e2ncia porque o capit\u00e3o n\u00e3o ouve mais ningu\u00e9m, na sua alucinada guerra contra o mundo.<\/p>\n<p>Sem dinheiro para nada, Bolsonaro abre os cofres para fazer mais agrados aos militares, como aconteceu ainda na semana passada, em que aumentou a despesa com as For\u00e7as Armadas para o pr\u00f3ximo ano em R$ 4,8 bilh\u00f5es, com novos penduricalhos para os fardados.<\/p>\n<p>Com os partidos destro\u00e7ados pela onda bolsonarista e suas mil\u00edcias digitais, s\u00f3 resta \u00e0 popula\u00e7\u00e3o se reorganizar pela base at\u00e9 chegar o momento de voltar \u00e0s ruas num grande movimento de salva\u00e7\u00e3o nacional.<\/p>\n<p>\u00c9 essa a tarefa que nos cabe agora, antes que seja tarde demais.<\/p>\n<p>Se cada um cuidar s\u00f3 do seu quadrado na tentativa de sobreviver, em breve n\u00e3o teremos mais pa\u00eds para defender.<\/p>\n<p>O sorriso da garota \u00c1gatha ficar\u00e1 marcado em mim para sempre como s\u00edmbolo de um pa\u00eds que chegou ao ponto mais vergonhoso de degrada\u00e7\u00e3o humana.<\/p>\n<p>O desespero da m\u00e3e dela na hora do enterro, agarrada \u00e0 boneca da filha, na foto da primeira p\u00e1gina da Folha desta segunda-feira, me lembrou a imagem c\u00e9lebre daquele chin\u00eas que se colocou diante dos tanques do ex\u00e9rcito como \u00faltimo recurso para defender sua dignidade.<\/p>\n<p>N\u00e3o basta chorar, se indignar, xingar os carrascos, protestar nas redes sociais.<\/p>\n<p>\u00c9 hora de nos unirmos novamente, como fizemos em outros momentos dram\u00e1ticos da vida nacional, em que nossa sobreviv\u00eancia como na\u00e7\u00e3o independente esteve amea\u00e7ada pela tirania.<\/p>\n<p>Tarda, mas ainda \u00e9 tempo.<\/p>\n<p>Vida que segue.<\/p>\n","protected":false},"excerpt":{"rendered":"<p>Mais dia, menos dia, esse desgoverno assassino acaba. E depois? O que ser\u00e1 do Brasil?<\/p>\n","protected":false},"author":1,"featured_media":0,"comment_status":"closed","ping_status":"open","sticky":false,"template":"","format":"standard","meta":{"_exactmetrics_skip_tracking":false,"_exactmetrics_sitenote_active":false,"_exactmetrics_sitenote_note":"","_exactmetrics_sitenote_category":0,"jetpack_post_was_ever_published":false,"_jetpack_newsletter_access":"","_jetpack_dont_email_post_to_subs":false,"_jetpack_newsletter_tier_id":0,"_jetpack_memberships_contains_paywalled_content":false,"_jetpack_memberships_contains_paid_content":false,"footnotes":"","jetpack_publicize_message":"","jetpack_publicize_feature_enabled":true,"jetpack_social_post_already_shared":true,"jetpack_social_options":{"image_generator_settings":{"template":"highway","enabled":false},"version":2}},"categories":[1],"tags":[],"class_list":["post-24028","post","type-post","status-publish","format-standard","hentry","category-notas"],"jetpack_publicize_connections":[],"jetpack_sharing_enabled":true,"jetpack_featured_media_url":"","jetpack_shortlink":"https:\/\/wp.me\/p7wKYW-6fy","jetpack-related-posts":[],"_links":{"self":[{"href":"http:\/\/blogdalucianaoliveira.com.br\/blog\/wp-json\/wp\/v2\/posts\/24028","targetHints":{"allow":["GET"]}}],"collection":[{"href":"http:\/\/blogdalucianaoliveira.com.br\/blog\/wp-json\/wp\/v2\/posts"}],"about":[{"href":"http:\/\/blogdalucianaoliveira.com.br\/blog\/wp-json\/wp\/v2\/types\/post"}],"author":[{"embeddable":true,"href":"http:\/\/blogdalucianaoliveira.com.br\/blog\/wp-json\/wp\/v2\/users\/1"}],"replies":[{"embeddable":true,"href":"http:\/\/blogdalucianaoliveira.com.br\/blog\/wp-json\/wp\/v2\/comments?post=24028"}],"version-history":[{"count":1,"href":"http:\/\/blogdalucianaoliveira.com.br\/blog\/wp-json\/wp\/v2\/posts\/24028\/revisions"}],"predecessor-version":[{"id":24029,"href":"http:\/\/blogdalucianaoliveira.com.br\/blog\/wp-json\/wp\/v2\/posts\/24028\/revisions\/24029"}],"wp:attachment":[{"href":"http:\/\/blogdalucianaoliveira.com.br\/blog\/wp-json\/wp\/v2\/media?parent=24028"}],"wp:term":[{"taxonomy":"category","embeddable":true,"href":"http:\/\/blogdalucianaoliveira.com.br\/blog\/wp-json\/wp\/v2\/categories?post=24028"},{"taxonomy":"post_tag","embeddable":true,"href":"http:\/\/blogdalucianaoliveira.com.br\/blog\/wp-json\/wp\/v2\/tags?post=24028"}],"curies":[{"name":"wp","href":"https:\/\/api.w.org\/{rel}","templated":true}]}}