{"id":24030,"date":"2019-09-24T12:11:43","date_gmt":"2019-09-24T16:11:43","guid":{"rendered":"http:\/\/blogdalucianaoliveira.com.br\/blog\/?p=24030"},"modified":"2019-09-24T12:11:43","modified_gmt":"2019-09-24T16:11:43","slug":"bolsonaro-ataca-raoni-lideranca-historica-dos-indigenas-brasileiros","status":"publish","type":"post","link":"http:\/\/blogdalucianaoliveira.com.br\/blog\/2019\/09\/24\/bolsonaro-ataca-raoni-lideranca-historica-dos-indigenas-brasileiros\/","title":{"rendered":"Bolsonaro ataca Raoni, lideran\u00e7a hist\u00f3rica dos ind\u00edgenas brasileiros"},"content":{"rendered":"<figure><picture><img data-recalc-dims=\"1\" decoding=\"async\" title=\" (Foto: REUTERS\/Carlo Allegri | Edilson Rodrigues\/Ag\u00eancia Senado)\" src=\"https:\/\/i0.wp.com\/publisher-publish.s3.eu-central-1.amazonaws.com\/pb-brasil247\/swp\/jtjeq9\/media\/20190924160952_ffa58fe3-7eee-44af-8db9-f775e0de9405.jpeg?w=600&#038;ssl=1\" alt=\"\" \/><\/picture><figcaption>(Foto: REUTERS\/Carlo Allegri | Edilson Rodrigues\/Ag\u00eancia Senado)<\/figcaption><\/figure>\n<p><b>247<\/b>\u00a0&#8211; Em discurso na Assemblei Geral da Organiza\u00e7\u00e3o das Na\u00e7\u00f5es Unidas, nesta ter\u00e7a-feira (24), Jair Bolsonaro atacou o l\u00edder ind\u00edgena Raoni Metuktire.<\/p>\n<p><!--more--><\/p>\n<p>&#8220;Muitas vezes essas lideran\u00e7as, como Raoni, s\u00e3o usados como ferramenta de manobra para conduzir seus interesses sobre a Amaz\u00f4nia&#8221;, disse. &#8220;A vis\u00e3o de um l\u00edder ind\u00edgena n\u00e3o representa a de todos os \u00edndios brasileiros.&#8221;<\/p>\n<div class=\"contentAd contentAd--noBackground marginBottom30\">Segundo ele, &#8220;vale ressaltar que h\u00e1 queimadas praticadas por \u00edndios e pessoas que moram na regi\u00e3o. Problema qualquer pa\u00eds tem.&#8221;&#8221;A vis\u00e3o de um l\u00edder ind\u00edgena n\u00e3o representa a de todos os \u00edndios brasileiros.&#8221;<\/p>\n<\/div>\n<div class=\"article__text marginTop30\"><\/div>\n","protected":false},"excerpt":{"rendered":"<p>(Foto: REUTERS\/Carlo Allegri | Edilson Rodrigues\/Ag\u00eancia Senado) 247\u00a0&#8211; Em discurso na Assemblei Geral da Organiza\u00e7\u00e3o das Na\u00e7\u00f5es Unidas, nesta ter\u00e7a-feira (24), Jair Bolsonaro atacou o l\u00edder ind\u00edgena Raoni Metuktire.<\/p>\n","protected":false},"author":1,"featured_media":0,"comment_status":"closed","ping_status":"open","sticky":false,"template":"","format":"standard","meta":{"_exactmetrics_skip_tracking":false,"_exactmetrics_sitenote_active":false,"_exactmetrics_sitenote_note":"","_exactmetrics_sitenote_category":0,"jetpack_post_was_ever_published":false,"_jetpack_newsletter_access":"","_jetpack_dont_email_post_to_subs":false,"_jetpack_newsletter_tier_id":0,"_jetpack_memberships_contains_paywalled_content":false,"_jetpack_memberships_contains_paid_content":false,"footnotes":"","jetpack_publicize_message":"","jetpack_publicize_feature_enabled":true,"jetpack_social_post_already_shared":true,"jetpack_social_options":{"image_generator_settings":{"template":"highway","enabled":false},"version":2}},"categories":[1],"tags":[],"class_list":["post-24030","post","type-post","status-publish","format-standard","hentry","category-notas"],"jetpack_publicize_connections":[],"jetpack_sharing_enabled":true,"jetpack_featured_media_url":"","jetpack_shortlink":"https:\/\/wp.me\/p7wKYW-6fA","jetpack-related-posts":[],"_links":{"self":[{"href":"http:\/\/blogdalucianaoliveira.com.br\/blog\/wp-json\/wp\/v2\/posts\/24030","targetHints":{"allow":["GET"]}}],"collection":[{"href":"http:\/\/blogdalucianaoliveira.com.br\/blog\/wp-json\/wp\/v2\/posts"}],"about":[{"href":"http:\/\/blogdalucianaoliveira.com.br\/blog\/wp-json\/wp\/v2\/types\/post"}],"author":[{"embeddable":true,"href":"http:\/\/blogdalucianaoliveira.com.br\/blog\/wp-json\/wp\/v2\/users\/1"}],"replies":[{"embeddable":true,"href":"http:\/\/blogdalucianaoliveira.com.br\/blog\/wp-json\/wp\/v2\/comments?post=24030"}],"version-history":[{"count":1,"href":"http:\/\/blogdalucianaoliveira.com.br\/blog\/wp-json\/wp\/v2\/posts\/24030\/revisions"}],"predecessor-version":[{"id":24031,"href":"http:\/\/blogdalucianaoliveira.com.br\/blog\/wp-json\/wp\/v2\/posts\/24030\/revisions\/24031"}],"wp:attachment":[{"href":"http:\/\/blogdalucianaoliveira.com.br\/blog\/wp-json\/wp\/v2\/media?parent=24030"}],"wp:term":[{"taxonomy":"category","embeddable":true,"href":"http:\/\/blogdalucianaoliveira.com.br\/blog\/wp-json\/wp\/v2\/categories?post=24030"},{"taxonomy":"post_tag","embeddable":true,"href":"http:\/\/blogdalucianaoliveira.com.br\/blog\/wp-json\/wp\/v2\/tags?post=24030"}],"curies":[{"name":"wp","href":"https:\/\/api.w.org\/{rel}","templated":true}]}}