{"id":24032,"date":"2019-09-24T16:37:22","date_gmt":"2019-09-24T20:37:22","guid":{"rendered":"http:\/\/blogdalucianaoliveira.com.br\/blog\/?p=24032"},"modified":"2019-09-24T16:37:22","modified_gmt":"2019-09-24T20:37:22","slug":"cimi-solidariedade-aos-povos-indigenas-do-brasil","status":"publish","type":"post","link":"http:\/\/blogdalucianaoliveira.com.br\/blog\/2019\/09\/24\/cimi-solidariedade-aos-povos-indigenas-do-brasil\/","title":{"rendered":"CIMI: Solidariedade aos Povos Ind\u00edgenas do Brasil"},"content":{"rendered":"<p><img data-recalc-dims=\"1\" loading=\"lazy\" decoding=\"async\" data-attachment-id=\"24033\" data-permalink=\"http:\/\/blogdalucianaoliveira.com.br\/blog\/2019\/09\/24\/cimi-solidariedade-aos-povos-indigenas-do-brasil\/1e1b53c5-bd3d-4719-bb8f-11e76ba827cf\/\" data-orig-file=\"https:\/\/i0.wp.com\/blogdalucianaoliveira.com.br\/blog\/wp-content\/uploads\/2019\/09\/1E1B53C5-BD3D-4719-BB8F-11E76BA827CF.jpeg?fit=475%2C365\" data-orig-size=\"475,365\" data-comments-opened=\"0\" data-image-meta=\"{&quot;aperture&quot;:&quot;0&quot;,&quot;credit&quot;:&quot;&quot;,&quot;camera&quot;:&quot;&quot;,&quot;caption&quot;:&quot;&quot;,&quot;created_timestamp&quot;:&quot;0&quot;,&quot;copyright&quot;:&quot;&quot;,&quot;focal_length&quot;:&quot;0&quot;,&quot;iso&quot;:&quot;0&quot;,&quot;shutter_speed&quot;:&quot;0&quot;,&quot;title&quot;:&quot;&quot;,&quot;orientation&quot;:&quot;1&quot;}\" data-image-title=\"1E1B53C5-BD3D-4719-BB8F-11E76BA827CF\" data-image-description=\"\" data-image-caption=\"\" data-medium-file=\"https:\/\/i0.wp.com\/blogdalucianaoliveira.com.br\/blog\/wp-content\/uploads\/2019\/09\/1E1B53C5-BD3D-4719-BB8F-11E76BA827CF.jpeg?fit=300%2C231\" data-large-file=\"https:\/\/i0.wp.com\/blogdalucianaoliveira.com.br\/blog\/wp-content\/uploads\/2019\/09\/1E1B53C5-BD3D-4719-BB8F-11E76BA827CF.jpeg?fit=475%2C365\" src=\"https:\/\/i0.wp.com\/blogdalucianaoliveira.com.br\/blog\/wp-content\/uploads\/2019\/09\/1E1B53C5-BD3D-4719-BB8F-11E76BA827CF.jpeg?resize=475%2C365\" alt=\"1E1B53C5-BD3D-4719-BB8F-11E76BA827CF\" width=\"475\" height=\"365\" class=\"alignnone size-full wp-image-24033\" srcset=\"https:\/\/i0.wp.com\/blogdalucianaoliveira.com.br\/blog\/wp-content\/uploads\/2019\/09\/1E1B53C5-BD3D-4719-BB8F-11E76BA827CF.jpeg?w=475 475w, https:\/\/i0.wp.com\/blogdalucianaoliveira.com.br\/blog\/wp-content\/uploads\/2019\/09\/1E1B53C5-BD3D-4719-BB8F-11E76BA827CF.jpeg?resize=300%2C231 300w, https:\/\/i0.wp.com\/blogdalucianaoliveira.com.br\/blog\/wp-content\/uploads\/2019\/09\/1E1B53C5-BD3D-4719-BB8F-11E76BA827CF.jpeg?resize=390%2C300 390w\" sizes=\"auto, (max-width: 475px) 100vw, 475px\" \/><\/p>\n<p>Em nome do Conselho Indigenista Mission\u00e1rio-Cimi, manifesto solidariedade aos povos ind\u00edgenas do Brasil frente ao discurso agressivo feito pelo presidente Bolsonaro contra os mesmos em discurso, na abertura da Assembleia da ONU, em Nova York, nesta ter\u00e7a-feira, 24.<!--more--><\/p>\n<p>Manifestamos um desagravo especial ao l\u00edder Raoni Kaiap\u00f3 que teve a sua dignidade humana afrontada internacionalmente pelo presidente da rep\u00fablica. <\/p>\n<p>Ao tratar Raoni e demais lideran\u00e7as ind\u00edgenas como manipul\u00e1veis, o presidente exala seu pensamento e sentimento preconceituoso e o racismo calcado na falta de conhecimento em rela\u00e7\u00e3o aos povos ind\u00edgenas no Brasil ou na sua m\u00e1 f\u00e9 relativamente ao tema.<\/p>\n<p>A agressividade nos discursos do presidente da rep\u00fablica e de membros do seu governo servem de combust\u00edvel para a viol\u00eancia cometida contra os territ\u00f3rios e a vida dos povos origin\u00e1rios, cidad\u00e3os e cidad\u00e3s de primeira hora de nosso querido Brasil.<\/p>\n<p>Ao Cacique Raoni Kaiap\u00f3 e \u00e0s demais lideran\u00e7as e povos ind\u00edgenas do Brasil, nossa mais profunda solidariedade.<\/p>\n","protected":false},"excerpt":{"rendered":"<p>Em nome do Conselho Indigenista Mission\u00e1rio-Cimi, manifesto solidariedade aos povos ind\u00edgenas do Brasil frente ao discurso agressivo feito pelo presidente Bolsonaro contra os mesmos em discurso, na abertura da Assembleia da ONU, em Nova York, nesta ter\u00e7a-feira, 24.<\/p>\n","protected":false},"author":1,"featured_media":0,"comment_status":"closed","ping_status":"open","sticky":false,"template":"","format":"standard","meta":{"_exactmetrics_skip_tracking":false,"_exactmetrics_sitenote_active":false,"_exactmetrics_sitenote_note":"","_exactmetrics_sitenote_category":0,"jetpack_post_was_ever_published":false,"_jetpack_newsletter_access":"","_jetpack_dont_email_post_to_subs":false,"_jetpack_newsletter_tier_id":0,"_jetpack_memberships_contains_paywalled_content":false,"_jetpack_memberships_contains_paid_content":false,"footnotes":"","jetpack_publicize_message":"","jetpack_publicize_feature_enabled":true,"jetpack_social_post_already_shared":true,"jetpack_social_options":{"image_generator_settings":{"template":"highway","enabled":false},"version":2}},"categories":[1],"tags":[],"class_list":["post-24032","post","type-post","status-publish","format-standard","hentry","category-notas"],"jetpack_publicize_connections":[],"jetpack_sharing_enabled":true,"jetpack_featured_media_url":"","jetpack_shortlink":"https:\/\/wp.me\/p7wKYW-6fC","jetpack-related-posts":[],"_links":{"self":[{"href":"http:\/\/blogdalucianaoliveira.com.br\/blog\/wp-json\/wp\/v2\/posts\/24032","targetHints":{"allow":["GET"]}}],"collection":[{"href":"http:\/\/blogdalucianaoliveira.com.br\/blog\/wp-json\/wp\/v2\/posts"}],"about":[{"href":"http:\/\/blogdalucianaoliveira.com.br\/blog\/wp-json\/wp\/v2\/types\/post"}],"author":[{"embeddable":true,"href":"http:\/\/blogdalucianaoliveira.com.br\/blog\/wp-json\/wp\/v2\/users\/1"}],"replies":[{"embeddable":true,"href":"http:\/\/blogdalucianaoliveira.com.br\/blog\/wp-json\/wp\/v2\/comments?post=24032"}],"version-history":[{"count":1,"href":"http:\/\/blogdalucianaoliveira.com.br\/blog\/wp-json\/wp\/v2\/posts\/24032\/revisions"}],"predecessor-version":[{"id":24034,"href":"http:\/\/blogdalucianaoliveira.com.br\/blog\/wp-json\/wp\/v2\/posts\/24032\/revisions\/24034"}],"wp:attachment":[{"href":"http:\/\/blogdalucianaoliveira.com.br\/blog\/wp-json\/wp\/v2\/media?parent=24032"}],"wp:term":[{"taxonomy":"category","embeddable":true,"href":"http:\/\/blogdalucianaoliveira.com.br\/blog\/wp-json\/wp\/v2\/categories?post=24032"},{"taxonomy":"post_tag","embeddable":true,"href":"http:\/\/blogdalucianaoliveira.com.br\/blog\/wp-json\/wp\/v2\/tags?post=24032"}],"curies":[{"name":"wp","href":"https:\/\/api.w.org\/{rel}","templated":true}]}}