{"id":24041,"date":"2019-09-24T21:05:45","date_gmt":"2019-09-25T01:05:45","guid":{"rendered":"http:\/\/blogdalucianaoliveira.com.br\/blog\/?p=24041"},"modified":"2019-09-24T21:05:45","modified_gmt":"2019-09-25T01:05:45","slug":"o-discurso-de-bolsonaro-na-onu","status":"publish","type":"post","link":"http:\/\/blogdalucianaoliveira.com.br\/blog\/2019\/09\/24\/o-discurso-de-bolsonaro-na-onu\/","title":{"rendered":"O discurso de Bolsonaro na ONU"},"content":{"rendered":"<p><img data-recalc-dims=\"1\" loading=\"lazy\" decoding=\"async\" data-attachment-id=\"24042\" data-permalink=\"http:\/\/blogdalucianaoliveira.com.br\/blog\/2019\/09\/24\/o-discurso-de-bolsonaro-na-onu\/15e31401-453d-4daf-90b0-81539d1f8865\/\" data-orig-file=\"https:\/\/i0.wp.com\/blogdalucianaoliveira.com.br\/blog\/wp-content\/uploads\/2019\/09\/15E31401-453D-4DAF-90B0-81539D1F8865.jpeg?fit=1080%2C1080\" data-orig-size=\"1080,1080\" data-comments-opened=\"0\" data-image-meta=\"{&quot;aperture&quot;:&quot;0&quot;,&quot;credit&quot;:&quot;&quot;,&quot;camera&quot;:&quot;&quot;,&quot;caption&quot;:&quot;&quot;,&quot;created_timestamp&quot;:&quot;0&quot;,&quot;copyright&quot;:&quot;&quot;,&quot;focal_length&quot;:&quot;0&quot;,&quot;iso&quot;:&quot;0&quot;,&quot;shutter_speed&quot;:&quot;0&quot;,&quot;title&quot;:&quot;&quot;,&quot;orientation&quot;:&quot;1&quot;}\" data-image-title=\"15E31401-453D-4DAF-90B0-81539D1F8865\" data-image-description=\"\" data-image-caption=\"\" data-medium-file=\"https:\/\/i0.wp.com\/blogdalucianaoliveira.com.br\/blog\/wp-content\/uploads\/2019\/09\/15E31401-453D-4DAF-90B0-81539D1F8865.jpeg?fit=300%2C300\" data-large-file=\"https:\/\/i0.wp.com\/blogdalucianaoliveira.com.br\/blog\/wp-content\/uploads\/2019\/09\/15E31401-453D-4DAF-90B0-81539D1F8865.jpeg?fit=600%2C600\" src=\"https:\/\/i0.wp.com\/blogdalucianaoliveira.com.br\/blog\/wp-content\/uploads\/2019\/09\/15E31401-453D-4DAF-90B0-81539D1F8865.jpeg?resize=600%2C600\" alt=\"15E31401-453D-4DAF-90B0-81539D1F8865\" width=\"600\" height=\"600\" class=\"alignnone size-full wp-image-24042\" srcset=\"https:\/\/i0.wp.com\/blogdalucianaoliveira.com.br\/blog\/wp-content\/uploads\/2019\/09\/15E31401-453D-4DAF-90B0-81539D1F8865.jpeg?w=1080 1080w, https:\/\/i0.wp.com\/blogdalucianaoliveira.com.br\/blog\/wp-content\/uploads\/2019\/09\/15E31401-453D-4DAF-90B0-81539D1F8865.jpeg?resize=150%2C150 150w, https:\/\/i0.wp.com\/blogdalucianaoliveira.com.br\/blog\/wp-content\/uploads\/2019\/09\/15E31401-453D-4DAF-90B0-81539D1F8865.jpeg?resize=300%2C300 300w, https:\/\/i0.wp.com\/blogdalucianaoliveira.com.br\/blog\/wp-content\/uploads\/2019\/09\/15E31401-453D-4DAF-90B0-81539D1F8865.jpeg?resize=768%2C768 768w, https:\/\/i0.wp.com\/blogdalucianaoliveira.com.br\/blog\/wp-content\/uploads\/2019\/09\/15E31401-453D-4DAF-90B0-81539D1F8865.jpeg?resize=1024%2C1024 1024w\" sizes=\"auto, (max-width: 600px) 100vw, 600px\" \/><\/p>\n<p>Sinto vergonha, raiva e preocupa\u00e7\u00e3o. Hoje \u00e9 um dia profundamente triste para o Brasil. <\/p>\n<p>Bolsonaro usou um espa\u00e7o de fala onde se busca coopera\u00e7\u00e3o mundial, para provocar conflitos internos e externos. <\/p>\n<p>Uma irresponsabilidade que nenhum ex-presidente ousou. <\/p>\n<p>Collor, FHC, Lula e Dilma, com todas as cr\u00edticas que lhes cabem, pensaram nas consequ\u00eancias de seus gestos para o Brasil quando falavam para o mundo. <\/p>\n<p>Bolsonaro n\u00e3o.<br \/>\nFalou para quem o elegeu e pretende que reelejam.<br \/>\nUma parcela cada vez mais menor da sociedade brasileira. <\/p>\n<p>O que me tira o sono n\u00e3o \u00e9 saber quando o mundo vai se livrar de Bolsonaro, mas quando vamos tirar Bolsonaro de toda a gente que permanece hipnotizada pela burrice, obscurantismo e autoritarismo. <\/p>\n<p>Esse momento pavoroso de guinada do Brasil \u00e0 extrema-direita entristece o mundo todo.<\/p>\n","protected":false},"excerpt":{"rendered":"<p>Sinto vergonha, raiva e preocupa\u00e7\u00e3o. Hoje \u00e9 um dia profundamente triste para o Brasil. Bolsonaro usou um espa\u00e7o de fala onde se busca coopera\u00e7\u00e3o mundial, para provocar conflitos internos e externos. Uma irresponsabilidade que nenhum ex-presidente ousou. Collor, FHC, Lula e Dilma, com todas as cr\u00edticas que lhes cabem, pensaram nas consequ\u00eancias de seus gestos&#8230;<a class=\"more-link\" href=\"http:\/\/blogdalucianaoliveira.com.br\/blog\/2019\/09\/24\/o-discurso-de-bolsonaro-na-onu\/\">Continue a leitura <span class=\"meta-nav\">&raquo;<\/span><\/a><\/p>\n","protected":false},"author":1,"featured_media":0,"comment_status":"closed","ping_status":"open","sticky":false,"template":"","format":"standard","meta":{"_exactmetrics_skip_tracking":false,"_exactmetrics_sitenote_active":false,"_exactmetrics_sitenote_note":"","_exactmetrics_sitenote_category":0,"jetpack_post_was_ever_published":false,"_jetpack_newsletter_access":"","_jetpack_dont_email_post_to_subs":false,"_jetpack_newsletter_tier_id":0,"_jetpack_memberships_contains_paywalled_content":false,"_jetpack_memberships_contains_paid_content":false,"footnotes":"","jetpack_publicize_message":"","jetpack_publicize_feature_enabled":true,"jetpack_social_post_already_shared":true,"jetpack_social_options":{"image_generator_settings":{"template":"highway","enabled":false},"version":2}},"categories":[1],"tags":[],"class_list":["post-24041","post","type-post","status-publish","format-standard","hentry","category-notas"],"jetpack_publicize_connections":[],"jetpack_sharing_enabled":true,"jetpack_featured_media_url":"","jetpack_shortlink":"https:\/\/wp.me\/p7wKYW-6fL","jetpack-related-posts":[],"_links":{"self":[{"href":"http:\/\/blogdalucianaoliveira.com.br\/blog\/wp-json\/wp\/v2\/posts\/24041","targetHints":{"allow":["GET"]}}],"collection":[{"href":"http:\/\/blogdalucianaoliveira.com.br\/blog\/wp-json\/wp\/v2\/posts"}],"about":[{"href":"http:\/\/blogdalucianaoliveira.com.br\/blog\/wp-json\/wp\/v2\/types\/post"}],"author":[{"embeddable":true,"href":"http:\/\/blogdalucianaoliveira.com.br\/blog\/wp-json\/wp\/v2\/users\/1"}],"replies":[{"embeddable":true,"href":"http:\/\/blogdalucianaoliveira.com.br\/blog\/wp-json\/wp\/v2\/comments?post=24041"}],"version-history":[{"count":1,"href":"http:\/\/blogdalucianaoliveira.com.br\/blog\/wp-json\/wp\/v2\/posts\/24041\/revisions"}],"predecessor-version":[{"id":24043,"href":"http:\/\/blogdalucianaoliveira.com.br\/blog\/wp-json\/wp\/v2\/posts\/24041\/revisions\/24043"}],"wp:attachment":[{"href":"http:\/\/blogdalucianaoliveira.com.br\/blog\/wp-json\/wp\/v2\/media?parent=24041"}],"wp:term":[{"taxonomy":"category","embeddable":true,"href":"http:\/\/blogdalucianaoliveira.com.br\/blog\/wp-json\/wp\/v2\/categories?post=24041"},{"taxonomy":"post_tag","embeddable":true,"href":"http:\/\/blogdalucianaoliveira.com.br\/blog\/wp-json\/wp\/v2\/tags?post=24041"}],"curies":[{"name":"wp","href":"https:\/\/api.w.org\/{rel}","templated":true}]}}