{"id":24044,"date":"2019-09-25T08:56:02","date_gmt":"2019-09-25T12:56:02","guid":{"rendered":"http:\/\/blogdalucianaoliveira.com.br\/blog\/?p=24044"},"modified":"2019-09-25T08:56:02","modified_gmt":"2019-09-25T12:56:02","slug":"pais-de-mentira","status":"publish","type":"post","link":"http:\/\/blogdalucianaoliveira.com.br\/blog\/2019\/09\/25\/pais-de-mentira\/","title":{"rendered":"Pa\u00eds de mentira"},"content":{"rendered":"<p><img data-recalc-dims=\"1\" loading=\"lazy\" decoding=\"async\" data-attachment-id=\"24045\" data-permalink=\"http:\/\/blogdalucianaoliveira.com.br\/blog\/2019\/09\/25\/pais-de-mentira\/5d7eec49-0658-4936-813e-5de85eca8156\/\" data-orig-file=\"https:\/\/i0.wp.com\/blogdalucianaoliveira.com.br\/blog\/wp-content\/uploads\/2019\/09\/5D7EEC49-0658-4936-813E-5DE85ECA8156.jpeg?fit=768%2C512\" data-orig-size=\"768,512\" data-comments-opened=\"0\" data-image-meta=\"{&quot;aperture&quot;:&quot;0&quot;,&quot;credit&quot;:&quot;&quot;,&quot;camera&quot;:&quot;&quot;,&quot;caption&quot;:&quot;&quot;,&quot;created_timestamp&quot;:&quot;0&quot;,&quot;copyright&quot;:&quot;&quot;,&quot;focal_length&quot;:&quot;0&quot;,&quot;iso&quot;:&quot;0&quot;,&quot;shutter_speed&quot;:&quot;0&quot;,&quot;title&quot;:&quot;&quot;,&quot;orientation&quot;:&quot;0&quot;}\" data-image-title=\"5D7EEC49-0658-4936-813E-5DE85ECA8156\" data-image-description=\"\" data-image-caption=\"\" data-medium-file=\"https:\/\/i0.wp.com\/blogdalucianaoliveira.com.br\/blog\/wp-content\/uploads\/2019\/09\/5D7EEC49-0658-4936-813E-5DE85ECA8156.jpeg?fit=300%2C200\" data-large-file=\"https:\/\/i0.wp.com\/blogdalucianaoliveira.com.br\/blog\/wp-content\/uploads\/2019\/09\/5D7EEC49-0658-4936-813E-5DE85ECA8156.jpeg?fit=600%2C400\" src=\"https:\/\/i0.wp.com\/blogdalucianaoliveira.com.br\/blog\/wp-content\/uploads\/2019\/09\/5D7EEC49-0658-4936-813E-5DE85ECA8156.jpeg?resize=600%2C400\" alt=\"5D7EEC49-0658-4936-813E-5DE85ECA8156\" width=\"600\" height=\"400\" class=\"alignnone size-full wp-image-24045\" srcset=\"https:\/\/i0.wp.com\/blogdalucianaoliveira.com.br\/blog\/wp-content\/uploads\/2019\/09\/5D7EEC49-0658-4936-813E-5DE85ECA8156.jpeg?w=768 768w, https:\/\/i0.wp.com\/blogdalucianaoliveira.com.br\/blog\/wp-content\/uploads\/2019\/09\/5D7EEC49-0658-4936-813E-5DE85ECA8156.jpeg?resize=300%2C200 300w, https:\/\/i0.wp.com\/blogdalucianaoliveira.com.br\/blog\/wp-content\/uploads\/2019\/09\/5D7EEC49-0658-4936-813E-5DE85ECA8156.jpeg?resize=450%2C300 450w\" sizes=\"auto, (max-width: 600px) 100vw, 600px\" \/><\/p>\n<p>Nenhum brasileiro reconheceu o Brasil que Bolsonaro descreveu na ONU.<!--more--><\/p>\n<p>Ruy Castro<br \/>\nFolha <\/p>\n<p>Eu gostaria de morar no pa\u00eds que Jair Bolsonaro descreveu em seu discurso na Assembleia Geral da ONU e que, segundo afirmou, se chama Brasil. Imagine, um pa\u00eds com 70% da sua mata original preservada, exceto por alguns metros em que foi preciso cortar umas \u00e1rvores para os bois poderem passar. Um pa\u00eds sem queimadas, exceto a que os \u00edndios praticam, ainda mais agora que eles querem sair da idade da pedra cultivando soja. E um pa\u00eds que, se quiser destruir a Amaz\u00f4nia, \u00e9 por nossa conta, digo, dele, e ningu\u00e9m tem nada com isso.<\/p>\n<p>Um pa\u00eds em que a vida \u00e9 o maior dos direitos humanos, donde, para preserv\u00e1-la, o controle de velocidade nas estradas \u00e9 abolido, as armas s\u00e3o liberadas e quem passar na frente de uma bala \u00e9 por sua conta e risco. Um pa\u00eds em que nenhum corrupto ficar\u00e1 impune, exceto nos casos de parentesco em primeiro grau, v\u00ednculo empregat\u00edcio com estabilidade e cargo importante no governo. Governo este, ali\u00e1s, estrelado por um antigo s\u00edmbolo da luta contra a corrup\u00e7\u00e3o e ainda t\u00e3o poderoso que, hoje, se sujeita aos pap\u00e9is mais humilhantes sem preju\u00edzo de sua aceita\u00e7\u00e3o popular. <\/p>\n<p>E, que bom, um pa\u00eds sem ideologia, sem aparelhamento e sem doutrina\u00e7\u00e3o, exceto a praticada pelos atuais detentores do poder. Um pa\u00eds em constante vig\u00edlia contra seus inimigos, como o cacique Raoni e a atriz Fernanda Montenegro &#8211;e, se voc\u00ea acha que eles s\u00e3o inofensivos por j\u00e1 estarem com 89 anos, \u00e9 porque n\u00e3o leu o te\u00f3rico comunista Gramsci, que sugeriu o uso de idosos na propaganda socialista. Um pa\u00eds governado sob a inspira\u00e7\u00e3o de Deus, embora este n\u00e3o tenha sido consultado. <\/p>\n<p>Pois este \u00e9 o pa\u00eds que Bolsonaro descreveu na ONU &#8211;e que seus habitantes n\u00e3o conseguem reconhecer. <\/p>\n<p>O pr\u00f3prio Bolsonaro n\u00e3o parecia \u00e0 vontade diante do teleprompter. Os olhos muito apertados podiam indicar miopia ou a suspeita de que nem ele acreditava em suas mentiras.<\/p>\n","protected":false},"excerpt":{"rendered":"<p>Nenhum brasileiro reconheceu o Brasil que Bolsonaro descreveu na ONU.<\/p>\n","protected":false},"author":1,"featured_media":0,"comment_status":"closed","ping_status":"open","sticky":false,"template":"","format":"standard","meta":{"_exactmetrics_skip_tracking":false,"_exactmetrics_sitenote_active":false,"_exactmetrics_sitenote_note":"","_exactmetrics_sitenote_category":0,"jetpack_post_was_ever_published":false,"_jetpack_newsletter_access":"","_jetpack_dont_email_post_to_subs":false,"_jetpack_newsletter_tier_id":0,"_jetpack_memberships_contains_paywalled_content":false,"_jetpack_memberships_contains_paid_content":false,"footnotes":"","jetpack_publicize_message":"","jetpack_publicize_feature_enabled":true,"jetpack_social_post_already_shared":true,"jetpack_social_options":{"image_generator_settings":{"template":"highway","enabled":false},"version":2}},"categories":[1],"tags":[],"class_list":["post-24044","post","type-post","status-publish","format-standard","hentry","category-notas"],"jetpack_publicize_connections":[],"jetpack_sharing_enabled":true,"jetpack_featured_media_url":"","jetpack_shortlink":"https:\/\/wp.me\/p7wKYW-6fO","jetpack-related-posts":[],"_links":{"self":[{"href":"http:\/\/blogdalucianaoliveira.com.br\/blog\/wp-json\/wp\/v2\/posts\/24044","targetHints":{"allow":["GET"]}}],"collection":[{"href":"http:\/\/blogdalucianaoliveira.com.br\/blog\/wp-json\/wp\/v2\/posts"}],"about":[{"href":"http:\/\/blogdalucianaoliveira.com.br\/blog\/wp-json\/wp\/v2\/types\/post"}],"author":[{"embeddable":true,"href":"http:\/\/blogdalucianaoliveira.com.br\/blog\/wp-json\/wp\/v2\/users\/1"}],"replies":[{"embeddable":true,"href":"http:\/\/blogdalucianaoliveira.com.br\/blog\/wp-json\/wp\/v2\/comments?post=24044"}],"version-history":[{"count":1,"href":"http:\/\/blogdalucianaoliveira.com.br\/blog\/wp-json\/wp\/v2\/posts\/24044\/revisions"}],"predecessor-version":[{"id":24046,"href":"http:\/\/blogdalucianaoliveira.com.br\/blog\/wp-json\/wp\/v2\/posts\/24044\/revisions\/24046"}],"wp:attachment":[{"href":"http:\/\/blogdalucianaoliveira.com.br\/blog\/wp-json\/wp\/v2\/media?parent=24044"}],"wp:term":[{"taxonomy":"category","embeddable":true,"href":"http:\/\/blogdalucianaoliveira.com.br\/blog\/wp-json\/wp\/v2\/categories?post=24044"},{"taxonomy":"post_tag","embeddable":true,"href":"http:\/\/blogdalucianaoliveira.com.br\/blog\/wp-json\/wp\/v2\/tags?post=24044"}],"curies":[{"name":"wp","href":"https:\/\/api.w.org\/{rel}","templated":true}]}}