{"id":24050,"date":"2019-09-25T09:06:30","date_gmt":"2019-09-25T13:06:30","guid":{"rendered":"http:\/\/blogdalucianaoliveira.com.br\/blog\/?p=24050"},"modified":"2019-09-25T09:06:30","modified_gmt":"2019-09-25T13:06:30","slug":"nobel-alternativo-lider-yanomami-davi-kopenawa-e-o-setimo-brasileiro-a-ganhar-o-premio","status":"publish","type":"post","link":"http:\/\/blogdalucianaoliveira.com.br\/blog\/2019\/09\/25\/nobel-alternativo-lider-yanomami-davi-kopenawa-e-o-setimo-brasileiro-a-ganhar-o-premio\/","title":{"rendered":"Nobel alternativo: l\u00edder yanomami Davi Kopenawa \u00e9 o s\u00e9timo brasileiro a ganhar o pr\u00eamio"},"content":{"rendered":"<p><img data-recalc-dims=\"1\" loading=\"lazy\" decoding=\"async\" data-attachment-id=\"24051\" data-permalink=\"http:\/\/blogdalucianaoliveira.com.br\/blog\/2019\/09\/25\/nobel-alternativo-lider-yanomami-davi-kopenawa-e-o-setimo-brasileiro-a-ganhar-o-premio\/ba7f999e-d593-4542-8a94-4e009bcef7ba\/\" data-orig-file=\"https:\/\/i0.wp.com\/blogdalucianaoliveira.com.br\/blog\/wp-content\/uploads\/2019\/09\/BA7F999E-D593-4542-8A94-4E009BCEF7BA.jpeg?fit=375%2C210\" data-orig-size=\"375,210\" data-comments-opened=\"0\" data-image-meta=\"{&quot;aperture&quot;:&quot;0&quot;,&quot;credit&quot;:&quot;&quot;,&quot;camera&quot;:&quot;&quot;,&quot;caption&quot;:&quot;&quot;,&quot;created_timestamp&quot;:&quot;0&quot;,&quot;copyright&quot;:&quot;&quot;,&quot;focal_length&quot;:&quot;0&quot;,&quot;iso&quot;:&quot;0&quot;,&quot;shutter_speed&quot;:&quot;0&quot;,&quot;title&quot;:&quot;&quot;,&quot;orientation&quot;:&quot;0&quot;}\" data-image-title=\"BA7F999E-D593-4542-8A94-4E009BCEF7BA\" data-image-description=\"\" data-image-caption=\"\" data-medium-file=\"https:\/\/i0.wp.com\/blogdalucianaoliveira.com.br\/blog\/wp-content\/uploads\/2019\/09\/BA7F999E-D593-4542-8A94-4E009BCEF7BA.jpeg?fit=300%2C168\" data-large-file=\"https:\/\/i0.wp.com\/blogdalucianaoliveira.com.br\/blog\/wp-content\/uploads\/2019\/09\/BA7F999E-D593-4542-8A94-4E009BCEF7BA.jpeg?fit=375%2C210\" class=\"alignnone size-full wp-image-24051\" src=\"https:\/\/i0.wp.com\/blogdalucianaoliveira.com.br\/blog\/wp-content\/uploads\/2019\/09\/BA7F999E-D593-4542-8A94-4E009BCEF7BA.jpeg?resize=375%2C210\" alt=\"BA7F999E-D593-4542-8A94-4E009BCEF7BA\" width=\"375\" height=\"210\" srcset=\"https:\/\/i0.wp.com\/blogdalucianaoliveira.com.br\/blog\/wp-content\/uploads\/2019\/09\/BA7F999E-D593-4542-8A94-4E009BCEF7BA.jpeg?w=375 375w, https:\/\/i0.wp.com\/blogdalucianaoliveira.com.br\/blog\/wp-content\/uploads\/2019\/09\/BA7F999E-D593-4542-8A94-4E009BCEF7BA.jpeg?resize=300%2C168 300w\" sizes=\"auto, (max-width: 375px) 100vw, 375px\" \/><\/p>\n<p>O l\u00edder ind\u00edgena Davi Kopenawa, do povo Yanomami, \u00e9 um dos ganhadores do Right Livelihood Award, mais conhecido como pr\u00eamio &#8220;Nobel Alternativo&#8221;.<!--more--><\/p>\n<p>Na BBC<\/p>\n<p>Ele receber\u00e1 a premia\u00e7\u00e3o juntamente com a Hutukara Associa\u00e7\u00e3o Yanomami, cofundada e presidida por ele, &#8220;pela corajosa determina\u00e7\u00e3o em proteger as florestas e a biodiversidade da Amaz\u00f4nia, e as terras e a cultura de seus povos ind\u00edgenas&#8221;.<br \/>\nOutras tr\u00eas pessoas tamb\u00e9m receberam o pr\u00eamio \u2014 a jovem ativista ambiental Greta Thunberg (Su\u00e9cia), a defensora dos direitos humanos, Aminatou Haidar (Saara Ocidental) e a advogada Guo Jianmei (China).<\/p>\n<p>Eles v\u00e3o receber 1 milh\u00e3o de coroas suecas (cerca de R$ 430 mil), destinadas a apoiar o trabalho que est\u00e3o conduzindo.<br \/>\n\u00c9 a s\u00e9tima vez que o Brasil tem um representante entre os ganhadores do pr\u00eamio &#8211; que j\u00e1 foi concedido ao bispo Erwin Kr\u00e4utler (2010), ao arquiteto e ativista social Chico Whitaker Ferreira (2006), ao te\u00f3logo Leonardo Boff (2001), \u00e0 Comiss\u00e3o Pastoral da Terra (1991), ao Movimento dos Trabalhadores Rurais Sem Terra (1991) e ao agr\u00f4nomo e ecologista Jos\u00e9 Lutzenberger (1988).<\/p>\n<p>&#8220;Davi Kopenawa, junto \u00e0 Hutukara Associa\u00e7\u00e3o Yanomami, est\u00e1 resistindo exitosamente \u00e0 impiedosa explora\u00e7\u00e3o de terras ind\u00edgenas na Amaz\u00f4nia, protegendo nossa heran\u00e7a planet\u00e1ria comum&#8221;, afirmou Ole von Uexkull, diretor-executivo da Right Livelihood Foundation.<\/p>\n<h2 class=\"story-body__crosshead\">A trajet\u00f3ria de Kopenawa<\/h2>\n<p>Nascido por volta de 1955 (a data \u00e9 incerta), Kopenawa \u00e9 xam\u00e3 e porta-voz dos yanomami, que vivem isolados na Amaz\u00f4nia, perto da fronteira com a Venezuela.<\/p>\n<p>H\u00e1 mais de 30 anos, ele viaja pelo mundo em defesa do seu povo. Recebeu o apelido de &#8220;Dalai Lama da Floresta Tropical&#8221; e foi chave para o reconhecimento oficial do territ\u00f3rio yanomami na Amaz\u00f4nia em 1992, depois de quase dez anos de luta.<\/p>\n<figure class=\"media-landscape has-caption full-width\"><span class=\"image-and-copyright-container\"><img data-recalc-dims=\"1\" loading=\"lazy\" decoding=\"async\" class=\"responsive-image__img js-image-replace\" src=\"https:\/\/i0.wp.com\/ichef.bbci.co.uk\/news\/375\/cpsprodpb\/14BDB\/production\/_108955948_rs58_braz-yano-fw-87_original-1copy-lpr.jpg?resize=600%2C338&#038;ssl=1\" alt=\"Davi Kopenawa rodeado por crian\u00e7as ind\u00edgenas em 1990\" width=\"600\" height=\"338\" data-highest-encountered-width=\"375\" \/><span class=\"off-screen\">Direito de imagem<\/span><span class=\"story-image-copyright\">SURVIVAL INTERNATIONAL<\/span><\/span><figcaption class=\"media-caption\"><span class=\"off-screen\">Image caption<\/span><span class=\"media-caption__text\">&#8216;Nossa terra \u00e9 tudo o que sabemos. Eu n\u00e3o vou parar de lutar&#8217;, diz Kopenawa<\/span><\/figcaption><\/figure>\n<p>O territ\u00f3rio \u00e9 duas vezes maior que a Su\u00ed\u00e7a \u2014 sendo a maior \u00e1rea ind\u00edgena coberta por floresta do mundo, de acordo com a organiza\u00e7\u00e3o Survival International.<\/p>\n<p>Nos anos 1950 e 1960, o contato intensificado com homens brancos levou ao surgimento de doen\u00e7as que praticamente eliminaram os yanomami. Foi assim que Kopenawa viu os pais morrerem.<\/p>\n<p>E, na d\u00e9cada de 1980, milhares de garimpeiros invadiram seu territ\u00f3rio em busca de ouro, resultando em viol\u00eancia e novas doen\u00e7as, o que reduziu a popula\u00e7\u00e3o nativa em 20%, segundo a Survival International.<\/p>\n<p>Kopenawa diz que n\u00e3o morreu por ser &#8220;protegido pelo paj\u00e9&#8221;<\/p>\n<p>\u00c9 diante deste contexto que o l\u00edder ind\u00edgena \u2014 cofundador e presidente da Hutukara Associa\u00e7\u00e3o Yanomami, criada em 2004 \u2014 tem dedicado sua vida a proteger os direitos ind\u00edgenas e o territ\u00f3rio do seu povo na floresta tropical.<\/p>\n<p>&#8220;Eu continuo a luta pelos direitos do meu povo, nossos direitos \u00e0 terra, sa\u00fade, nossa l\u00edngua e costumes, nosso xamanismo e muito mais&#8221;, afirmou Kopenawa ao Right Livelihood Award.<\/p>\n<figure class=\"media-landscape has-caption full-width\"><span class=\"image-and-copyright-container\"><img data-recalc-dims=\"1\" loading=\"lazy\" decoding=\"async\" class=\"responsive-image__img js-image-replace\" src=\"https:\/\/i0.wp.com\/ichef.bbci.co.uk\/news\/375\/cpsprodpb\/6563\/production\/_108955952_rs71_braz-yano-fw-2012-0351_originalcopy2-lpr.jpg?resize=600%2C338&#038;ssl=1\" alt=\"\u00cdndios yanomamis\" width=\"600\" height=\"338\" data-highest-encountered-width=\"375\" \/><span class=\"off-screen\">Direito de imagem<\/span><span class=\"story-image-copyright\">SURVIVAL INTERNATIONAL<\/span><\/span><figcaption class=\"media-caption\"><span class=\"off-screen\">Image caption<\/span><span class=\"media-caption__text\">Os yanomami vivem numa reserva na Amaz\u00f4nia cuja \u00e1rea \u00e9 duas vezes maior que a Su\u00ed\u00e7a<\/span><\/figcaption><\/figure>\n<p>&#8220;O papel de Hutukara \u00e9 defender o povo Yanomami e a nossa terra contra pol\u00edticos, garimpeiros, fazendeiros e outros que querem roubar. Nossa terra \u00e9 tudo o que sabemos. Eu n\u00e3o vou parar de lutar. Eu vou continuar at\u00e9 morrer.&#8221;<\/p>\n<p>Em 1989, ele recebeu um pr\u00eamio da ONU pela defesa do seu povo.<\/p>\n<p>Kopenawa, que aprendeu portugu\u00eas j\u00e1 adulto, \u00e9 autor ainda do primeiro livro escrito por um yanomami, <i>A queda do c\u00e9u<\/i>. A obra, publicada em 2010, narra a trajet\u00f3ria dele e do seu povo, al\u00e9m de suas vis\u00f5es sobre o &#8220;homem branco&#8221;.<\/p>\n<h2 class=\"story-body__crosshead\">A premia\u00e7\u00e3o<\/h2>\n<p>O Right Livelihood Award, concedido anualmente, foi criado pelo sueco-alem\u00e3o Jakob von Uexkull para premiar pessoas que oferecem solu\u00e7\u00f5es pr\u00e1ticas para os desafios mais urgentes do mundo atual.<\/p>\n<p>Desde 1980, o pr\u00eamio j\u00e1 foi entregue a 174 pessoas de 70 pa\u00edses.<\/p>\n<p>Neste ano, o j\u00fari considerou 142 indica\u00e7\u00f5es de 59 na\u00e7\u00f5es, ap\u00f3s um processo aberto de indica\u00e7\u00e3o.<\/p>\n<p>A cerim\u00f4nia de premia\u00e7\u00e3o acontecer\u00e1 no dia 4 de dezembro em Estocolmo, na Su\u00e9cia.<\/p>\n","protected":false},"excerpt":{"rendered":"<p>O l\u00edder ind\u00edgena Davi Kopenawa, do povo Yanomami, \u00e9 um dos ganhadores do Right Livelihood Award, mais conhecido como pr\u00eamio &#8220;Nobel Alternativo&#8221;.<\/p>\n","protected":false},"author":1,"featured_media":0,"comment_status":"closed","ping_status":"open","sticky":false,"template":"","format":"standard","meta":{"_exactmetrics_skip_tracking":false,"_exactmetrics_sitenote_active":false,"_exactmetrics_sitenote_note":"","_exactmetrics_sitenote_category":0,"jetpack_post_was_ever_published":false,"_jetpack_newsletter_access":"","_jetpack_dont_email_post_to_subs":false,"_jetpack_newsletter_tier_id":0,"_jetpack_memberships_contains_paywalled_content":false,"_jetpack_memberships_contains_paid_content":false,"footnotes":"","jetpack_publicize_message":"","jetpack_publicize_feature_enabled":true,"jetpack_social_post_already_shared":true,"jetpack_social_options":{"image_generator_settings":{"template":"highway","enabled":false},"version":2}},"categories":[1],"tags":[],"class_list":["post-24050","post","type-post","status-publish","format-standard","hentry","category-notas"],"jetpack_publicize_connections":[],"jetpack_sharing_enabled":true,"jetpack_featured_media_url":"","jetpack_shortlink":"https:\/\/wp.me\/p7wKYW-6fU","jetpack-related-posts":[],"_links":{"self":[{"href":"http:\/\/blogdalucianaoliveira.com.br\/blog\/wp-json\/wp\/v2\/posts\/24050","targetHints":{"allow":["GET"]}}],"collection":[{"href":"http:\/\/blogdalucianaoliveira.com.br\/blog\/wp-json\/wp\/v2\/posts"}],"about":[{"href":"http:\/\/blogdalucianaoliveira.com.br\/blog\/wp-json\/wp\/v2\/types\/post"}],"author":[{"embeddable":true,"href":"http:\/\/blogdalucianaoliveira.com.br\/blog\/wp-json\/wp\/v2\/users\/1"}],"replies":[{"embeddable":true,"href":"http:\/\/blogdalucianaoliveira.com.br\/blog\/wp-json\/wp\/v2\/comments?post=24050"}],"version-history":[{"count":1,"href":"http:\/\/blogdalucianaoliveira.com.br\/blog\/wp-json\/wp\/v2\/posts\/24050\/revisions"}],"predecessor-version":[{"id":24052,"href":"http:\/\/blogdalucianaoliveira.com.br\/blog\/wp-json\/wp\/v2\/posts\/24050\/revisions\/24052"}],"wp:attachment":[{"href":"http:\/\/blogdalucianaoliveira.com.br\/blog\/wp-json\/wp\/v2\/media?parent=24050"}],"wp:term":[{"taxonomy":"category","embeddable":true,"href":"http:\/\/blogdalucianaoliveira.com.br\/blog\/wp-json\/wp\/v2\/categories?post=24050"},{"taxonomy":"post_tag","embeddable":true,"href":"http:\/\/blogdalucianaoliveira.com.br\/blog\/wp-json\/wp\/v2\/tags?post=24050"}],"curies":[{"name":"wp","href":"https:\/\/api.w.org\/{rel}","templated":true}]}}