{"id":24061,"date":"2019-09-25T16:05:34","date_gmt":"2019-09-25T20:05:34","guid":{"rendered":"http:\/\/blogdalucianaoliveira.com.br\/blog\/?p=24061"},"modified":"2019-09-25T16:05:34","modified_gmt":"2019-09-25T20:05:34","slug":"mst-nota-de-repudio-contra-o-processo-de-criminalizacao-dos-movimentos-sociais","status":"publish","type":"post","link":"http:\/\/blogdalucianaoliveira.com.br\/blog\/2019\/09\/25\/mst-nota-de-repudio-contra-o-processo-de-criminalizacao-dos-movimentos-sociais\/","title":{"rendered":"MST: NOTA DE REPUDIO CONTRA O PROCESSO DE CRIMINALIZA\u00c7\u00c3O DOS MOVIMENTOS SOCIAIS"},"content":{"rendered":"<p><img data-recalc-dims=\"1\" loading=\"lazy\" decoding=\"async\" data-attachment-id=\"24062\" data-permalink=\"http:\/\/blogdalucianaoliveira.com.br\/blog\/2019\/09\/25\/mst-nota-de-repudio-contra-o-processo-de-criminalizacao-dos-movimentos-sociais\/203497d4-724a-4ef4-a264-bac4d3fee1c8\/\" data-orig-file=\"https:\/\/i0.wp.com\/blogdalucianaoliveira.com.br\/blog\/wp-content\/uploads\/2019\/09\/203497D4-724A-4EF4-A264-BAC4D3FEE1C8.jpeg?fit=695%2C927\" data-orig-size=\"695,927\" data-comments-opened=\"0\" data-image-meta=\"{&quot;aperture&quot;:&quot;0&quot;,&quot;credit&quot;:&quot;&quot;,&quot;camera&quot;:&quot;&quot;,&quot;caption&quot;:&quot;&quot;,&quot;created_timestamp&quot;:&quot;0&quot;,&quot;copyright&quot;:&quot;&quot;,&quot;focal_length&quot;:&quot;0&quot;,&quot;iso&quot;:&quot;0&quot;,&quot;shutter_speed&quot;:&quot;0&quot;,&quot;title&quot;:&quot;&quot;,&quot;orientation&quot;:&quot;0&quot;}\" data-image-title=\"203497D4-724A-4EF4-A264-BAC4D3FEE1C8\" data-image-description=\"\" data-image-caption=\"\" data-medium-file=\"https:\/\/i0.wp.com\/blogdalucianaoliveira.com.br\/blog\/wp-content\/uploads\/2019\/09\/203497D4-724A-4EF4-A264-BAC4D3FEE1C8.jpeg?fit=225%2C300\" data-large-file=\"https:\/\/i0.wp.com\/blogdalucianaoliveira.com.br\/blog\/wp-content\/uploads\/2019\/09\/203497D4-724A-4EF4-A264-BAC4D3FEE1C8.jpeg?fit=600%2C800\" src=\"https:\/\/i0.wp.com\/blogdalucianaoliveira.com.br\/blog\/wp-content\/uploads\/2019\/09\/203497D4-724A-4EF4-A264-BAC4D3FEE1C8.jpeg?resize=600%2C800\" alt=\"203497D4-724A-4EF4-A264-BAC4D3FEE1C8\" width=\"600\" height=\"800\" class=\"alignnone size-full wp-image-24062\" srcset=\"https:\/\/i0.wp.com\/blogdalucianaoliveira.com.br\/blog\/wp-content\/uploads\/2019\/09\/203497D4-724A-4EF4-A264-BAC4D3FEE1C8.jpeg?w=695 695w, https:\/\/i0.wp.com\/blogdalucianaoliveira.com.br\/blog\/wp-content\/uploads\/2019\/09\/203497D4-724A-4EF4-A264-BAC4D3FEE1C8.jpeg?resize=225%2C300 225w\" sizes=\"auto, (max-width: 600px) 100vw, 600px\" \/><\/p>\n<p>\u00c9 com veem\u00eancia que o Movimento dos Trabalhadores Rurais em Rond\u00f4nia, repudia a desnecess\u00e1ria e equivocada pris\u00e3o do companheiro Jo\u00e3o Abelh\u00e3o.<!--more--><\/p>\n<p>Na \u00faltima sexta-feira (dia 20) as fam\u00edlias do Assentamento Margarida Alves, foram surpreendidas por uma opera\u00e7\u00e3o da Pol\u00edcia Federal, que segunda consta, tinha como objetivo combater o desmatamento ilegal e uma suposta venda de lotes dentro da reserva em bloco do referido Assentamento, que resultou na injusta e infundada pris\u00e3o do companheiro Jo\u00e3o Abelh\u00e3o presidente da Cooperativa daquele Assentamento.<\/p>\n<p>Ficamos perplexos com opera\u00e7\u00f5es desta natureza, pois a Pol\u00edcia Federal, institui\u00e7\u00e3o p\u00fablica paga pelo dinheiro do povo, com mecanismos sofisticado de intelig\u00eancia para os processos investigat\u00f3rios, n\u00e3o pode errar seu alvo como errou tal qual nesta opera\u00e7\u00e3o cuja interpreta\u00e7\u00e3o que da\u00ed pode derivar n\u00e3o e outra sen\u00e3o um flagrante processo de criminaliza\u00e7\u00e3o da luta e dos Movimentos Sociais.<\/p>\n<p>As fam\u00edlias do assentamento Margarida Alves, por meio de sua cooperativa que tamb\u00e9m foi alvo de busca e apreens\u00e3o, tem um vasto hist\u00f3rico de den\u00fancias aos \u00f3rg\u00e3os de controle e fiscaliza\u00e7\u00e3o sobre o processo de desmatamento e grilagem de terras no interior da reserva. O pr\u00f3prio Jo\u00e3o Abelh\u00e3o, na vig\u00eancia do seu mandato, levou ao conhecimento dos \u00f3rg\u00e3os ambientais as investidas de grupos invasores e grileiros da reserva. <\/p>\n<p>Como retalia\u00e7\u00e3o destas den\u00fancias, tivemos em 2017 a invas\u00e3o do Assentamento por um grupo fortemente armado que realizou uma a\u00e7\u00e3o simult\u00e2nea: Enquanto 10 homens armados aterrorizavam as fam\u00edlias de um acampamento que ali existe, outros 10 mantiveram 4 companheiros em c\u00e1rcere privado sobre amea\u00e7a e tortura. Esta a\u00e7\u00e3o, resultou na opera\u00e7\u00e3o Terra Roxa da pol\u00edcia civil de Ouro Preto, que veio a prender parte do grupo, tendo entre eles policiais militares que tinham na ocasi\u00e3o armas da pr\u00f3pria pol\u00edcia.<\/p>\n<p>Neste sentido, se a Pol\u00edcia Federal quiser alcan\u00e7ar seu objetivo e contribuir com o fim do desmatamento e da grilagem terras no interior do assentamento Margarida Alves, deve aprofundar e ampliar a s\u00e9ria e competente investiga\u00e7\u00e3o da pol\u00edcia civil de Ouro Preto simbolizada pela a opera\u00e7\u00e3o Terra Roxa, caso contr\u00e1rio, estar\u00e1 configurado o processo de criminaliza\u00e7\u00e3o dos movimentos sociais, tendo a cooperativa do assentamento na pessoa de seu presidente, como o \u201cBode\u201d expiat\u00f3rio da vez.<\/p>\n<p>Exigimos que a justi\u00e7a federal que decretou o mandado de pris\u00e3o do companheiro Jo\u00e3o Abelh\u00e3o, corrija seu erro colocando o mesmo em liberdade o mais r\u00e1pido poss\u00edvel.<\/p>\n<p>Dire\u00e7\u00e3o Estadual MST-RO<br \/>\nJo\u00e3o Livre!<\/p>\n","protected":false},"excerpt":{"rendered":"<p>\u00c9 com veem\u00eancia que o Movimento dos Trabalhadores Rurais em Rond\u00f4nia, repudia a desnecess\u00e1ria e equivocada pris\u00e3o do companheiro Jo\u00e3o Abelh\u00e3o.<\/p>\n","protected":false},"author":1,"featured_media":0,"comment_status":"closed","ping_status":"open","sticky":false,"template":"","format":"standard","meta":{"_exactmetrics_skip_tracking":false,"_exactmetrics_sitenote_active":false,"_exactmetrics_sitenote_note":"","_exactmetrics_sitenote_category":0,"jetpack_post_was_ever_published":false,"_jetpack_newsletter_access":"","_jetpack_dont_email_post_to_subs":false,"_jetpack_newsletter_tier_id":0,"_jetpack_memberships_contains_paywalled_content":false,"_jetpack_memberships_contains_paid_content":false,"footnotes":"","jetpack_publicize_message":"","jetpack_publicize_feature_enabled":true,"jetpack_social_post_already_shared":true,"jetpack_social_options":{"image_generator_settings":{"template":"highway","enabled":false},"version":2}},"categories":[1],"tags":[],"class_list":["post-24061","post","type-post","status-publish","format-standard","hentry","category-notas"],"jetpack_publicize_connections":[],"jetpack_sharing_enabled":true,"jetpack_featured_media_url":"","jetpack_shortlink":"https:\/\/wp.me\/p7wKYW-6g5","jetpack-related-posts":[],"_links":{"self":[{"href":"http:\/\/blogdalucianaoliveira.com.br\/blog\/wp-json\/wp\/v2\/posts\/24061","targetHints":{"allow":["GET"]}}],"collection":[{"href":"http:\/\/blogdalucianaoliveira.com.br\/blog\/wp-json\/wp\/v2\/posts"}],"about":[{"href":"http:\/\/blogdalucianaoliveira.com.br\/blog\/wp-json\/wp\/v2\/types\/post"}],"author":[{"embeddable":true,"href":"http:\/\/blogdalucianaoliveira.com.br\/blog\/wp-json\/wp\/v2\/users\/1"}],"replies":[{"embeddable":true,"href":"http:\/\/blogdalucianaoliveira.com.br\/blog\/wp-json\/wp\/v2\/comments?post=24061"}],"version-history":[{"count":1,"href":"http:\/\/blogdalucianaoliveira.com.br\/blog\/wp-json\/wp\/v2\/posts\/24061\/revisions"}],"predecessor-version":[{"id":24063,"href":"http:\/\/blogdalucianaoliveira.com.br\/blog\/wp-json\/wp\/v2\/posts\/24061\/revisions\/24063"}],"wp:attachment":[{"href":"http:\/\/blogdalucianaoliveira.com.br\/blog\/wp-json\/wp\/v2\/media?parent=24061"}],"wp:term":[{"taxonomy":"category","embeddable":true,"href":"http:\/\/blogdalucianaoliveira.com.br\/blog\/wp-json\/wp\/v2\/categories?post=24061"},{"taxonomy":"post_tag","embeddable":true,"href":"http:\/\/blogdalucianaoliveira.com.br\/blog\/wp-json\/wp\/v2\/tags?post=24061"}],"curies":[{"name":"wp","href":"https:\/\/api.w.org\/{rel}","templated":true}]}}