{"id":24071,"date":"2019-09-26T11:16:27","date_gmt":"2019-09-26T15:16:27","guid":{"rendered":"http:\/\/blogdalucianaoliveira.com.br\/blog\/?p=24071"},"modified":"2019-09-26T11:16:27","modified_gmt":"2019-09-26T15:16:27","slug":"principal-centro-de-formacao-do-mst-no-nordeste-e-alvo-de-despejo-da-gestao-bolsonaro","status":"publish","type":"post","link":"http:\/\/blogdalucianaoliveira.com.br\/blog\/2019\/09\/26\/principal-centro-de-formacao-do-mst-no-nordeste-e-alvo-de-despejo-da-gestao-bolsonaro\/","title":{"rendered":"Principal centro de forma\u00e7\u00e3o do MST no Nordeste \u00e9 alvo de despejo da gest\u00e3o Bolsonaro"},"content":{"rendered":"<div class=\"c-signature c-signature--left\" data-force-change-font-size=\"\"><img data-recalc-dims=\"1\" decoding=\"async\" class=\"c-image-full__image u-responsive-image\" src=\"https:\/\/i0.wp.com\/f.i.uol.com.br\/fotografia\/2019\/09\/25\/15694171135d8b6799d39de_1569417113_5x2_lg.jpg?w=600&#038;ssl=1\" sizes=\"100vw\" srcset=\"https:\/\/f.i.uol.com.br\/fotografia\/2019\/09\/25\/15694171135d8b6799d39de_1569417113_5x2_th.jpg 100w , https:\/\/f.i.uol.com.br\/fotografia\/2019\/09\/25\/15694171135d8b6799d39de_1569417113_5x2_xs.jpg 320w , https:\/\/f.i.uol.com.br\/fotografia\/2019\/09\/25\/15694171135d8b6799d39de_1569417113_5x2_sm.jpg 480w , https:\/\/f.i.uol.com.br\/fotografia\/2019\/09\/25\/15694171135d8b6799d39de_1569417113_5x2_md.jpg 768w , https:\/\/f.i.uol.com.br\/fotografia\/2019\/09\/25\/15694171135d8b6799d39de_1569417113_5x2_lg.jpg 1024w , https:\/\/f.i.uol.com.br\/fotografia\/2019\/09\/25\/15694171135d8b6799d39de_1569417113_5x2_xl.jpg 1200w , https:\/\/f.i.uol.com.br\/fotografia\/2019\/09\/25\/15694171135d8b6799d39de_1569417113_5x2_rt.jpg 1350w \" alt=\"Centro de forma\u00e7\u00e3o do MST, em Caruaru (PE), alvo de a\u00e7\u00e3o de despejo judicial\" \/><\/p>\n<div class=\"container\"><\/div>\n<\/div>\n<div class=\"c-signature c-signature--left\" data-force-change-font-size=\"\">\n<header class=\"c-content-head\" data-share-text=\"\">\n<div class=\"c-content-head__wrap\">\n<h2 class=\"c-content-head__subtitle\">Movimento diz que vai resistir, e governo de Pernambuco se mobiliza para evitar desocupa\u00e7\u00e3o<\/h2>\n<\/div>\n<\/header>\n<\/div>\n<p><!--more--><\/p>\n<p>Na Folha<\/p>\n<div class=\"c-signature c-signature--left\" data-force-change-font-size=\"\">O\u00a0<a href=\"https:\/\/www1.folha.uol.com.br\/especial\/2018\/governo-bolsonaro\/\">governo Jair\u00a0<\/a><a href=\"https:\/\/www1.folha.uol.com.br\/especial\/2018\/governo-bolsonaro\/\">Bolsonaro<\/a>\u00a0(PSL), por meio do Incra (Instituto Nacional de Coloniza\u00e7\u00e3o e Reforma Agr\u00e1ria), conseguiu decis\u00e3o favor\u00e1vel da Justi\u00e7a Federal para despejar, em Caruaru, interior de Pernambuco, o maior centro de forma\u00e7\u00e3o nordestino do\u00a0<a href=\"https:\/\/www1.folha.uol.com.br\/poder\/2018\/11\/mst-tem-mesmo-de-se-preocupar-afirma-ruralista-nomeado-por-bolsonaro.shtml\">MST<\/a>\u00a0(Movimento dos Trabalhadores Rurais Sem Terra).<\/div>\n<div class=\"c-news__body\" data-share-text=\"\" data-news-content-text=\"\" data-disable-copy=\"\" data-continue-reading=\"\" data-continue-reading-hide-others=\".js-continue-reading-hidden\">\n<p>O governador de Pernambuco, Paulo C\u00e2mara (PSB), que faz parte do\u00a0<a href=\"https:\/\/www1.folha.uol.com.br\/poder\/2019\/07\/bolsonaro-nega-ter-falado-paraiba-como-critica-a-nordestinos.shtml\">bloco nordestino de oposi\u00e7\u00e3o a\u00a0<\/a><a href=\"https:\/\/www1.folha.uol.com.br\/poder\/2019\/07\/termo-paraiba-usado-por-bolsonaro-reflete-preconceito-ao-nordeste-e-cabe-punicao.shtml\">Bolsonaro<\/a>, tenta evitar a execu\u00e7\u00e3o da senten\u00e7a e\u00a0j\u00e1 informou que n\u00e3o pretende\u00a0usar a for\u00e7a policial para auxiliar na reintegra\u00e7\u00e3o de posse, caso n\u00e3o se encontre uma sa\u00edda.<\/p>\n<p>\u201cA orienta\u00e7\u00e3o do governador \u00e9 para que n\u00e3o ocorra conflagra\u00e7\u00e3o, que este processo n\u00e3o seja executado\u201d, diz o l\u00edder do governo na Assembleia Legislativa de PE, deputado Isaltino Nascimento (PSB).<\/p>\n<div class=\"rs_skip\">\n<div class=\"widget-image\">\n<figure><img data-recalc-dims=\"1\" decoding=\"async\" class=\"img-responsive\" src=\"https:\/\/i0.wp.com\/f.i.uol.com.br\/fotografia\/2019\/09\/24\/15693569905d8a7cbe6111e_1569356990_3x2_md.jpg?w=600&#038;ssl=1\" sizes=\"(min-width: 1024px) 68vw, 100vw\" srcset=\" https:\/\/f.i.uol.com.br\/fotografia\/2019\/09\/24\/15693569905d8a7cbe6111e_1569356990_3x2_th.jpg 100w,                                    https:\/\/f.i.uol.com.br\/fotografia\/2019\/09\/24\/15693569905d8a7cbe6111e_1569356990_3x2_sm.jpg 480w,                   https:\/\/f.i.uol.com.br\/fotografia\/2019\/09\/24\/15693569905d8a7cbe6111e_1569356990_3x2_md.jpg 768w,                   https:\/\/f.i.uol.com.br\/fotografia\/2019\/09\/24\/15693569905d8a7cbe6111e_1569356990_3x2_lg.jpg 1024w,                   https:\/\/f.i.uol.com.br\/fotografia\/2019\/09\/24\/15693569905d8a7cbe6111e_1569356990_3x2_xl.jpg 1200w,                   https:\/\/f.i.uol.com.br\/fotografia\/2019\/09\/24\/15693569905d8a7cbe6111e_1569356990_3x2_rt.jpg 2400w \" alt=\"\" \/><figcaption class=\"widget-image__subtitle\">MST montou acampamento com 1.500 pessoas para resistir ao poss\u00edvel despejo &#8211;\u00a0<span class=\"widget-image__credits\">Leo Caldas &#8211; 18.set.2019\/Folhapress<\/span><\/figcaption><\/figure>\n<\/div>\n<\/div>\n<p>O centro de forma\u00e7\u00e3o,\u00a0batizado h\u00e1 20 anos com o nome do educador pernambucano Paulo Freire, faz parte da \u00e1rea comum do assentamento\u00a0Normandia. O local\u00a0conta com tr\u00eas agroind\u00fastrias, 52 alojamentos, salas de aula, audit\u00f3rio para 700 pessoas, centro comunit\u00e1rio, quadra esportiva, academia p\u00fablica para atividades f\u00edsicas, creche e\u00a0refeit\u00f3rio.<\/p>\n<div class=\"c-advertising c-advertising--300x250 u-hidden-xs\">H\u00e1 duas semanas, o MST montou acampamento no local com 1.500 pessoas e espera dobrar a quantidade at\u00e9 o final\u00a0desta semana. \u201cVamos resistir\u201d, disse\u00a0<a href=\"https:\/\/www1.folha.uol.com.br\/fsp\/brasil\/fc20089810.htm\">Jaime Amorim<\/a>, um dos coordenadores nacionais do movimento.<\/div>\n<p>O processo tramitava desde 2008 e foi transitado em julgado contra o MST no final\u00a0de 2017. Em agosto passado, 20 dias ap\u00f3s ser nomeado superintendente do Incra em Pernambuco, o coronel da PM\u00a0Marcos Campos de Albuquerque\u00a0solicitou que a Justi\u00e7a Federal ordenasse o cumprimento da senten\u00e7a.<\/p>\n<p>O juiz da 24\u00ba Vara Federal Tiago Antunes de Aguiar acatou o pedido e deu prazo de 30 dias, a contar da notifica\u00e7\u00e3o, para desocupa\u00e7\u00e3o espont\u00e2nea da \u00e1rea. Em seguida, ap\u00f3s reuni\u00f5es com representantes do governo estadual e deputados federais da comiss\u00e3o de direitos humanos da C\u00e2mara, o magistrado concedeu 10 dias para posicionamento oficial do Incra.<\/p>\n<p>O prazo final \u00e9 10 de outubro, e o\u00a0juiz determinou\u00a0uso da for\u00e7a policial para cumprimento da medida. O\u00a0<a href=\"https:\/\/www1.folha.uol.com.br\/poder\/2019\/08\/procuradoria-adverte-incra-a-parar-de-desistir-de-desapropriacao-de-terras-para-reforma-agraria.shtml\">Incra<\/a>, diferentemente do que afirma o MST, alega que as constru\u00e7\u00f5es na \u00e1rea comum do assentamento foram feitas sem a anu\u00eancia do \u00f3rg\u00e3o federal.<\/p>\n<div class=\"rs_skip\">\n<div class=\"c-news__body\" data-share-text=\"\" data-news-content-text=\"\" data-disable-copy=\"\" data-continue-reading=\"\" data-continue-reading-hide-others=\".js-continue-reading-hidden\">\n<p>O local \u00e9 considerado o cora\u00e7\u00e3o do movimento social na regi\u00e3o por j\u00e1 ter formado, em parcerias com universidades federais e estaduais, mais de 8.000 pessoas\u00a0s\u00f3 em cursos de gradua\u00e7\u00e3o e p\u00f3s-gradua\u00e7\u00e3o.<\/p>\n<div id=\"_dynad_c_I5550010343_1569510609004514593013\"><\/div>\n<p>Grande parte dos alimentos beneficiados nas agroind\u00fastrias de bolos, p\u00e3es e carne abastece escolas municipais da regi\u00e3o. Um dos exemplos \u00e9 a Prefeitura de Caruaru. Aproximadamente 60% da merenda escolar \u00e9 fornecida pelo assentamento, que possui m\u00e1quinas de embalagem a v\u00e1cuo.<\/p>\n<p>Alunos da rede municipal tiveram aula no local neste ano porque duas escolas estavam em reforma. A associa\u00e7\u00e3o do centro de forma\u00e7\u00e3o tamb\u00e9m tem contratos para fornecimento de alimentos com a\u00a0Secretaria Estadual de Educa\u00e7\u00e3o\u00a0e com a Prefeitura do Recife.<\/p>\n<p>H\u00e1 tamb\u00e9m cursos t\u00e9cnicos na \u00e1rea de agroecologia e\u00a0parcerias, entre outras institui\u00e7\u00f5es, com\u00a0<a href=\"https:\/\/www1.folha.uol.com.br\/educacao\/2018\/11\/pf-e-acionada-para-apurar-ameacas-a-docentes-da-ufpe-chamados-de-comunistas.shtml\">UFPE<\/a>\u00a0(Universidade Federal de Pernambuco),\u00a0<a href=\"https:\/\/www1.folha.uol.com.br\/mundo\/2019\/08\/universidade-de-pernambuco-cita-ameacas-e-cancela-palestra-de-ativista-judeu.shtml\">UPE<\/a>\u00a0(Universidade Estadual de Pernambuco),\u00a0<a href=\"https:\/\/www1.folha.uol.com.br\/mercado\/2019\/07\/governo-destitui-presidente-da-embrapa-e-interino-assume.shtml\">Embrapa<\/a>\u00a0(Empresa Brasileira de Pesquisa de Agropecu\u00e1ria) e\u00a0<a href=\"https:\/\/www1.folha.uol.com.br\/cotidiano\/2019\/08\/fiocruz-e-autorizada-a-divulgar-estudo-censurado-sobre-uso-de-drogas.shtml\">Fiocruz<\/a>\u00a0(Funda\u00e7\u00e3o Oswaldo Cruz).<\/p>\n<div class=\"rs_skip\">\n<div class=\"widget-image\">\n<figure><img data-recalc-dims=\"1\" decoding=\"async\" class=\"img-responsive\" src=\"https:\/\/i0.wp.com\/f.i.uol.com.br\/fotografia\/2019\/09\/24\/15693569455d8a7c91658d6_1569356945_3x2_md.jpg?w=600&#038;ssl=1\" sizes=\"(min-width: 1024px) 68vw, 100vw\" srcset=\" https:\/\/f.i.uol.com.br\/fotografia\/2019\/09\/24\/15693569455d8a7c91658d6_1569356945_3x2_th.jpg 100w,                                    https:\/\/f.i.uol.com.br\/fotografia\/2019\/09\/24\/15693569455d8a7c91658d6_1569356945_3x2_sm.jpg 480w,                   https:\/\/f.i.uol.com.br\/fotografia\/2019\/09\/24\/15693569455d8a7c91658d6_1569356945_3x2_md.jpg 768w,                   https:\/\/f.i.uol.com.br\/fotografia\/2019\/09\/24\/15693569455d8a7c91658d6_1569356945_3x2_lg.jpg 1024w,                   https:\/\/f.i.uol.com.br\/fotografia\/2019\/09\/24\/15693569455d8a7c91658d6_1569356945_3x2_xl.jpg 1200w,                   https:\/\/f.i.uol.com.br\/fotografia\/2019\/09\/24\/15693569455d8a7c91658d6_1569356945_3x2_rt.jpg 2400w \" alt=\"O centro tem agroind\u00fastrias, alojamentos, salas de aula, audit\u00f3rio, quadra esportiva, academia p\u00fablica, creche, refeit\u00f3rio. Alunos da rede municipal tiveram aula no local neste ano porque duas escolas estavam em reforma\" \/><figcaption class=\"widget-image__subtitle\">O centro tem agroind\u00fastrias, alojamentos, salas de aula, audit\u00f3rio, quadra esportiva, academia p\u00fablica, creche, refeit\u00f3rio. Alunos da rede municipal tiveram aula no local neste ano porque duas escolas estavam em reforma &#8211;\u00a0<span class=\"widget-image__credits\">Leo Caldas &#8211; 18.set.2019\/Folhapress<\/span><\/figcaption><\/figure>\n<\/div>\n<\/div>\n<p>A fazenda, com 556 hectares, foi invadida pelo MST em maio de 1993. Em abril de 1996, ap\u00f3s greve de fome que durou 10 dias, uma equipe do Incra de fora de Pernambuco vistoriou o local e emitiu laudo atestando que o im\u00f3vel era improdutivo.<\/p>\n<p>Um ano depois, o Incra concedeu a posse da \u00e1rea a 41 fam\u00edlias. Posteriormente, o im\u00f3vel virou oficialmente um assentamento. Cada lote tem 10 hectares.<\/p>\n<p>O l\u00edder dos sem-terra Jaime Amorim conta que, na \u00e9poca, a \u00fanica orienta\u00e7\u00e3o do Incra era para que as fam\u00edlias dos assentados n\u00e3o utilizassem a casa grande. \u201cMas nos orientaram a destinar parte do assentamento para fazer capacita\u00e7\u00f5es.\u00a0E\u00a0foi isso que n\u00f3s fizemos, tudo com a concord\u00e2ncia deles.\u201d<\/p>\n<p>Ap\u00f3s a formaliza\u00e7\u00e3o de duas associa\u00e7\u00f5es, uma para cuidar do assentamento e outra para gerir o centro de forma\u00e7\u00e3o, a \u00e1rea, al\u00e9m dos lotes individuais, foi dividida. H\u00e1 uma agrovila (15 hectares), onde moram as fam\u00edlias at\u00e9 hoje, uma reserva florestal (105 hectares), uma \u00e1rea para produ\u00e7\u00e3o coletiva gerida por uma cooperativa (20 hectares) e o Centro de Forma\u00e7\u00e3o Paulo Freire (14 hectares).<\/p>\n<p>O movimento doou 0,7 hectare para a diocese de Caruaru porque havia uma igreja no local.<\/p>\n<div class=\"rs_skip\">\n<div class=\"widget-image\">\n<figure><img data-recalc-dims=\"1\" decoding=\"async\" class=\"img-responsive\" src=\"https:\/\/i0.wp.com\/f.i.uol.com.br\/fotografia\/2019\/09\/24\/15693569795d8a7cb362848_1569356979_3x2_md.jpg?w=600&#038;ssl=1\" sizes=\"(min-width: 1024px) 68vw, 100vw\" srcset=\" https:\/\/f.i.uol.com.br\/fotografia\/2019\/09\/24\/15693569795d8a7cb362848_1569356979_3x2_th.jpg 100w,                                    https:\/\/f.i.uol.com.br\/fotografia\/2019\/09\/24\/15693569795d8a7cb362848_1569356979_3x2_sm.jpg 480w,                   https:\/\/f.i.uol.com.br\/fotografia\/2019\/09\/24\/15693569795d8a7cb362848_1569356979_3x2_md.jpg 768w,                   https:\/\/f.i.uol.com.br\/fotografia\/2019\/09\/24\/15693569795d8a7cb362848_1569356979_3x2_lg.jpg 1024w,                   https:\/\/f.i.uol.com.br\/fotografia\/2019\/09\/24\/15693569795d8a7cb362848_1569356979_3x2_xl.jpg 1200w,                   https:\/\/f.i.uol.com.br\/fotografia\/2019\/09\/24\/15693569795d8a7cb362848_1569356979_3x2_rt.jpg 2400w \" alt=\"\" \/><figcaption class=\"widget-image__subtitle\">A procuradora federal dos Direitos do Cidad\u00e3o, Deborah Duprat, encaminhou of\u00edcio \u00e0 presid\u00eancia do Incra pedindo um solu\u00e7\u00e3o conciliat\u00f3ria e pac\u00edfica &#8211;\u00a0<span class=\"widget-image__credits\">Leo Caldas &#8211; 18.set.2019\/Folhapress<\/span><\/figcaption><\/figure>\n<\/div>\n<\/div>\n<p>O processo administrativo teve origem logo depois que o im\u00f3vel\u00a0virou\u00a0assentamento. Quatro fam\u00edlias de assentados acionaram o Incra por se sentirem prejudicadas pela constru\u00e7\u00e3o do centro de forma\u00e7\u00e3o na \u00e1rea de acesso do assentamento.<\/p>\n<p>\u201cO que aconteceu \u00e9 que n\u00e3o demos bola, n\u00e3o atuamos no processo e perdemos em todas as inst\u00e2ncias. N\u00e3o atuamos porque o pr\u00f3prio presidente nacional do Incra veio aqui em 2008 e disse para n\u00e3o nos preocuparmos que a quest\u00e3o seria resolvida administrativamente\u201d, afirma Jaime Amorim.<\/p>\n<p>Segundo o secret\u00e1rio de Agricultura de Pernambuco,\u00a0Dilson\u00a0Peixoto,\u00a0o estado aceita receber a \u00e1rea numa solu\u00e7\u00e3o negociada com o Incra. \u201cSe, no final,\u00a0existir realmente uma obrigatoriedade a partir de uma decis\u00e3o judicial para\u00a0cumprimento\u00a0da senten\u00e7a, a gente vai ter que debater, com o juiz seja l\u00e1 com quem for, o nosso papel.\u201d<\/p>\n<p>Na sexta-feira passada (20), a procuradora federal dos Direitos do Cidad\u00e3o,\u00a0Deborah\u00a0Duprat, encaminhou of\u00edcio \u00e0 presid\u00eancia do Incra pedindo um solu\u00e7\u00e3o conciliat\u00f3ria e pac\u00edfica. Ela fez um hist\u00f3rico do assentamento e lembra que o local cumpre sua fun\u00e7\u00e3o social.<\/p>\n<p>Por meio de nota, o Incra lembra que a a\u00e7\u00e3o \u00e9 de 2008 e foi institu\u00edda porque houve na \u00e1rea de dom\u00ednio coletivo dos assentados a edifica\u00e7\u00e3o do centro sem autoriza\u00e7\u00e3o do Incra. \u201cCumprida a ordem judicial, o Incra procurar\u00e1 regularizar a \u00e1rea na forma da legisla\u00e7\u00e3o vigente, a fim de promover benef\u00edcios a todos os assentados\u201d, diz. N\u00e3o h\u00e1 detalhamento do que ser\u00e1 feito na \u00e1rea.<\/p>\n<div class=\"rs_skip\">\n<div id=\"infographic-1\" class=\"widget-infographic js-widget-infographic\" data-url=\"https:\/\/arte.folha.uol.com.br\/poder\/2019\/09\/26\/of-caruaru\/\" data-infographic-id=\"infographic-1\"><iframe loading=\"lazy\" src=\"https:\/\/arte.folha.uol.com.br\/poder\/2019\/09\/26\/of-caruaru\/?initialWidth=903&amp;childId=infographic-1&amp;parentTitle=Principal%20centro%20de%20forma%C3%A7%C3%A3o%20do%20MST%20no%20Nordeste%20%C3%A9%20alvo%20de%20despejo%20da%20gest%C3%A3o%20Bolsonaro%20-%2026%2F09%2F2019%20-%20Poder%20-%20Folha&amp;parentUrl=https%3A%2F%2Fwww1.folha.uol.com.br%2Fpoder%2F2019%2F09%2Fprincipal-centro-de-formacao-do-mst-no-nordeste-e-alvo-de-despejo-da-gestao-bolsonaro.shtml\" width=\"100%\" height=\"270px\" frameborder=\"0\" marginheight=\"0\" scrolling=\"no\"><\/iframe><\/div>\n<\/div>\n<\/div>\n<div class=\"c-news__stars u-no-print js-continue-reading-hidden\"><\/div>\n<div class=\"c-tools-share c-tools-share--bordered-md c-tools-share--margin-bottom toolbar rs_skip\"><\/div>\n<\/div>\n<\/div>\n","protected":false},"excerpt":{"rendered":"<p>Movimento diz que vai resistir, e governo de Pernambuco se mobiliza para evitar desocupa\u00e7\u00e3o<\/p>\n","protected":false},"author":1,"featured_media":0,"comment_status":"closed","ping_status":"open","sticky":false,"template":"","format":"standard","meta":{"_exactmetrics_skip_tracking":false,"_exactmetrics_sitenote_active":false,"_exactmetrics_sitenote_note":"","_exactmetrics_sitenote_category":0,"jetpack_post_was_ever_published":false,"_jetpack_newsletter_access":"","_jetpack_dont_email_post_to_subs":false,"_jetpack_newsletter_tier_id":0,"_jetpack_memberships_contains_paywalled_content":false,"_jetpack_memberships_contains_paid_content":false,"footnotes":"","jetpack_publicize_message":"","jetpack_publicize_feature_enabled":true,"jetpack_social_post_already_shared":true,"jetpack_social_options":{"image_generator_settings":{"template":"highway","enabled":false},"version":2}},"categories":[1],"tags":[],"class_list":["post-24071","post","type-post","status-publish","format-standard","hentry","category-notas"],"jetpack_publicize_connections":[],"jetpack_sharing_enabled":true,"jetpack_featured_media_url":"","jetpack_shortlink":"https:\/\/wp.me\/p7wKYW-6gf","jetpack-related-posts":[],"_links":{"self":[{"href":"http:\/\/blogdalucianaoliveira.com.br\/blog\/wp-json\/wp\/v2\/posts\/24071","targetHints":{"allow":["GET"]}}],"collection":[{"href":"http:\/\/blogdalucianaoliveira.com.br\/blog\/wp-json\/wp\/v2\/posts"}],"about":[{"href":"http:\/\/blogdalucianaoliveira.com.br\/blog\/wp-json\/wp\/v2\/types\/post"}],"author":[{"embeddable":true,"href":"http:\/\/blogdalucianaoliveira.com.br\/blog\/wp-json\/wp\/v2\/users\/1"}],"replies":[{"embeddable":true,"href":"http:\/\/blogdalucianaoliveira.com.br\/blog\/wp-json\/wp\/v2\/comments?post=24071"}],"version-history":[{"count":1,"href":"http:\/\/blogdalucianaoliveira.com.br\/blog\/wp-json\/wp\/v2\/posts\/24071\/revisions"}],"predecessor-version":[{"id":24072,"href":"http:\/\/blogdalucianaoliveira.com.br\/blog\/wp-json\/wp\/v2\/posts\/24071\/revisions\/24072"}],"wp:attachment":[{"href":"http:\/\/blogdalucianaoliveira.com.br\/blog\/wp-json\/wp\/v2\/media?parent=24071"}],"wp:term":[{"taxonomy":"category","embeddable":true,"href":"http:\/\/blogdalucianaoliveira.com.br\/blog\/wp-json\/wp\/v2\/categories?post=24071"},{"taxonomy":"post_tag","embeddable":true,"href":"http:\/\/blogdalucianaoliveira.com.br\/blog\/wp-json\/wp\/v2\/tags?post=24071"}],"curies":[{"name":"wp","href":"https:\/\/api.w.org\/{rel}","templated":true}]}}