{"id":24075,"date":"2019-09-26T11:29:34","date_gmt":"2019-09-26T15:29:34","guid":{"rendered":"http:\/\/blogdalucianaoliveira.com.br\/blog\/?p=24075"},"modified":"2019-09-26T11:29:34","modified_gmt":"2019-09-26T15:29:34","slug":"pesquisa-quase-todo-brasil-quer-protecao-a-areas-indigenas-e-repudia-posicao-de-bolsonaro","status":"publish","type":"post","link":"http:\/\/blogdalucianaoliveira.com.br\/blog\/2019\/09\/26\/pesquisa-quase-todo-brasil-quer-protecao-a-areas-indigenas-e-repudia-posicao-de-bolsonaro\/","title":{"rendered":"Pesquisa: quase todo Brasil quer prote\u00e7\u00e3o a \u00e1reas ind\u00edgenas e repudia posi\u00e7\u00e3o de Bolsonaro"},"content":{"rendered":"<div class=\"article__lead\">\n<picture><img data-recalc-dims=\"1\" decoding=\"async\" title=\" (Foto: Reuters | Christiano Antonucci\/Secom-MT)\" src=\"https:\/\/i0.wp.com\/publisher-publish.s3.eu-central-1.amazonaws.com\/pb-brasil247\/swp\/jtjeq9\/media\/20190926140924_e6527d6f-ff6f-4dac-9736-d08b8085ab81.jpeg?w=600&#038;ssl=1\" alt=\"\" \/><\/picture>\n<p>Quase todo o pa\u00eds, 93%, defende que sejam protegidas as florestas onde se encontram tribos ind\u00edgenas isoladas, em confronto com a posi\u00e7\u00e3o de Bolsonaro de &#8220;integra\u00e7\u00e3o&#8221; e exterm\u00ednio. Bolsonaro diz que n\u00e3o demarcar\u00e1 novas terras ind\u00edgenas e defende que as \u00e1reas protegidas sejam usadas para produ\u00e7\u00e3o e aproveitamento mineral. \u00c9 repudiado por quase toda a popula\u00e7\u00e3o.<!--more--><\/p>\n<p><b>247 &#8211;<\/b>\u00a0\u00a0Quase 100% dos brasileiros -93% para ser preciso- \u00e9 favor\u00e1vel \u00e0 prote\u00e7\u00e3o de florestas onde se encontram tribos ind\u00edgenas isoladas, indica pesquisa \u00a0do Datafolha realizada em parceria com o ISA (Instituto Socioambiental). A posi\u00e7ao confronta por completo a politica do governo Bolsonaro.<\/p>\n<p>Bolsonaro afirma desde a campanha que n\u00e3o demarcar\u00e1 novas terras ind\u00edgenas e defende que as \u00e1reas protegidas sejam usadas para produ\u00e7\u00e3o e aproveitamento mineral. \u00c9 repudiado por quase toda a popula\u00e7\u00e3o. A pesquisa foi feita entre 4 e 6 de junho deste ano em 168 munic\u00edpios de todo o pa\u00eds.<\/p>\n<div class=\"contentAd contentAd--noBackground marginBottom30\">\n<p>Em seu discurso na 74\u00aa Assembleia Geral da ONU, na ter\u00e7a-feira (24), Bolsonaro disse que h\u00e1 70 tribos vivendo em locais isolados, menos da metade do n\u00famero oficial da Funai. Segundo a Funda\u00e7\u00e3o Nacional do \u00cdndio, h\u00e1 cerca de 114 registros de \u00edndios isolados na Amaz\u00f4nia Legal.<\/p>\n<p>Adriana Ramos, assessora do programa de pol\u00edtica e direito socioambiental do ISA, afirmou ao jornalista\u00a0<a href=\"https:\/\/www1.folha.uol.com.br\/ambiente\/2019\/09\/maioria-dos-brasileiros-defende-protecao-de-florestas-onde-vivem-indios-isolados.shtml\">Phillippe Watanabe<\/a>\u00a0que o discurso do governo Bolsonaro incentiva as invas\u00f5es a terras ind\u00edgenas e que os povos isolados s\u00e3o os mais fr\u00e1geis nesse contexto: \u201cS\u00e3o terras onde as popula\u00e7\u00f5es n\u00e3o est\u00e3o atentas a esses movimentos de fora\u201d. Ela mencionou as terras ind\u00edgenas Ituna\/Itat\u00e1, no Par\u00e1, e Arariboia, no Maranh\u00e3o, como exemplos de \u00e1reas em que h\u00e1 tribos isoladas e que est\u00e3o sofrendo invas\u00f5es.<\/p>\n<p>Os \u00a0primeiros nove meses de Bolsonaro permitiram uma explos\u00e3o nas invas\u00f5es, segundo levantamento do Cimi (Conselho Indigenista Mission\u00e1rio), vinculado \u00e0 CNBB (Confer\u00eancia Nacional dos Bispos do Brasil): enquanto em 2018 foram registrados 111 invas\u00f5es em 76 \u00e1reas, de janeiro a setembro deste ano, o n\u00famero saltou para 160 invas\u00f5es em 153 terras ind\u00edgenas.<\/p>\n<\/div>\n<\/div>\n<p>&nbsp;<\/p>\n","protected":false},"excerpt":{"rendered":"<p>Quase todo o pa\u00eds, 93%, defende que sejam protegidas as florestas onde se encontram tribos ind\u00edgenas isoladas, em confronto com a posi\u00e7\u00e3o de Bolsonaro de &#8220;integra\u00e7\u00e3o&#8221; e exterm\u00ednio. Bolsonaro diz que n\u00e3o demarcar\u00e1 novas terras ind\u00edgenas e defende que as \u00e1reas protegidas sejam usadas para produ\u00e7\u00e3o e aproveitamento mineral. \u00c9 repudiado por quase toda a&#8230;<a class=\"more-link\" href=\"http:\/\/blogdalucianaoliveira.com.br\/blog\/2019\/09\/26\/pesquisa-quase-todo-brasil-quer-protecao-a-areas-indigenas-e-repudia-posicao-de-bolsonaro\/\">Continue a leitura <span class=\"meta-nav\">&raquo;<\/span><\/a><\/p>\n","protected":false},"author":1,"featured_media":0,"comment_status":"closed","ping_status":"open","sticky":false,"template":"","format":"standard","meta":{"_exactmetrics_skip_tracking":false,"_exactmetrics_sitenote_active":false,"_exactmetrics_sitenote_note":"","_exactmetrics_sitenote_category":0,"jetpack_post_was_ever_published":false,"_jetpack_newsletter_access":"","_jetpack_dont_email_post_to_subs":false,"_jetpack_newsletter_tier_id":0,"_jetpack_memberships_contains_paywalled_content":false,"_jetpack_memberships_contains_paid_content":false,"footnotes":"","jetpack_publicize_message":"","jetpack_publicize_feature_enabled":true,"jetpack_social_post_already_shared":true,"jetpack_social_options":{"image_generator_settings":{"template":"highway","enabled":false},"version":2}},"categories":[1],"tags":[],"class_list":["post-24075","post","type-post","status-publish","format-standard","hentry","category-notas"],"jetpack_publicize_connections":[],"jetpack_sharing_enabled":true,"jetpack_featured_media_url":"","jetpack_shortlink":"https:\/\/wp.me\/p7wKYW-6gj","jetpack-related-posts":[],"_links":{"self":[{"href":"http:\/\/blogdalucianaoliveira.com.br\/blog\/wp-json\/wp\/v2\/posts\/24075","targetHints":{"allow":["GET"]}}],"collection":[{"href":"http:\/\/blogdalucianaoliveira.com.br\/blog\/wp-json\/wp\/v2\/posts"}],"about":[{"href":"http:\/\/blogdalucianaoliveira.com.br\/blog\/wp-json\/wp\/v2\/types\/post"}],"author":[{"embeddable":true,"href":"http:\/\/blogdalucianaoliveira.com.br\/blog\/wp-json\/wp\/v2\/users\/1"}],"replies":[{"embeddable":true,"href":"http:\/\/blogdalucianaoliveira.com.br\/blog\/wp-json\/wp\/v2\/comments?post=24075"}],"version-history":[{"count":1,"href":"http:\/\/blogdalucianaoliveira.com.br\/blog\/wp-json\/wp\/v2\/posts\/24075\/revisions"}],"predecessor-version":[{"id":24076,"href":"http:\/\/blogdalucianaoliveira.com.br\/blog\/wp-json\/wp\/v2\/posts\/24075\/revisions\/24076"}],"wp:attachment":[{"href":"http:\/\/blogdalucianaoliveira.com.br\/blog\/wp-json\/wp\/v2\/media?parent=24075"}],"wp:term":[{"taxonomy":"category","embeddable":true,"href":"http:\/\/blogdalucianaoliveira.com.br\/blog\/wp-json\/wp\/v2\/categories?post=24075"},{"taxonomy":"post_tag","embeddable":true,"href":"http:\/\/blogdalucianaoliveira.com.br\/blog\/wp-json\/wp\/v2\/tags?post=24075"}],"curies":[{"name":"wp","href":"https:\/\/api.w.org\/{rel}","templated":true}]}}