{"id":24077,"date":"2019-09-27T00:09:45","date_gmt":"2019-09-27T04:09:45","guid":{"rendered":"http:\/\/blogdalucianaoliveira.com.br\/blog\/?p=24077"},"modified":"2019-09-27T00:09:45","modified_gmt":"2019-09-27T04:09:45","slug":"o-canalha-e-a-menina","status":"publish","type":"post","link":"http:\/\/blogdalucianaoliveira.com.br\/blog\/2019\/09\/27\/o-canalha-e-a-menina\/","title":{"rendered":"O canalha e a menina"},"content":{"rendered":"<p><img data-recalc-dims=\"1\" loading=\"lazy\" decoding=\"async\" data-attachment-id=\"24078\" data-permalink=\"http:\/\/blogdalucianaoliveira.com.br\/blog\/2019\/09\/27\/o-canalha-e-a-menina\/2417731e-2e15-4943-acb6-693ef4358ee9\/\" data-orig-file=\"https:\/\/i0.wp.com\/blogdalucianaoliveira.com.br\/blog\/wp-content\/uploads\/2019\/09\/2417731E-2E15-4943-ACB6-693EF4358EE9.png?fit=680%2C453\" data-orig-size=\"680,453\" data-comments-opened=\"0\" data-image-meta=\"{&quot;aperture&quot;:&quot;0&quot;,&quot;credit&quot;:&quot;&quot;,&quot;camera&quot;:&quot;&quot;,&quot;caption&quot;:&quot;&quot;,&quot;created_timestamp&quot;:&quot;0&quot;,&quot;copyright&quot;:&quot;&quot;,&quot;focal_length&quot;:&quot;0&quot;,&quot;iso&quot;:&quot;0&quot;,&quot;shutter_speed&quot;:&quot;0&quot;,&quot;title&quot;:&quot;&quot;,&quot;orientation&quot;:&quot;0&quot;}\" data-image-title=\"2417731E-2E15-4943-ACB6-693EF4358EE9\" data-image-description=\"\" data-image-caption=\"\" data-medium-file=\"https:\/\/i0.wp.com\/blogdalucianaoliveira.com.br\/blog\/wp-content\/uploads\/2019\/09\/2417731E-2E15-4943-ACB6-693EF4358EE9.png?fit=300%2C200\" data-large-file=\"https:\/\/i0.wp.com\/blogdalucianaoliveira.com.br\/blog\/wp-content\/uploads\/2019\/09\/2417731E-2E15-4943-ACB6-693EF4358EE9.png?fit=600%2C400\" src=\"https:\/\/i0.wp.com\/blogdalucianaoliveira.com.br\/blog\/wp-content\/uploads\/2019\/09\/2417731E-2E15-4943-ACB6-693EF4358EE9.png?resize=600%2C400\" alt=\"2417731E-2E15-4943-ACB6-693EF4358EE9\" width=\"600\" height=\"400\" class=\"alignnone size-full wp-image-24078\" srcset=\"https:\/\/i0.wp.com\/blogdalucianaoliveira.com.br\/blog\/wp-content\/uploads\/2019\/09\/2417731E-2E15-4943-ACB6-693EF4358EE9.png?w=680 680w, https:\/\/i0.wp.com\/blogdalucianaoliveira.com.br\/blog\/wp-content\/uploads\/2019\/09\/2417731E-2E15-4943-ACB6-693EF4358EE9.png?resize=300%2C200 300w, https:\/\/i0.wp.com\/blogdalucianaoliveira.com.br\/blog\/wp-content\/uploads\/2019\/09\/2417731E-2E15-4943-ACB6-693EF4358EE9.png?resize=450%2C300 450w\" sizes=\"auto, (max-width: 600px) 100vw, 600px\" \/><\/p>\n<p>J\u00e1 tinham visto um deputado federal, filho do presidente da rep\u00fablica, candidato a embaixador nos EUA, atacar com boato e imagem falsa na internet uma adolescente ativista?<\/p>\n<p>A menina tem s\u00edndrome de Asperger, um transtorno do espectro autista com v\u00e1rios sintomas comportamentais. Um deles \u00e9 o inquieto interesse por um determinado assunto.  No caso dela, o aquecimento global. <\/p>\n<p>Uns resumem como uma obsess\u00e3o. <\/p>\n<p>Pergunto a voc\u00eas: qual obsess\u00e3o faz mal pra humanidade? <\/p>\n<p>A de Greta pelo clima ou a do cl\u00e3 Bolsonaro por fake news? <\/p>\n<p>Os brasileiros deviam fazer um pedido de desculpas \u00e0 Greta. <\/p>\n<p>Deixo aqui, o meu.<br \/>\n#DesculpaGreta<\/p>\n","protected":false},"excerpt":{"rendered":"<p>J\u00e1 tinham visto um deputado federal, filho do presidente da rep\u00fablica, candidato a embaixador nos EUA, atacar com boato e imagem falsa na internet uma adolescente ativista? A menina tem s\u00edndrome de Asperger, um transtorno do espectro autista com v\u00e1rios sintomas comportamentais. Um deles \u00e9 o inquieto interesse por um determinado assunto. No caso dela,&#8230;<a class=\"more-link\" href=\"http:\/\/blogdalucianaoliveira.com.br\/blog\/2019\/09\/27\/o-canalha-e-a-menina\/\">Continue a leitura <span class=\"meta-nav\">&raquo;<\/span><\/a><\/p>\n","protected":false},"author":1,"featured_media":0,"comment_status":"closed","ping_status":"open","sticky":false,"template":"","format":"standard","meta":{"_exactmetrics_skip_tracking":false,"_exactmetrics_sitenote_active":false,"_exactmetrics_sitenote_note":"","_exactmetrics_sitenote_category":0,"jetpack_post_was_ever_published":false,"_jetpack_newsletter_access":"","_jetpack_dont_email_post_to_subs":false,"_jetpack_newsletter_tier_id":0,"_jetpack_memberships_contains_paywalled_content":false,"_jetpack_memberships_contains_paid_content":false,"footnotes":"","jetpack_publicize_message":"","jetpack_publicize_feature_enabled":true,"jetpack_social_post_already_shared":true,"jetpack_social_options":{"image_generator_settings":{"template":"highway","enabled":false},"version":2}},"categories":[1],"tags":[],"class_list":["post-24077","post","type-post","status-publish","format-standard","hentry","category-notas"],"jetpack_publicize_connections":[],"jetpack_sharing_enabled":true,"jetpack_featured_media_url":"","jetpack_shortlink":"https:\/\/wp.me\/p7wKYW-6gl","jetpack-related-posts":[],"_links":{"self":[{"href":"http:\/\/blogdalucianaoliveira.com.br\/blog\/wp-json\/wp\/v2\/posts\/24077","targetHints":{"allow":["GET"]}}],"collection":[{"href":"http:\/\/blogdalucianaoliveira.com.br\/blog\/wp-json\/wp\/v2\/posts"}],"about":[{"href":"http:\/\/blogdalucianaoliveira.com.br\/blog\/wp-json\/wp\/v2\/types\/post"}],"author":[{"embeddable":true,"href":"http:\/\/blogdalucianaoliveira.com.br\/blog\/wp-json\/wp\/v2\/users\/1"}],"replies":[{"embeddable":true,"href":"http:\/\/blogdalucianaoliveira.com.br\/blog\/wp-json\/wp\/v2\/comments?post=24077"}],"version-history":[{"count":1,"href":"http:\/\/blogdalucianaoliveira.com.br\/blog\/wp-json\/wp\/v2\/posts\/24077\/revisions"}],"predecessor-version":[{"id":24079,"href":"http:\/\/blogdalucianaoliveira.com.br\/blog\/wp-json\/wp\/v2\/posts\/24077\/revisions\/24079"}],"wp:attachment":[{"href":"http:\/\/blogdalucianaoliveira.com.br\/blog\/wp-json\/wp\/v2\/media?parent=24077"}],"wp:term":[{"taxonomy":"category","embeddable":true,"href":"http:\/\/blogdalucianaoliveira.com.br\/blog\/wp-json\/wp\/v2\/categories?post=24077"},{"taxonomy":"post_tag","embeddable":true,"href":"http:\/\/blogdalucianaoliveira.com.br\/blog\/wp-json\/wp\/v2\/tags?post=24077"}],"curies":[{"name":"wp","href":"https:\/\/api.w.org\/{rel}","templated":true}]}}