{"id":24083,"date":"2019-09-27T07:10:32","date_gmt":"2019-09-27T11:10:32","guid":{"rendered":"http:\/\/blogdalucianaoliveira.com.br\/blog\/?p=24083"},"modified":"2019-09-27T07:10:32","modified_gmt":"2019-09-27T11:10:32","slug":"reinaldo-azevedo-destaca-derrota-dos-golpistas-do-estado-de-direito","status":"publish","type":"post","link":"http:\/\/blogdalucianaoliveira.com.br\/blog\/2019\/09\/27\/reinaldo-azevedo-destaca-derrota-dos-golpistas-do-estado-de-direito\/","title":{"rendered":"Reinaldo Azevedo destaca derrota dos &#8216;golpistas do Estado de Direito&#8217;"},"content":{"rendered":"<p><img data-recalc-dims=\"1\" loading=\"lazy\" decoding=\"async\" data-attachment-id=\"24084\" data-permalink=\"http:\/\/blogdalucianaoliveira.com.br\/blog\/2019\/09\/27\/reinaldo-azevedo-destaca-derrota-dos-golpistas-do-estado-de-direito\/0869c9df-0771-430e-a204-f1f3d1b31712\/\" data-orig-file=\"https:\/\/i0.wp.com\/blogdalucianaoliveira.com.br\/blog\/wp-content\/uploads\/2019\/09\/0869C9DF-0771-430E-A204-F1F3D1B31712.jpeg?fit=500%2C240\" data-orig-size=\"500,240\" data-comments-opened=\"0\" data-image-meta=\"{&quot;aperture&quot;:&quot;0&quot;,&quot;credit&quot;:&quot;&quot;,&quot;camera&quot;:&quot;&quot;,&quot;caption&quot;:&quot;&quot;,&quot;created_timestamp&quot;:&quot;0&quot;,&quot;copyright&quot;:&quot;&quot;,&quot;focal_length&quot;:&quot;0&quot;,&quot;iso&quot;:&quot;0&quot;,&quot;shutter_speed&quot;:&quot;0&quot;,&quot;title&quot;:&quot;&quot;,&quot;orientation&quot;:&quot;0&quot;}\" data-image-title=\"0869C9DF-0771-430E-A204-F1F3D1B31712\" data-image-description=\"\" data-image-caption=\"\" data-medium-file=\"https:\/\/i0.wp.com\/blogdalucianaoliveira.com.br\/blog\/wp-content\/uploads\/2019\/09\/0869C9DF-0771-430E-A204-F1F3D1B31712.jpeg?fit=300%2C144\" data-large-file=\"https:\/\/i0.wp.com\/blogdalucianaoliveira.com.br\/blog\/wp-content\/uploads\/2019\/09\/0869C9DF-0771-430E-A204-F1F3D1B31712.jpeg?fit=500%2C240\" src=\"https:\/\/i0.wp.com\/blogdalucianaoliveira.com.br\/blog\/wp-content\/uploads\/2019\/09\/0869C9DF-0771-430E-A204-F1F3D1B31712.jpeg?resize=500%2C240\" alt=\"0869C9DF-0771-430E-A204-F1F3D1B31712\" width=\"500\" height=\"240\" class=\"alignnone size-full wp-image-24084\" srcset=\"https:\/\/i0.wp.com\/blogdalucianaoliveira.com.br\/blog\/wp-content\/uploads\/2019\/09\/0869C9DF-0771-430E-A204-F1F3D1B31712.jpeg?w=500 500w, https:\/\/i0.wp.com\/blogdalucianaoliveira.com.br\/blog\/wp-content\/uploads\/2019\/09\/0869C9DF-0771-430E-A204-F1F3D1B31712.jpeg?resize=300%2C144 300w\" sizes=\"auto, (max-width: 500px) 100vw, 500px\" \/><\/p>\n<p>247 &#8211; &#8220;\u00e1 se formou uma maioria no Supremo em favor da Constitui\u00e7\u00e3o e do Estado de Direito. A frase deveria soar estranha, absurda, mas vivemos tempos em que tudo \u00e9 permitido. A Lava Jato perdeu mais uma&#8221;, assinala o jornalista Reinaldo Azevedo em sua coluna na Folha de S.Paulo . <!--more--><\/p>\n<p>&#8220;Por 6 votos a 3, os ministros decidiram que as alega\u00e7\u00f5es finais do r\u00e9u delatado t\u00eam de ser entregues depois das do r\u00e9u delator. Divergiram, para a surpresa de ningu\u00e9m, Edson Fachin, Lu\u00eds Roberto Barroso e Luiz Fux&#8221;.  <\/p>\n<p>&#8220;Quero aqui chamar a aten\u00e7\u00e3o para argumentos que invadem o terreno do surrealismo jur\u00eddico&#8221;.  <\/p>\n<p>&#8220;A tese essencial de Edson Fachin, felizmente, saiu derrotada. O relator se agarra ao fato de que inexiste lei que discipline a quest\u00e3o. \u00c9 verdade! Ocorre que o inciso LV do artigo 5\u00ba da Constitui\u00e7\u00e3o prev\u00ea o princ\u00edpio da ampla defesa&#8221;.  <\/p>\n<p>&#8220;E [Fachin] tem parceiros de of\u00edcio, como Luiz Fux, pr\u00f3ximo presidente da corte, e Roberto Barroso. Ora, ignorar cl\u00e1usula p\u00e9trea da Constitui\u00e7\u00e3o alegando inexist\u00eancia de uma lei beira o deboche&#8221;.  <\/p>\n<p>&#8220;J\u00e1 vimos leis que foram declaradas inconstitucionais pelos senhores ministros. Mas \u00e9 a primeira vez que vejo ministros a declarar que parte da Constitui\u00e7\u00e3o \u00e9 ilegal. No mundo desse trio ex\u00f3tico, \u00e9 o rabo que balan\u00e7a o cachorro, n\u00e3o o contr\u00e1rio&#8221;.  <\/p>\n<p>Extrai-se do voto de Barroso esta preciosidade: \u201cO legislador deveria ter feito. \u00c9 uma interpreta\u00e7\u00e3o criativa, construtiva, defens\u00e1vel. Se a maioria assim defender, n\u00e3o me oponho. Mas penso que n\u00e3o se pode fazer isso retroativamente, anular com base numa norma processual nova\u201d.  <\/p>\n<p>O jornalista critica o voto de Barroso como uma &#8220;abordagem intelectualmente delinquente&#8221;.   <\/p>\n<p>Azevedo finaliza deixando clara a sua posi\u00e7\u00e3o sobre as anula\u00e7\u00f5es das senten\u00e7as: &#8220;Deixo claro. Entendo que a forma no direito \u00e9 t\u00e3o importante como o conte\u00fado. Defendo que se anule tudo porque se trata de direito fundamental, assegurado pelo artigo 5\u00ba da Carta. Mas deve prevalecer alguma acomoda\u00e7\u00e3o. Dos males, o menor. O importante \u00e9 resgatar o princ\u00edpio e conter os golpistas do Estado de Direito. E isso foi feito&#8221;<\/p>\n","protected":false},"excerpt":{"rendered":"<p>247 &#8211; &#8220;\u00e1 se formou uma maioria no Supremo em favor da Constitui\u00e7\u00e3o e do Estado de Direito. A frase deveria soar estranha, absurda, mas vivemos tempos em que tudo \u00e9 permitido. A Lava Jato perdeu mais uma&#8221;, assinala o jornalista Reinaldo Azevedo em sua coluna na Folha de S.Paulo .<\/p>\n","protected":false},"author":1,"featured_media":0,"comment_status":"closed","ping_status":"open","sticky":false,"template":"","format":"standard","meta":{"_exactmetrics_skip_tracking":false,"_exactmetrics_sitenote_active":false,"_exactmetrics_sitenote_note":"","_exactmetrics_sitenote_category":0,"jetpack_post_was_ever_published":false,"_jetpack_newsletter_access":"","_jetpack_dont_email_post_to_subs":false,"_jetpack_newsletter_tier_id":0,"_jetpack_memberships_contains_paywalled_content":false,"_jetpack_memberships_contains_paid_content":false,"footnotes":"","jetpack_publicize_message":"","jetpack_publicize_feature_enabled":true,"jetpack_social_post_already_shared":true,"jetpack_social_options":{"image_generator_settings":{"template":"highway","enabled":false},"version":2}},"categories":[1],"tags":[],"class_list":["post-24083","post","type-post","status-publish","format-standard","hentry","category-notas"],"jetpack_publicize_connections":[],"jetpack_sharing_enabled":true,"jetpack_featured_media_url":"","jetpack_shortlink":"https:\/\/wp.me\/p7wKYW-6gr","jetpack-related-posts":[],"_links":{"self":[{"href":"http:\/\/blogdalucianaoliveira.com.br\/blog\/wp-json\/wp\/v2\/posts\/24083","targetHints":{"allow":["GET"]}}],"collection":[{"href":"http:\/\/blogdalucianaoliveira.com.br\/blog\/wp-json\/wp\/v2\/posts"}],"about":[{"href":"http:\/\/blogdalucianaoliveira.com.br\/blog\/wp-json\/wp\/v2\/types\/post"}],"author":[{"embeddable":true,"href":"http:\/\/blogdalucianaoliveira.com.br\/blog\/wp-json\/wp\/v2\/users\/1"}],"replies":[{"embeddable":true,"href":"http:\/\/blogdalucianaoliveira.com.br\/blog\/wp-json\/wp\/v2\/comments?post=24083"}],"version-history":[{"count":1,"href":"http:\/\/blogdalucianaoliveira.com.br\/blog\/wp-json\/wp\/v2\/posts\/24083\/revisions"}],"predecessor-version":[{"id":24085,"href":"http:\/\/blogdalucianaoliveira.com.br\/blog\/wp-json\/wp\/v2\/posts\/24083\/revisions\/24085"}],"wp:attachment":[{"href":"http:\/\/blogdalucianaoliveira.com.br\/blog\/wp-json\/wp\/v2\/media?parent=24083"}],"wp:term":[{"taxonomy":"category","embeddable":true,"href":"http:\/\/blogdalucianaoliveira.com.br\/blog\/wp-json\/wp\/v2\/categories?post=24083"},{"taxonomy":"post_tag","embeddable":true,"href":"http:\/\/blogdalucianaoliveira.com.br\/blog\/wp-json\/wp\/v2\/tags?post=24083"}],"curies":[{"name":"wp","href":"https:\/\/api.w.org\/{rel}","templated":true}]}}