{"id":24086,"date":"2019-09-27T11:35:01","date_gmt":"2019-09-27T15:35:01","guid":{"rendered":"http:\/\/blogdalucianaoliveira.com.br\/blog\/?p=24086"},"modified":"2019-09-27T11:35:01","modified_gmt":"2019-09-27T15:35:01","slug":"moro-e-um-figurante-de-extrema-direita-com-ambicao-de-protagonismo","status":"publish","type":"post","link":"http:\/\/blogdalucianaoliveira.com.br\/blog\/2019\/09\/27\/moro-e-um-figurante-de-extrema-direita-com-ambicao-de-protagonismo\/","title":{"rendered":"Moro \u00e9 um figurante de extrema direita com ambi\u00e7\u00e3o de protagonismo"},"content":{"rendered":"<p><img data-recalc-dims=\"1\" loading=\"lazy\" decoding=\"async\" data-attachment-id=\"24087\" data-permalink=\"http:\/\/blogdalucianaoliveira.com.br\/blog\/2019\/09\/27\/moro-e-um-figurante-de-extrema-direita-com-ambicao-de-protagonismo\/699f69e5-ee82-4b52-9e4a-cb871da3b76f\/\" data-orig-file=\"https:\/\/i0.wp.com\/blogdalucianaoliveira.com.br\/blog\/wp-content\/uploads\/2019\/09\/699F69E5-EE82-4B52-9E4A-CB871DA3B76F.jpeg?fit=600%2C338\" data-orig-size=\"600,338\" data-comments-opened=\"0\" data-image-meta=\"{&quot;aperture&quot;:&quot;0&quot;,&quot;credit&quot;:&quot;&quot;,&quot;camera&quot;:&quot;&quot;,&quot;caption&quot;:&quot;&quot;,&quot;created_timestamp&quot;:&quot;0&quot;,&quot;copyright&quot;:&quot;&quot;,&quot;focal_length&quot;:&quot;0&quot;,&quot;iso&quot;:&quot;0&quot;,&quot;shutter_speed&quot;:&quot;0&quot;,&quot;title&quot;:&quot;&quot;,&quot;orientation&quot;:&quot;0&quot;}\" data-image-title=\"699F69E5-EE82-4B52-9E4A-CB871DA3B76F\" data-image-description=\"\" data-image-caption=\"\" data-medium-file=\"https:\/\/i0.wp.com\/blogdalucianaoliveira.com.br\/blog\/wp-content\/uploads\/2019\/09\/699F69E5-EE82-4B52-9E4A-CB871DA3B76F.jpeg?fit=300%2C169\" data-large-file=\"https:\/\/i0.wp.com\/blogdalucianaoliveira.com.br\/blog\/wp-content\/uploads\/2019\/09\/699F69E5-EE82-4B52-9E4A-CB871DA3B76F.jpeg?fit=600%2C338\" src=\"https:\/\/i0.wp.com\/blogdalucianaoliveira.com.br\/blog\/wp-content\/uploads\/2019\/09\/699F69E5-EE82-4B52-9E4A-CB871DA3B76F.jpeg?resize=600%2C338\" alt=\"699F69E5-EE82-4B52-9E4A-CB871DA3B76F\" width=\"600\" height=\"338\" class=\"alignnone size-full wp-image-24087\" srcset=\"https:\/\/i0.wp.com\/blogdalucianaoliveira.com.br\/blog\/wp-content\/uploads\/2019\/09\/699F69E5-EE82-4B52-9E4A-CB871DA3B76F.jpeg?w=600 600w, https:\/\/i0.wp.com\/blogdalucianaoliveira.com.br\/blog\/wp-content\/uploads\/2019\/09\/699F69E5-EE82-4B52-9E4A-CB871DA3B76F.jpeg?resize=300%2C169 300w, https:\/\/i0.wp.com\/blogdalucianaoliveira.com.br\/blog\/wp-content\/uploads\/2019\/09\/699F69E5-EE82-4B52-9E4A-CB871DA3B76F.jpeg?resize=533%2C300 533w\" sizes=\"auto, (max-width: 600px) 100vw, 600px\" \/><\/p>\n<p>No DCM, por Mois\u00e9s Mendes &#8211; O lavajatismo derrotado ter\u00e1 de enfrentar uma realidade. A op\u00e7\u00e3o de Sergio Moro de participar de um poder que envolve liga\u00e7\u00f5es at\u00e9 com milicianos contribuiu para a decis\u00e3o de ontem do Supremo.<!--more--><\/p>\n<p>O Sergio Moro exposto pelas mensagens do Intercept e que circula em Bras\u00edlia ao lado do que h\u00e1 de pior na pol\u00edtica ajudou a afundar a Lava-Jato.<\/p>\n<p>O ex-juiz \u00e9 cada vez menos o que achavam que foi um dia e cada vez mais um figurante da extrema direita com pretens\u00f5es de protagonismo.<\/p>\n<p>Sua for\u00e7a como pol\u00edtico com alguma autonomia finalmente ser\u00e1 testada, depois da sequ\u00eancia de derrotas do seu projeto anticrime no Congresso.<\/p>\n<p>O que sobrou de Moro poder\u00e1 se transformar num Severino Cavalcanti com a voz desafinada, ou ser devorado pelos que o acolheram nesse submundo.<\/p>\n<p>Muitos j\u00e1 enxergan o ex-juiz sobre a toalha rendada da mesa do banquete com uma ma\u00e7\u00e3 enfiada na boca.<\/p>\n<p>Deltan Dallagnol est\u00e1 sendo preparado.<\/p>\n","protected":false},"excerpt":{"rendered":"<p>No DCM, por Mois\u00e9s Mendes &#8211; O lavajatismo derrotado ter\u00e1 de enfrentar uma realidade. A op\u00e7\u00e3o de Sergio Moro de participar de um poder que envolve liga\u00e7\u00f5es at\u00e9 com milicianos contribuiu para a decis\u00e3o de ontem do Supremo.<\/p>\n","protected":false},"author":1,"featured_media":0,"comment_status":"closed","ping_status":"open","sticky":false,"template":"","format":"standard","meta":{"_exactmetrics_skip_tracking":false,"_exactmetrics_sitenote_active":false,"_exactmetrics_sitenote_note":"","_exactmetrics_sitenote_category":0,"jetpack_post_was_ever_published":false,"_jetpack_newsletter_access":"","_jetpack_dont_email_post_to_subs":false,"_jetpack_newsletter_tier_id":0,"_jetpack_memberships_contains_paywalled_content":false,"_jetpack_memberships_contains_paid_content":false,"footnotes":"","jetpack_publicize_message":"","jetpack_publicize_feature_enabled":true,"jetpack_social_post_already_shared":true,"jetpack_social_options":{"image_generator_settings":{"template":"highway","enabled":false},"version":2}},"categories":[1],"tags":[],"class_list":["post-24086","post","type-post","status-publish","format-standard","hentry","category-notas"],"jetpack_publicize_connections":[],"jetpack_sharing_enabled":true,"jetpack_featured_media_url":"","jetpack_shortlink":"https:\/\/wp.me\/p7wKYW-6gu","jetpack-related-posts":[],"_links":{"self":[{"href":"http:\/\/blogdalucianaoliveira.com.br\/blog\/wp-json\/wp\/v2\/posts\/24086","targetHints":{"allow":["GET"]}}],"collection":[{"href":"http:\/\/blogdalucianaoliveira.com.br\/blog\/wp-json\/wp\/v2\/posts"}],"about":[{"href":"http:\/\/blogdalucianaoliveira.com.br\/blog\/wp-json\/wp\/v2\/types\/post"}],"author":[{"embeddable":true,"href":"http:\/\/blogdalucianaoliveira.com.br\/blog\/wp-json\/wp\/v2\/users\/1"}],"replies":[{"embeddable":true,"href":"http:\/\/blogdalucianaoliveira.com.br\/blog\/wp-json\/wp\/v2\/comments?post=24086"}],"version-history":[{"count":1,"href":"http:\/\/blogdalucianaoliveira.com.br\/blog\/wp-json\/wp\/v2\/posts\/24086\/revisions"}],"predecessor-version":[{"id":24088,"href":"http:\/\/blogdalucianaoliveira.com.br\/blog\/wp-json\/wp\/v2\/posts\/24086\/revisions\/24088"}],"wp:attachment":[{"href":"http:\/\/blogdalucianaoliveira.com.br\/blog\/wp-json\/wp\/v2\/media?parent=24086"}],"wp:term":[{"taxonomy":"category","embeddable":true,"href":"http:\/\/blogdalucianaoliveira.com.br\/blog\/wp-json\/wp\/v2\/categories?post=24086"},{"taxonomy":"post_tag","embeddable":true,"href":"http:\/\/blogdalucianaoliveira.com.br\/blog\/wp-json\/wp\/v2\/tags?post=24086"}],"curies":[{"name":"wp","href":"https:\/\/api.w.org\/{rel}","templated":true}]}}