{"id":24089,"date":"2019-09-27T16:13:22","date_gmt":"2019-09-27T20:13:22","guid":{"rendered":"http:\/\/blogdalucianaoliveira.com.br\/blog\/?p=24089"},"modified":"2019-09-27T16:13:22","modified_gmt":"2019-09-27T20:13:22","slug":"ouca-o-audio-em-que-janot-revela-como-quase-matou-gilmar-mendes","status":"publish","type":"post","link":"http:\/\/blogdalucianaoliveira.com.br\/blog\/2019\/09\/27\/ouca-o-audio-em-que-janot-revela-como-quase-matou-gilmar-mendes\/","title":{"rendered":"Ou\u00e7a o \u00e1udio em que Janot revela como quase matou Gilmar Mendes"},"content":{"rendered":"<p><img data-recalc-dims=\"1\" loading=\"lazy\" decoding=\"async\" data-attachment-id=\"24090\" data-permalink=\"http:\/\/blogdalucianaoliveira.com.br\/blog\/2019\/09\/27\/ouca-o-audio-em-que-janot-revela-como-quase-matou-gilmar-mendes\/6b54c4e9-da9b-4f21-ab9a-f4f22e83748e\/\" data-orig-file=\"https:\/\/i0.wp.com\/blogdalucianaoliveira.com.br\/blog\/wp-content\/uploads\/2019\/09\/6B54C4E9-DA9B-4F21-AB9A-F4F22E83748E.jpeg?fit=500%2C240\" data-orig-size=\"500,240\" data-comments-opened=\"0\" data-image-meta=\"{&quot;aperture&quot;:&quot;0&quot;,&quot;credit&quot;:&quot;&quot;,&quot;camera&quot;:&quot;&quot;,&quot;caption&quot;:&quot;&quot;,&quot;created_timestamp&quot;:&quot;0&quot;,&quot;copyright&quot;:&quot;&quot;,&quot;focal_length&quot;:&quot;0&quot;,&quot;iso&quot;:&quot;0&quot;,&quot;shutter_speed&quot;:&quot;0&quot;,&quot;title&quot;:&quot;&quot;,&quot;orientation&quot;:&quot;0&quot;}\" data-image-title=\"6B54C4E9-DA9B-4F21-AB9A-F4F22E83748E\" data-image-description=\"\" data-image-caption=\"\" data-medium-file=\"https:\/\/i0.wp.com\/blogdalucianaoliveira.com.br\/blog\/wp-content\/uploads\/2019\/09\/6B54C4E9-DA9B-4F21-AB9A-F4F22E83748E.jpeg?fit=300%2C144\" data-large-file=\"https:\/\/i0.wp.com\/blogdalucianaoliveira.com.br\/blog\/wp-content\/uploads\/2019\/09\/6B54C4E9-DA9B-4F21-AB9A-F4F22E83748E.jpeg?fit=500%2C240\" src=\"https:\/\/i0.wp.com\/blogdalucianaoliveira.com.br\/blog\/wp-content\/uploads\/2019\/09\/6B54C4E9-DA9B-4F21-AB9A-F4F22E83748E.jpeg?resize=500%2C240\" alt=\"6B54C4E9-DA9B-4F21-AB9A-F4F22E83748E\" width=\"500\" height=\"240\" class=\"alignnone size-full wp-image-24090\" srcset=\"https:\/\/i0.wp.com\/blogdalucianaoliveira.com.br\/blog\/wp-content\/uploads\/2019\/09\/6B54C4E9-DA9B-4F21-AB9A-F4F22E83748E.jpeg?w=500 500w, https:\/\/i0.wp.com\/blogdalucianaoliveira.com.br\/blog\/wp-content\/uploads\/2019\/09\/6B54C4E9-DA9B-4F21-AB9A-F4F22E83748E.jpeg?resize=300%2C144 300w\" sizes=\"auto, (max-width: 500px) 100vw, 500px\" \/><\/p>\n<p>247 &#8211; Na entrevista que concedeu \u00e0 revista Veja, em que revela seu plano de assassinar o ministro Gilmar Mendes, do Supremo Tribunal Federal, o ex-procurador-geral da Rep\u00fablica Rodrigo Janot detalha o momento em que tentou puxar o gatilho. Ou\u00e7a o \u00e1udio ao final da mat\u00e9ria. <!--more--><\/p>\n<p>&#8220;Cheguei no meu limite, fui armado e minha ideia era dar um tiro na cara dele e depois me suicidar&#8221;, confessou Rodrigo Janot.<\/p>\n<p>&#8220;Quando eu chego l\u00e1 na sala do Supremo, esse ministro costuma chegar atrasado. Quem \u00e9 que tava l\u00e1 na sala? Ele. Pensei: &#8216;a energia do destino me levou at\u00e9 aqui'&#8221;, prosseguiu, de acordo com seu \u00e1udio.<\/p>\n<p>O ex-PGR relata que seu dedo paralisou no momento de apertar o gatilho, mesmo depois de tentar com as duas m\u00e3oes. &#8220;Ficou paralisado&#8221;, contou.<\/p>\n<p>Em seguida, Janot disse ter chamado seu secret\u00e1rio-executivo para avisar que n\u00e3o estava passando bem e que n\u00e3o participaria da sess\u00e3o aquele dia. &#8220;Mas foi por isso aqui&#8221;, finalizou.<\/p>\n<div class=\"jetpack-video-wrapper\"><iframe loading=\"lazy\" title=\"O \u00e1udio em que Janot revela como quase matou Gilmar Mendes\" width=\"600\" height=\"338\" src=\"https:\/\/www.youtube.com\/embed\/P2_YH-x2ajE?feature=oembed\" frameborder=\"0\" allow=\"accelerometer; autoplay; clipboard-write; encrypted-media; gyroscope; picture-in-picture; web-share\" referrerpolicy=\"strict-origin-when-cross-origin\" allowfullscreen><\/iframe><\/div>\n<p>Nesta sexta-feira 27, Gilmar Mendes se manifestou por meio de nota (leia abaixo a \u00edntegra) e em coletiva de imprensa.<\/p>\n<p>\u201cDadas as palavras de um ex-procurador-geral da Rep\u00fablica, nada mais me resta al\u00e9m de lamentar o fato de que, por um bom tempo, uma parte do devido processo legal no pa\u00eds ficou ref\u00e9m de quem confessa ter impulsos homicidas, destacando que a eventual inten\u00e7\u00e3o suicida, no caso, buscava apenas o livramento da pena que adviria do gesto tresloucado. At\u00e9 o ato contra si mesmo seria motivado por oportunismo e covardia.O combate \u00e0 corrup\u00e7\u00e3o no Brasil &#8211; justo, necess\u00e1rio e urgente &#8211; tornou-se ref\u00e9m de fan\u00e1ticos que nunca esconderam que tamb\u00e9m tinham um projeto de poder. Dentro do que \u00e9 cab\u00edvel a um ministro do STF, procurei evidenciar tais desvios. E continuarei a faz\u00ea-lo em defesa da Constitui\u00e7\u00e3o e do devido processo legal.Confesso que estou algo surpreso. Sempre acreditei que, na rela\u00e7\u00e3o profissional com t\u00e3o not\u00f3ria figura, estava exposto, no m\u00e1ximo, a peti\u00e7\u00f5es mal redigidas, em que a pobreza da l\u00edngua concorria com a indig\u00eancia da fundamenta\u00e7\u00e3o t\u00e9cnica. Agora ele revela que eu corria tamb\u00e9m risco de morrer.Se a diverg\u00eancia com um ministro do Supremo o exp\u00f4s a tais tenta\u00e7\u00f5es tresloucadas, imagino como conduziu a\u00e7\u00f5es penais de pessoas que ministros do Supremo n\u00e3o eram. Afinal, certamente n\u00e3o tem medo de assassinar reputa\u00e7\u00f5es quem confessa a inten\u00e7\u00e3o de assassinar um membro da Corte Constitucional do Pa\u00eds.Recomendo que procure ajuda psiqui\u00e1trica.Continuaremos a defender a Constitui\u00e7\u00e3o e o devido processo legal.\u201d <\/p>\n<p>GILMAR MENDES<\/p>\n","protected":false},"excerpt":{"rendered":"<p>247 &#8211; Na entrevista que concedeu \u00e0 revista Veja, em que revela seu plano de assassinar o ministro Gilmar Mendes, do Supremo Tribunal Federal, o ex-procurador-geral da Rep\u00fablica Rodrigo Janot detalha o momento em que tentou puxar o gatilho. Ou\u00e7a o \u00e1udio ao final da mat\u00e9ria.<\/p>\n","protected":false},"author":1,"featured_media":0,"comment_status":"closed","ping_status":"open","sticky":false,"template":"","format":"standard","meta":{"_exactmetrics_skip_tracking":false,"_exactmetrics_sitenote_active":false,"_exactmetrics_sitenote_note":"","_exactmetrics_sitenote_category":0,"jetpack_post_was_ever_published":false,"_jetpack_newsletter_access":"","_jetpack_dont_email_post_to_subs":false,"_jetpack_newsletter_tier_id":0,"_jetpack_memberships_contains_paywalled_content":false,"_jetpack_memberships_contains_paid_content":false,"footnotes":"","jetpack_publicize_message":"","jetpack_publicize_feature_enabled":true,"jetpack_social_post_already_shared":true,"jetpack_social_options":{"image_generator_settings":{"template":"highway","enabled":false},"version":2}},"categories":[1],"tags":[],"class_list":["post-24089","post","type-post","status-publish","format-standard","hentry","category-notas"],"jetpack_publicize_connections":[],"jetpack_sharing_enabled":true,"jetpack_featured_media_url":"","jetpack_shortlink":"https:\/\/wp.me\/p7wKYW-6gx","jetpack-related-posts":[],"_links":{"self":[{"href":"http:\/\/blogdalucianaoliveira.com.br\/blog\/wp-json\/wp\/v2\/posts\/24089","targetHints":{"allow":["GET"]}}],"collection":[{"href":"http:\/\/blogdalucianaoliveira.com.br\/blog\/wp-json\/wp\/v2\/posts"}],"about":[{"href":"http:\/\/blogdalucianaoliveira.com.br\/blog\/wp-json\/wp\/v2\/types\/post"}],"author":[{"embeddable":true,"href":"http:\/\/blogdalucianaoliveira.com.br\/blog\/wp-json\/wp\/v2\/users\/1"}],"replies":[{"embeddable":true,"href":"http:\/\/blogdalucianaoliveira.com.br\/blog\/wp-json\/wp\/v2\/comments?post=24089"}],"version-history":[{"count":1,"href":"http:\/\/blogdalucianaoliveira.com.br\/blog\/wp-json\/wp\/v2\/posts\/24089\/revisions"}],"predecessor-version":[{"id":24091,"href":"http:\/\/blogdalucianaoliveira.com.br\/blog\/wp-json\/wp\/v2\/posts\/24089\/revisions\/24091"}],"wp:attachment":[{"href":"http:\/\/blogdalucianaoliveira.com.br\/blog\/wp-json\/wp\/v2\/media?parent=24089"}],"wp:term":[{"taxonomy":"category","embeddable":true,"href":"http:\/\/blogdalucianaoliveira.com.br\/blog\/wp-json\/wp\/v2\/categories?post=24089"},{"taxonomy":"post_tag","embeddable":true,"href":"http:\/\/blogdalucianaoliveira.com.br\/blog\/wp-json\/wp\/v2\/tags?post=24089"}],"curies":[{"name":"wp","href":"https:\/\/api.w.org\/{rel}","templated":true}]}}