{"id":24092,"date":"2019-09-27T16:52:49","date_gmt":"2019-09-27T20:52:49","guid":{"rendered":"http:\/\/blogdalucianaoliveira.com.br\/blog\/?p=24092"},"modified":"2019-09-27T16:52:49","modified_gmt":"2019-09-27T20:52:49","slug":"janot-denunciou-dilma-em-2017-e-agora-diz-que-ela-nao-e-corrupta","status":"publish","type":"post","link":"http:\/\/blogdalucianaoliveira.com.br\/blog\/2019\/09\/27\/janot-denunciou-dilma-em-2017-e-agora-diz-que-ela-nao-e-corrupta\/","title":{"rendered":"Janot denunciou Dilma em 2017 e agora diz que ela \u2018n\u00e3o \u00e9 corrupta\u2019"},"content":{"rendered":"<p><img data-recalc-dims=\"1\" loading=\"lazy\" decoding=\"async\" data-attachment-id=\"24093\" data-permalink=\"http:\/\/blogdalucianaoliveira.com.br\/blog\/2019\/09\/27\/janot-denunciou-dilma-em-2017-e-agora-diz-que-ela-nao-e-corrupta\/6b271731-0cb6-49a4-88e8-0b09d7928978\/\" data-orig-file=\"https:\/\/i0.wp.com\/blogdalucianaoliveira.com.br\/blog\/wp-content\/uploads\/2019\/09\/6B271731-0CB6-49A4-88E8-0B09D7928978.jpeg?fit=500%2C240\" data-orig-size=\"500,240\" data-comments-opened=\"0\" data-image-meta=\"{&quot;aperture&quot;:&quot;0&quot;,&quot;credit&quot;:&quot;&quot;,&quot;camera&quot;:&quot;&quot;,&quot;caption&quot;:&quot;&quot;,&quot;created_timestamp&quot;:&quot;0&quot;,&quot;copyright&quot;:&quot;&quot;,&quot;focal_length&quot;:&quot;0&quot;,&quot;iso&quot;:&quot;0&quot;,&quot;shutter_speed&quot;:&quot;0&quot;,&quot;title&quot;:&quot;&quot;,&quot;orientation&quot;:&quot;0&quot;}\" data-image-title=\"6B271731-0CB6-49A4-88E8-0B09D7928978\" data-image-description=\"\" data-image-caption=\"\" data-medium-file=\"https:\/\/i0.wp.com\/blogdalucianaoliveira.com.br\/blog\/wp-content\/uploads\/2019\/09\/6B271731-0CB6-49A4-88E8-0B09D7928978.jpeg?fit=300%2C144\" data-large-file=\"https:\/\/i0.wp.com\/blogdalucianaoliveira.com.br\/blog\/wp-content\/uploads\/2019\/09\/6B271731-0CB6-49A4-88E8-0B09D7928978.jpeg?fit=500%2C240\" src=\"https:\/\/i0.wp.com\/blogdalucianaoliveira.com.br\/blog\/wp-content\/uploads\/2019\/09\/6B271731-0CB6-49A4-88E8-0B09D7928978.jpeg?resize=500%2C240\" alt=\"6B271731-0CB6-49A4-88E8-0B09D7928978\" width=\"500\" height=\"240\" class=\"alignnone size-full wp-image-24093\" srcset=\"https:\/\/i0.wp.com\/blogdalucianaoliveira.com.br\/blog\/wp-content\/uploads\/2019\/09\/6B271731-0CB6-49A4-88E8-0B09D7928978.jpeg?w=500 500w, https:\/\/i0.wp.com\/blogdalucianaoliveira.com.br\/blog\/wp-content\/uploads\/2019\/09\/6B271731-0CB6-49A4-88E8-0B09D7928978.jpeg?resize=300%2C144 300w\" sizes=\"auto, (max-width: 500px) 100vw, 500px\" \/><\/p>\n<p>247 &#8211; O ex-procurador-geral da Rep\u00fablica, Rodrigo Janot, afirmou, na entrevista que concedeu \u00e0 revista Veja, que n\u00e3o tem \u201cnenhuma d\u00favida&#8221; de que a ex-presidente Dilma Rousseff n\u00e3o est\u00e1 envolvida em atoso de corrup\u00e7\u00e3o. <!--more--><\/p>\n<p> \u201c\u00c9 imposs\u00edvel que o Lula n\u00e3o fosse um dos chefes de todo esse esquema. N\u00e3o tenho d\u00favida de que ele \u00e9 corrupto. Da mesma forma que n\u00e3o tenho nenhuma d\u00favida de que a Dilma n\u00e3o \u00e9 corrupta&#8221;, disse Janot, na entrevista em que tamb\u00e9m revelou ter ido armado a uma sess\u00e3o do Supremo Tribunal Federal com a inten\u00e7\u00e3o de assassinar o ministro Gilmar Mendes (leia mais no Brasil 247)<\/p>\n<p>Mesmo ap\u00f3s as revela\u00e7\u00f5es da Vaza Jato, que ignorou outros 21 telefonemas dados pelo ex-presidente Lula para tentar garantir a governabilidade de Dilma, Janot afirma que ela tentou obstruir as investiga\u00e7\u00f5es ao nome\u00e1-lo para a Casa Civil. &#8220;Mas ela tentou atrapalhar as investiga\u00e7\u00f5es com a hist\u00f3ria de nomear o Lula como ministro da Casa Civil. A obstru\u00e7\u00e3o de Justi\u00e7a aconteceu, tanto que eu a denunciei.\u201d<\/p>\n<p>Apesar do reconhecimento da honestidade da ex-presidente Dilma, Rodrigo Janot apresentou, em setembro de 2017, uma den\u00fancia contra o que ele chamou de \u201cquadrilh\u00e3o\u201d, incluindo Lula e a ex-presidente Dilma Rousseff. <\/p>\n<p>Como lembra reportagem do Jornal GGN, a pe\u00e7a assinada por Janot e que foi aceita pela 10\u00aa Vara Federal em Bras\u00edlia em novembro do ano passado afirma que os dois ex-mandat\u00e1rios teriam tido participa\u00e7\u00e3o em um esquema de coleta de propinas de R$ 1,48 bilh\u00e3o, entre 2002 e 2016.<\/p>\n<p>A den\u00fancia sustentava que o esquema teria existido por vantagens supostamente il\u00edcitas em contratos da Petrobras, do BNDES (Banco Nacional do Desenvolvimento) e do Minist\u00e9rio do Planejamento nos governos dos dois ex-presidentes e que aponta que se Lula era o \u201cidealizador\u201d da suposta organiza\u00e7\u00e3o criminosa, inclusive no planejamento do sistema de arrecada\u00e7\u00e3o de propinas, Dilma integrou o \u201cquadrilh\u00e3o\u201d ainda em 2003, segundo Janot, quando assumiu o Minist\u00e9rio de Minas e Energia.  <\/p>\n<p>Hoje, dois anos depois, Rodrigo Janot desmente a pr\u00f3pria den\u00fancia criada por ele em 2017: \u201cAt\u00e9 agora n\u00e3o surgiu nenhuma prova que envolva a ex-presidente com corrup\u00e7\u00e3o\u201d, disse, entre as suas declara\u00e7\u00f5es.  <\/p>\n","protected":false},"excerpt":{"rendered":"<p>247 &#8211; O ex-procurador-geral da Rep\u00fablica, Rodrigo Janot, afirmou, na entrevista que concedeu \u00e0 revista Veja, que n\u00e3o tem \u201cnenhuma d\u00favida&#8221; de que a ex-presidente Dilma Rousseff n\u00e3o est\u00e1 envolvida em atoso de corrup\u00e7\u00e3o.<\/p>\n","protected":false},"author":1,"featured_media":0,"comment_status":"closed","ping_status":"open","sticky":false,"template":"","format":"standard","meta":{"_exactmetrics_skip_tracking":false,"_exactmetrics_sitenote_active":false,"_exactmetrics_sitenote_note":"","_exactmetrics_sitenote_category":0,"jetpack_post_was_ever_published":false,"_jetpack_newsletter_access":"","_jetpack_dont_email_post_to_subs":false,"_jetpack_newsletter_tier_id":0,"_jetpack_memberships_contains_paywalled_content":false,"_jetpack_memberships_contains_paid_content":false,"footnotes":"","jetpack_publicize_message":"","jetpack_publicize_feature_enabled":true,"jetpack_social_post_already_shared":true,"jetpack_social_options":{"image_generator_settings":{"template":"highway","enabled":false},"version":2}},"categories":[1],"tags":[],"class_list":["post-24092","post","type-post","status-publish","format-standard","hentry","category-notas"],"jetpack_publicize_connections":[],"jetpack_sharing_enabled":true,"jetpack_featured_media_url":"","jetpack_shortlink":"https:\/\/wp.me\/p7wKYW-6gA","jetpack-related-posts":[],"_links":{"self":[{"href":"http:\/\/blogdalucianaoliveira.com.br\/blog\/wp-json\/wp\/v2\/posts\/24092","targetHints":{"allow":["GET"]}}],"collection":[{"href":"http:\/\/blogdalucianaoliveira.com.br\/blog\/wp-json\/wp\/v2\/posts"}],"about":[{"href":"http:\/\/blogdalucianaoliveira.com.br\/blog\/wp-json\/wp\/v2\/types\/post"}],"author":[{"embeddable":true,"href":"http:\/\/blogdalucianaoliveira.com.br\/blog\/wp-json\/wp\/v2\/users\/1"}],"replies":[{"embeddable":true,"href":"http:\/\/blogdalucianaoliveira.com.br\/blog\/wp-json\/wp\/v2\/comments?post=24092"}],"version-history":[{"count":1,"href":"http:\/\/blogdalucianaoliveira.com.br\/blog\/wp-json\/wp\/v2\/posts\/24092\/revisions"}],"predecessor-version":[{"id":24094,"href":"http:\/\/blogdalucianaoliveira.com.br\/blog\/wp-json\/wp\/v2\/posts\/24092\/revisions\/24094"}],"wp:attachment":[{"href":"http:\/\/blogdalucianaoliveira.com.br\/blog\/wp-json\/wp\/v2\/media?parent=24092"}],"wp:term":[{"taxonomy":"category","embeddable":true,"href":"http:\/\/blogdalucianaoliveira.com.br\/blog\/wp-json\/wp\/v2\/categories?post=24092"},{"taxonomy":"post_tag","embeddable":true,"href":"http:\/\/blogdalucianaoliveira.com.br\/blog\/wp-json\/wp\/v2\/tags?post=24092"}],"curies":[{"name":"wp","href":"https:\/\/api.w.org\/{rel}","templated":true}]}}