{"id":24095,"date":"2019-09-27T21:59:28","date_gmt":"2019-09-28T01:59:28","guid":{"rendered":"http:\/\/blogdalucianaoliveira.com.br\/blog\/?p=24095"},"modified":"2019-09-27T21:59:28","modified_gmt":"2019-09-28T01:59:28","slug":"curitiba-quer-tirar-lula-da-cadeia-antes-que-o-stf-o-faca","status":"publish","type":"post","link":"http:\/\/blogdalucianaoliveira.com.br\/blog\/2019\/09\/27\/curitiba-quer-tirar-lula-da-cadeia-antes-que-o-stf-o-faca\/","title":{"rendered":"Curitiba quer tirar Lula da cadeia antes que o STF o fa\u00e7a"},"content":{"rendered":"<p><img data-recalc-dims=\"1\" loading=\"lazy\" decoding=\"async\" data-attachment-id=\"24096\" data-permalink=\"http:\/\/blogdalucianaoliveira.com.br\/blog\/2019\/09\/27\/curitiba-quer-tirar-lula-da-cadeia-antes-que-o-stf-o-faca\/96178be1-4c47-4204-a327-39fb1eb2b6d6\/\" data-orig-file=\"https:\/\/i0.wp.com\/blogdalucianaoliveira.com.br\/blog\/wp-content\/uploads\/2019\/09\/96178BE1-4C47-4204-A327-39FB1EB2B6D6.jpeg?fit=408%2C240\" data-orig-size=\"408,240\" data-comments-opened=\"0\" data-image-meta=\"{&quot;aperture&quot;:&quot;0&quot;,&quot;credit&quot;:&quot;&quot;,&quot;camera&quot;:&quot;&quot;,&quot;caption&quot;:&quot;&quot;,&quot;created_timestamp&quot;:&quot;0&quot;,&quot;copyright&quot;:&quot;&quot;,&quot;focal_length&quot;:&quot;0&quot;,&quot;iso&quot;:&quot;0&quot;,&quot;shutter_speed&quot;:&quot;0&quot;,&quot;title&quot;:&quot;&quot;,&quot;orientation&quot;:&quot;0&quot;}\" data-image-title=\"96178BE1-4C47-4204-A327-39FB1EB2B6D6\" data-image-description=\"\" data-image-caption=\"\" data-medium-file=\"https:\/\/i0.wp.com\/blogdalucianaoliveira.com.br\/blog\/wp-content\/uploads\/2019\/09\/96178BE1-4C47-4204-A327-39FB1EB2B6D6.jpeg?fit=300%2C176\" data-large-file=\"https:\/\/i0.wp.com\/blogdalucianaoliveira.com.br\/blog\/wp-content\/uploads\/2019\/09\/96178BE1-4C47-4204-A327-39FB1EB2B6D6.jpeg?fit=408%2C240\" src=\"https:\/\/i0.wp.com\/blogdalucianaoliveira.com.br\/blog\/wp-content\/uploads\/2019\/09\/96178BE1-4C47-4204-A327-39FB1EB2B6D6.jpeg?resize=408%2C240\" alt=\"96178BE1-4C47-4204-A327-39FB1EB2B6D6\" width=\"408\" height=\"240\" class=\"alignnone size-full wp-image-24096\" srcset=\"https:\/\/i0.wp.com\/blogdalucianaoliveira.com.br\/blog\/wp-content\/uploads\/2019\/09\/96178BE1-4C47-4204-A327-39FB1EB2B6D6.jpeg?w=408 408w, https:\/\/i0.wp.com\/blogdalucianaoliveira.com.br\/blog\/wp-content\/uploads\/2019\/09\/96178BE1-4C47-4204-A327-39FB1EB2B6D6.jpeg?resize=300%2C176 300w\" sizes=\"auto, (max-width: 408px) 100vw, 408px\" \/><\/p>\n<p>&#8220;O STF tem dado sinais de que, quem sabe, ter\u00e1 chegado a hora de dar um freio de arruma\u00e7\u00e3o na Lava Jato&#8221;, escreve a jornalista Helena Chagas. &#8220;A for\u00e7a tarefa, ap\u00f3s seguidas derrotas tamb\u00e9m no Legislativo, j\u00e1 percebeu isso e, mais uma vez, est\u00e1 atuando politicamente. Para Curitiba, a forma como Lula sair da cadeia tamb\u00e9m far\u00e1 toda a diferen\u00e7a, inclusive no lugar que vai ocupar na hist\u00f3ria&#8221;<!--more--><\/p>\n<p>Por Helena Chagas, no Divergentes e para o Jornalistas pela Democracia <\/p>\n<p>Nosso sistema penal seria uma maravilha se cada condenado cumprindo senten\u00e7a tivesse do Minist\u00e9rio P\u00fablico que o acusou a aten\u00e7\u00e3o que o ex-presidente Lula recebeu de Deltan Dallagnol e seus colegas nesta sexta, quatro dias depois de ter completado 1\/6 da pena e ganhado direito \u00e0 progress\u00e3o de regime. Ser\u00e1 que os procuradores da Lava Jato que pediram que Lula saia da cadeia de Curitiba para cumprir pena em regime domiciliar ficaram bonzinhos de repente?<\/p>\n<p>Nada disso. Tudo indica que o movimento da for\u00e7a tarefa da Lava Jato seja uma tentativa de se antecipar a uma poss\u00edvel libera\u00e7\u00e3o de Lula no Supremo Tribunal Federal. Derrotados esta semana no plen\u00e1rio da Corte, que acolheu a augumenta\u00e7\u00e3o de que o r\u00e9u delatado tem direito a apresentar suas alega\u00e7\u00f5es finais depois das do delator, os procuradores farejaram que, muito possivelmente, o pr\u00f3ximo passo do Supremo poder\u00e1 ser soltar o ex-presidente. Antes de mais essa derrota, portanto, tentam esvaziar o habeas corpus de Lula e outros recursos de sua defesa.<\/p>\n<p>E qual a diferen\u00e7a, alguns devem estar se perguntando. Afinal, o importante, para quem est\u00e1 preso, \u00e9 parar de ver o sol nascer quadrado. Para Lula, que por \u2018n\u2019 raz\u00f5es j\u00e1 mostrou que n\u00e3o \u00e9 um preso comum, n\u00e3o \u00e9 bem assim. O pr\u00f3prio presidente determinara \u00e0 sua defesa para n\u00e3o mover uma palha no rumo da progress\u00e3o de regime porque, depois da revela\u00e7\u00e3o da chamada Vaza Jato, deflagrada pelo site The Intercept, passou a apostar numa anula\u00e7\u00e3o de sua senten\u00e7a com base na acusa\u00e7\u00e3o de parcialidade contra o ministro e ex-juiz Sergio Moro. No m\u00ednimo, num habeas corpus ou outro tipo de medida cautelar para que aguarde em liberdade o julgamento da imparcialidade de Moro.<\/p>\n<p>Para Lula, o l\u00edder pol\u00edtico, a forma de sair da cadeia faz toda a diferen\u00e7a. Sair tendo o reconhecimento do STF de que quem o julgou n\u00e3o foi imparcial equivale a mais do que uma absolvi\u00e7\u00e3o. Nesse caso, estaria pronto para voltar \u00e0s ruas e retomar seus planos policos de onde parou: a candidatura \u00e0 presid\u00eancia da Rep\u00fablica. E cheio de discurso. Coisa muito diferente, para ele, seria passar \u00e0 pris\u00e3o semi-aberta ou domiciliar, sujeito \u00e0 vigil\u00e2ncia e, at\u00e9, ao humilhante uso de uma tornozeleira.<\/p>\n<p>Todo mundo sabe que a quest\u00e3o hoje n\u00e3o \u00e9 mais se Lula ser\u00e1 solto ou n\u00e3o \u2013 mas em que condi\u00e7\u00f5es e quando isso ocorrer\u00e1, com seus devidos impactos pol\u00edticos. \u00c9 isso que est\u00e1 em jogo.<\/p>\n<p>O STF, que n\u00e3o teve coragem ainda para retomar, na Segunda Turma, o julgamemto do HC de Lula, tem dado sinais de que, quem sabe, ter\u00e1 chegado a hora de dar um freio de arruma\u00e7\u00e3o na Lava Jato. A for\u00e7a tarefa, ap\u00f3s seguidas derrotas tamb\u00e9m no Legislativo, j\u00e1 percebeu isso e, mais uma vez, est\u00e1 atuando politicamente. Para Curitiba, a forma como Lula sair da cadeia tamb\u00e9m far\u00e1 toda a diferen\u00e7a, inclusive no lugar que vai ocupar na hist\u00f3ria.<\/p>\n","protected":false},"excerpt":{"rendered":"<p>&#8220;O STF tem dado sinais de que, quem sabe, ter\u00e1 chegado a hora de dar um freio de arruma\u00e7\u00e3o na Lava Jato&#8221;, escreve a jornalista Helena Chagas. &#8220;A for\u00e7a tarefa, ap\u00f3s seguidas derrotas tamb\u00e9m no Legislativo, j\u00e1 percebeu isso e, mais uma vez, est\u00e1 atuando politicamente. Para Curitiba, a forma como Lula sair da cadeia&#8230;<a class=\"more-link\" href=\"http:\/\/blogdalucianaoliveira.com.br\/blog\/2019\/09\/27\/curitiba-quer-tirar-lula-da-cadeia-antes-que-o-stf-o-faca\/\">Continue a leitura <span class=\"meta-nav\">&raquo;<\/span><\/a><\/p>\n","protected":false},"author":1,"featured_media":0,"comment_status":"closed","ping_status":"open","sticky":false,"template":"","format":"standard","meta":{"_exactmetrics_skip_tracking":false,"_exactmetrics_sitenote_active":false,"_exactmetrics_sitenote_note":"","_exactmetrics_sitenote_category":0,"jetpack_post_was_ever_published":false,"_jetpack_newsletter_access":"","_jetpack_dont_email_post_to_subs":false,"_jetpack_newsletter_tier_id":0,"_jetpack_memberships_contains_paywalled_content":false,"_jetpack_memberships_contains_paid_content":false,"footnotes":"","jetpack_publicize_message":"","jetpack_publicize_feature_enabled":true,"jetpack_social_post_already_shared":true,"jetpack_social_options":{"image_generator_settings":{"template":"highway","enabled":false},"version":2}},"categories":[1],"tags":[],"class_list":["post-24095","post","type-post","status-publish","format-standard","hentry","category-notas"],"jetpack_publicize_connections":[],"jetpack_sharing_enabled":true,"jetpack_featured_media_url":"","jetpack_shortlink":"https:\/\/wp.me\/p7wKYW-6gD","jetpack-related-posts":[],"_links":{"self":[{"href":"http:\/\/blogdalucianaoliveira.com.br\/blog\/wp-json\/wp\/v2\/posts\/24095","targetHints":{"allow":["GET"]}}],"collection":[{"href":"http:\/\/blogdalucianaoliveira.com.br\/blog\/wp-json\/wp\/v2\/posts"}],"about":[{"href":"http:\/\/blogdalucianaoliveira.com.br\/blog\/wp-json\/wp\/v2\/types\/post"}],"author":[{"embeddable":true,"href":"http:\/\/blogdalucianaoliveira.com.br\/blog\/wp-json\/wp\/v2\/users\/1"}],"replies":[{"embeddable":true,"href":"http:\/\/blogdalucianaoliveira.com.br\/blog\/wp-json\/wp\/v2\/comments?post=24095"}],"version-history":[{"count":1,"href":"http:\/\/blogdalucianaoliveira.com.br\/blog\/wp-json\/wp\/v2\/posts\/24095\/revisions"}],"predecessor-version":[{"id":24097,"href":"http:\/\/blogdalucianaoliveira.com.br\/blog\/wp-json\/wp\/v2\/posts\/24095\/revisions\/24097"}],"wp:attachment":[{"href":"http:\/\/blogdalucianaoliveira.com.br\/blog\/wp-json\/wp\/v2\/media?parent=24095"}],"wp:term":[{"taxonomy":"category","embeddable":true,"href":"http:\/\/blogdalucianaoliveira.com.br\/blog\/wp-json\/wp\/v2\/categories?post=24095"},{"taxonomy":"post_tag","embeddable":true,"href":"http:\/\/blogdalucianaoliveira.com.br\/blog\/wp-json\/wp\/v2\/tags?post=24095"}],"curies":[{"name":"wp","href":"https:\/\/api.w.org\/{rel}","templated":true}]}}