{"id":24112,"date":"2019-09-29T21:18:53","date_gmt":"2019-09-30T01:18:53","guid":{"rendered":"http:\/\/blogdalucianaoliveira.com.br\/blog\/?p=24112"},"modified":"2019-09-29T21:20:22","modified_gmt":"2019-09-30T01:20:22","slug":"as-batalhas-e-derrotas-que-a-lava-jato-deve-enfrentar-no-stf-ate-o-fim-do-ano","status":"publish","type":"post","link":"http:\/\/blogdalucianaoliveira.com.br\/blog\/2019\/09\/29\/as-batalhas-e-derrotas-que-a-lava-jato-deve-enfrentar-no-stf-ate-o-fim-do-ano\/","title":{"rendered":"As batalhas (e derrotas) que a Lava Jato deve enfrentar no STF at\u00e9 o fim do ano"},"content":{"rendered":"<p><img data-recalc-dims=\"1\" loading=\"lazy\" decoding=\"async\" data-attachment-id=\"24113\" data-permalink=\"http:\/\/blogdalucianaoliveira.com.br\/blog\/2019\/09\/29\/as-batalhas-e-derrotas-que-a-lava-jato-deve-enfrentar-no-stf-ate-o-fim-do-ano\/fdfb408e-47fd-4ed4-b4b8-c4a8c1193273\/\" data-orig-file=\"https:\/\/i0.wp.com\/blogdalucianaoliveira.com.br\/blog\/wp-content\/uploads\/2019\/09\/FDFB408E-47FD-4ED4-B4B8-C4A8C1193273.jpeg?fit=640%2C391\" data-orig-size=\"640,391\" data-comments-opened=\"0\" data-image-meta=\"{&quot;aperture&quot;:&quot;0&quot;,&quot;credit&quot;:&quot;&quot;,&quot;camera&quot;:&quot;&quot;,&quot;caption&quot;:&quot;&quot;,&quot;created_timestamp&quot;:&quot;0&quot;,&quot;copyright&quot;:&quot;&quot;,&quot;focal_length&quot;:&quot;0&quot;,&quot;iso&quot;:&quot;0&quot;,&quot;shutter_speed&quot;:&quot;0&quot;,&quot;title&quot;:&quot;&quot;,&quot;orientation&quot;:&quot;0&quot;}\" data-image-title=\"FDFB408E-47FD-4ED4-B4B8-C4A8C1193273\" data-image-description=\"\" data-image-caption=\"\" data-medium-file=\"https:\/\/i0.wp.com\/blogdalucianaoliveira.com.br\/blog\/wp-content\/uploads\/2019\/09\/FDFB408E-47FD-4ED4-B4B8-C4A8C1193273.jpeg?fit=300%2C183\" data-large-file=\"https:\/\/i0.wp.com\/blogdalucianaoliveira.com.br\/blog\/wp-content\/uploads\/2019\/09\/FDFB408E-47FD-4ED4-B4B8-C4A8C1193273.jpeg?fit=600%2C367\" src=\"https:\/\/i0.wp.com\/blogdalucianaoliveira.com.br\/blog\/wp-content\/uploads\/2019\/09\/FDFB408E-47FD-4ED4-B4B8-C4A8C1193273.jpeg?resize=600%2C367\" alt=\"FDFB408E-47FD-4ED4-B4B8-C4A8C1193273\" width=\"600\" height=\"367\" class=\"alignnone size-full wp-image-24113\" srcset=\"https:\/\/i0.wp.com\/blogdalucianaoliveira.com.br\/blog\/wp-content\/uploads\/2019\/09\/FDFB408E-47FD-4ED4-B4B8-C4A8C1193273.jpeg?w=640 640w, https:\/\/i0.wp.com\/blogdalucianaoliveira.com.br\/blog\/wp-content\/uploads\/2019\/09\/FDFB408E-47FD-4ED4-B4B8-C4A8C1193273.jpeg?resize=300%2C183 300w, https:\/\/i0.wp.com\/blogdalucianaoliveira.com.br\/blog\/wp-content\/uploads\/2019\/09\/FDFB408E-47FD-4ED4-B4B8-C4A8C1193273.jpeg?resize=491%2C300 491w\" sizes=\"auto, (max-width: 600px) 100vw, 600px\" \/><\/p>\n<p>For\u00e7a-tarefa vive semana de revezes, mas processos envolvendo a opera\u00e7\u00e3o ainda est\u00e3o longe do fim. Supremo deve julgar casos que tratam da condena\u00e7\u00e3o ap\u00f3s segunda inst\u00e2ncia e pedido de suspei\u00e7\u00e3o de Sergio Moro nos pr\u00f3ximos dois meses.<!--more--><\/p>\n<p>No El Pa\u00eds<br \/>\nAFONSO BENITES<\/p>\n<p>A semana que passou foi de seguidas derrotas para a opera\u00e7\u00e3o Lava Jato, com derrubadas a vetos da lei de abuso de autoridade, a iminente anula\u00e7\u00e3o de uma s\u00e9rie de senten\u00e7as que envolvem dela\u00e7\u00e3o premiada e a m\u00e1cula que agora pesa sobre Rodrigo Janot, o ex-procurador-geral que deu in\u00edcio \u00e0 apura\u00e7\u00e3o e que rec\u00e9m admitiu que cogitou matar o ministro do Supremo Tribunal Federal Gilmar Mendes. O cen\u00e1rio negativo pode se prolongar pelos pr\u00f3ximos dois meses, devido a previs\u00e3o de julgamentos do STF. Entre outubro e novembro a Corte pode julgar um pedido de suspei\u00e7\u00e3o do ex-juiz Sergio Moro (atual ministro da Justi\u00e7a) no processo que condenou o ex-presidente Luiz In\u00e1cio Lula da Silva (PT), al\u00e9m do arrastado caso que trata da pris\u00e3o de r\u00e9us condenados em segunda inst\u00e2ncia.<\/p>\n<p>Ministro do STF respons\u00e1vel por um pedido de vista desde dezembro do ano passado, Gilmar Mendes deve levar o caso da suspei\u00e7\u00e3o de Moro \u00e0 segunda turma em novembro. Dois ministros do Supremo (C\u00e1rmen L\u00facia e Edson Fachin) J\u00e1 votaram contra o pedido de suspei\u00e7\u00e3o feito pela defesa de Lula.<\/p>\n<p>A ideia dos defensores \u00e9 pedir a anula\u00e7\u00e3o da condena\u00e7\u00e3o do ex-presidente sob o argumento de que Moro n\u00e3o era um juiz imparcial, j\u00e1 que meses ap\u00f3s condenar o petista aceitou se tornar ministro da Justi\u00e7a de Jair Bolsonaro, um de seus principais advers\u00e1rios pol\u00edticos. O advogado de Lula, Cristiano Zanin Martins, diz que h\u00e1 uma \u201cmanifesta parcialidade de Moro\u201d, que acabou sendo comprovada pelas mensagens difundidas pelo site The Intercept Brasil em parceria com outros meios de comunica\u00e7\u00e3o, entre eles o EL PA\u00cdS, no caso conhecido como Vaza Jato. Nesse caso, al\u00e9m de Gilmar Mendes, ainda faltam votar os ministros Celso de Mello e Ricardo Lewandovski.<\/p>\n<p>J\u00e1 o caso das pris\u00f5es em segunda inst\u00e2ncia depende de tr\u00eas a\u00e7\u00f5es declarat\u00f3rias de constitucionalidade distintas que foram apresentadas pelos partidos Patriota e PCdoB e pela Ordem dos Advogados do Brasil. Todos relatados pelo ministro Marco Aur\u00e9lio. O caso estava em pauta em abril deste ano. Mas antes de seu julgamento, a OAB pediu o adiamento da an\u00e1lise para que seu novo presidente, Felipe Santa Cruz, pudesse tomar p\u00e9 da situa\u00e7\u00e3o.<\/p>\n<p>Em s\u00edntese, as a\u00e7\u00f5es pedem que todos os r\u00e9us possam recorrer de suas senten\u00e7as em liberdade at\u00e9 tr\u00e2nsito em julgado de seu processo, ou seja, quando n\u00e3o couber mais recurso. Como medida alternativa, eles pleiteiam que, antes da pris\u00e3o, seja aguardada a an\u00e1lise de recursos ao Superior Tribunal de Justi\u00e7a, que \u00e9 uma esp\u00e9cie de terceira inst\u00e2ncia judicial. Pelas regras de hoje, os condenados em segunda inst\u00e2ncia (que s\u00e3o \u00f3rg\u00e3os colegiados) j\u00e1 podem cumprir suas penas detidos. No calend\u00e1rio informal do Supremo \u00e9 esperado que esse caso entre na pauta de outubro. Mas o presidente da Corte, Dias Toffoli, tem sido zeloso em levar temas espinhosos ao plen\u00e1rio. Ele costuma dizer a seus aliados que n\u00e3o quer conturbar ainda mais o cen\u00e1rio pol\u00edtico do pa\u00eds, que est\u00e1 rachado desde o impeachment da presidenta Dilma Rousseff (PT) em agosto de 2016.<\/p>\n<p>Ao sabor dos ventos<\/p>\n<p>Um servidor que h\u00e1 12 anos acompanha o dia a dia do Supremo fez a seguinte an\u00e1lise sobre os pr\u00f3ximos casos a serem julgados na Corte: \u201cSe a vota\u00e7\u00e3o ocorresse h\u00e1 alguns meses, saber\u00edamos exatamente como cada um votaria. Diante do julgamento de quinta [que pode anular dezenas de casos da Lava Jato], j\u00e1 n\u00e3o podemos mais ter tanta certeza\u201d.<\/p>\n<p>Dois votos surpreenderam os observadores do judici\u00e1rio nessa sess\u00e3o citada pelo funcion\u00e1rio, o de Rosa Weber e o de Celso de Mello. Ela costuma se filiar \u00e0s teses defendidas por Edson Fachin e Roberto Barroso. Na sess\u00e3o de quinta-feira, 26 de setembro, Fachin e Barroso, foram derrotados no plen\u00e1rio ao votarem contra a anula\u00e7\u00e3o do processo de um ex-gerente da Petrobras que se queixava de ter tido seu direito de defesa cerceado ao n\u00e3o ter apresentado suas alega\u00e7\u00f5es finais ap\u00f3s outro corr\u00e9u que era delator. J\u00e1 Mello \u00e9 mais independente. Como decano, ele costuma servir de b\u00fassola para as interpreta\u00e7\u00f5es do Supremo. Nos \u00faltimos casos emblem\u00e1ticos, ele tem se unido mais aos magistrados que tem \u201cderrotado\u201d a Lava Jato do que aos que a defendem enfaticamente.<\/p>\n<p>C\u00e1rmen L\u00facia \u00e9 outra sob a qual pairam d\u00favidas. Assim como Rosa Weber, ela era do grupo de Fachin e Barroso. No caso de quinta e no julgamento do ex-presidente da Petrobras e do Banco do Brasil, Aldemir Bendine, contudo, ela beneficiou os r\u00e9us.<\/p>\n<p>Primeira etapa<\/p>\n<p>Os efeitos dos primeiros ataques \u00e0 Lava Jato j\u00e1 come\u00e7aram a ser sentidos. Desde que o Congresso derrubou 18 vetos do presidente Jair Bolsonaro ao texto aprovado pelo Legislativo ju\u00edzes ao redor do pa\u00eds passaram a soltar criminosos. Um dos casos ocorreu em Garanhuns (Pernambuco) em que uma ju\u00edza disse que decidiu soltar 12 suspeitos de assassinatos, tr\u00e1fico de drogas e armas por imposi\u00e7\u00e3o da Lei de Abuso de Autoridade. A lei tornou crime manter algu\u00e9m preso quando \u201cmanifestamente\u201d cab\u00edvel sua soltura ou cumprimento de medida cautelar.<\/p>\n<p>A nova legisla\u00e7\u00e3o sofreu forte oposi\u00e7\u00e3o de entidades de promotores, ju\u00edzes e procuradores da Rep\u00fablica, ligados \u00e0 Lava Jato ou n\u00e3o. A Frente Associativa da Magistratura e do Minist\u00e9rio P\u00fablico disse que recorrer\u00e1 ao Supremo para declarar trechos da lei inconstitucional. Conforme a entidade, o projeto prejudica o \u201ccombate \u00e0 impunidade, \u00e0 criminalidade e a ilegalidades\u201d no pa\u00eds.<\/p>\n<p>Na pr\u00f3xima quarta-feira, 2 de outubro, o Supremo retomar\u00e1 tamb\u00e9m o julgamento da a\u00e7\u00e3o que j\u00e1 atingiu sua maioria pela anula\u00e7\u00e3o das condena\u00e7\u00f5es em que os r\u00e9us delatados n\u00e3o puderam se manifestar no processo depois dos r\u00e9us delatores, estes s\u00e3o os que fizeram acordos, apresentaram acusa\u00e7\u00f5es para reduzirem suas penas.<\/p>\n<p>Al\u00e9m disso, h\u00e1 ainda d\u00favidas sobre como atuar\u00e1 o novo procurador-geral da Rep\u00fablica, Augusto Aras. Na sua sabatina no Senado Federal nesta semana, quando foi aprovado para o cargo, ele defendeu a opera\u00e7\u00e3o, mas teceu cr\u00edticas ao \u201cativismo judici\u00e1rio\u201d advindo dela e de outras investiga\u00e7\u00f5es nos \u00faltimos anos.<\/p>\n","protected":false},"excerpt":{"rendered":"<p>For\u00e7a-tarefa vive semana de revezes, mas processos envolvendo a opera\u00e7\u00e3o ainda est\u00e3o longe do fim. Supremo deve julgar casos que tratam da condena\u00e7\u00e3o ap\u00f3s segunda inst\u00e2ncia e pedido de suspei\u00e7\u00e3o de Sergio Moro nos pr\u00f3ximos dois meses.<\/p>\n","protected":false},"author":1,"featured_media":0,"comment_status":"closed","ping_status":"open","sticky":false,"template":"","format":"standard","meta":{"_exactmetrics_skip_tracking":false,"_exactmetrics_sitenote_active":false,"_exactmetrics_sitenote_note":"","_exactmetrics_sitenote_category":0,"jetpack_post_was_ever_published":false,"_jetpack_newsletter_access":"","_jetpack_dont_email_post_to_subs":false,"_jetpack_newsletter_tier_id":0,"_jetpack_memberships_contains_paywalled_content":false,"_jetpack_memberships_contains_paid_content":false,"footnotes":"","jetpack_publicize_message":"","jetpack_publicize_feature_enabled":true,"jetpack_social_post_already_shared":true,"jetpack_social_options":{"image_generator_settings":{"template":"highway","enabled":false},"version":2}},"categories":[1],"tags":[],"class_list":["post-24112","post","type-post","status-publish","format-standard","hentry","category-notas"],"jetpack_publicize_connections":[],"jetpack_sharing_enabled":true,"jetpack_featured_media_url":"","jetpack_shortlink":"https:\/\/wp.me\/p7wKYW-6gU","jetpack-related-posts":[],"_links":{"self":[{"href":"http:\/\/blogdalucianaoliveira.com.br\/blog\/wp-json\/wp\/v2\/posts\/24112","targetHints":{"allow":["GET"]}}],"collection":[{"href":"http:\/\/blogdalucianaoliveira.com.br\/blog\/wp-json\/wp\/v2\/posts"}],"about":[{"href":"http:\/\/blogdalucianaoliveira.com.br\/blog\/wp-json\/wp\/v2\/types\/post"}],"author":[{"embeddable":true,"href":"http:\/\/blogdalucianaoliveira.com.br\/blog\/wp-json\/wp\/v2\/users\/1"}],"replies":[{"embeddable":true,"href":"http:\/\/blogdalucianaoliveira.com.br\/blog\/wp-json\/wp\/v2\/comments?post=24112"}],"version-history":[{"count":2,"href":"http:\/\/blogdalucianaoliveira.com.br\/blog\/wp-json\/wp\/v2\/posts\/24112\/revisions"}],"predecessor-version":[{"id":24115,"href":"http:\/\/blogdalucianaoliveira.com.br\/blog\/wp-json\/wp\/v2\/posts\/24112\/revisions\/24115"}],"wp:attachment":[{"href":"http:\/\/blogdalucianaoliveira.com.br\/blog\/wp-json\/wp\/v2\/media?parent=24112"}],"wp:term":[{"taxonomy":"category","embeddable":true,"href":"http:\/\/blogdalucianaoliveira.com.br\/blog\/wp-json\/wp\/v2\/categories?post=24112"},{"taxonomy":"post_tag","embeddable":true,"href":"http:\/\/blogdalucianaoliveira.com.br\/blog\/wp-json\/wp\/v2\/tags?post=24112"}],"curies":[{"name":"wp","href":"https:\/\/api.w.org\/{rel}","templated":true}]}}