{"id":24119,"date":"2019-09-30T07:05:08","date_gmt":"2019-09-30T11:05:08","guid":{"rendered":"http:\/\/blogdalucianaoliveira.com.br\/blog\/?p=24119"},"modified":"2019-09-30T10:47:10","modified_gmt":"2019-09-30T14:47:10","slug":"fiscais-responsaveis-por-combater-desmatamento-estao-marcados-para-morrer","status":"publish","type":"post","link":"http:\/\/blogdalucianaoliveira.com.br\/blog\/2019\/09\/30\/fiscais-responsaveis-por-combater-desmatamento-estao-marcados-para-morrer\/","title":{"rendered":"Fiscais respons\u00e1veis por combater desmatamento est\u00e3o marcados para morrer"},"content":{"rendered":"<div class=\"content__signa-share\">\n<div class=\"content__signature\">\n<div class=\"content-publication-data\">\n<div class=\"content-publication-data__text\">\n<div class=\"content__signa-share\">\n<div class=\"content__signature\">\n<div class=\"content-publication-data\">\n<div class=\"content-publication-data__text\">\n<p class=\"content-publication-data__updated\"><img data-recalc-dims=\"1\" loading=\"lazy\" decoding=\"async\" data-attachment-id=\"24122\" data-permalink=\"http:\/\/blogdalucianaoliveira.com.br\/blog\/2019\/09\/30\/fiscais-responsaveis-por-combater-desmatamento-estao-marcados-para-morrer\/919af8a1-5acf-40e6-99ed-0959461ae93b\/\" data-orig-file=\"https:\/\/i0.wp.com\/blogdalucianaoliveira.com.br\/blog\/wp-content\/uploads\/2019\/09\/919AF8A1-5ACF-40E6-99ED-0959461AE93B.jpeg?fit=731%2C361\" data-orig-size=\"731,361\" data-comments-opened=\"0\" data-image-meta=\"{&quot;aperture&quot;:&quot;0&quot;,&quot;credit&quot;:&quot;&quot;,&quot;camera&quot;:&quot;&quot;,&quot;caption&quot;:&quot;&quot;,&quot;created_timestamp&quot;:&quot;0&quot;,&quot;copyright&quot;:&quot;&quot;,&quot;focal_length&quot;:&quot;0&quot;,&quot;iso&quot;:&quot;0&quot;,&quot;shutter_speed&quot;:&quot;0&quot;,&quot;title&quot;:&quot;&quot;,&quot;orientation&quot;:&quot;0&quot;}\" data-image-title=\"919AF8A1-5ACF-40E6-99ED-0959461AE93B\" data-image-description=\"\" data-image-caption=\"\" data-medium-file=\"https:\/\/i0.wp.com\/blogdalucianaoliveira.com.br\/blog\/wp-content\/uploads\/2019\/09\/919AF8A1-5ACF-40E6-99ED-0959461AE93B.jpeg?fit=300%2C148\" data-large-file=\"https:\/\/i0.wp.com\/blogdalucianaoliveira.com.br\/blog\/wp-content\/uploads\/2019\/09\/919AF8A1-5ACF-40E6-99ED-0959461AE93B.jpeg?fit=600%2C296\" class=\"alignnone size-full wp-image-24122\" src=\"https:\/\/i0.wp.com\/blogdalucianaoliveira.com.br\/blog\/wp-content\/uploads\/2019\/09\/919AF8A1-5ACF-40E6-99ED-0959461AE93B.jpeg?resize=600%2C296\" alt=\"919AF8A1-5ACF-40E6-99ED-0959461AE93B\" width=\"600\" height=\"296\" srcset=\"https:\/\/i0.wp.com\/blogdalucianaoliveira.com.br\/blog\/wp-content\/uploads\/2019\/09\/919AF8A1-5ACF-40E6-99ED-0959461AE93B.jpeg?w=731 731w, https:\/\/i0.wp.com\/blogdalucianaoliveira.com.br\/blog\/wp-content\/uploads\/2019\/09\/919AF8A1-5ACF-40E6-99ED-0959461AE93B.jpeg?resize=300%2C148 300w, https:\/\/i0.wp.com\/blogdalucianaoliveira.com.br\/blog\/wp-content\/uploads\/2019\/09\/919AF8A1-5ACF-40E6-99ED-0959461AE93B.jpeg?resize=607%2C300 607w\" sizes=\"auto, (max-width: 600px) 100vw, 600px\" \/><\/p>\n<\/div>\n<\/div>\n<\/div>\n<\/div>\n<h2 class=\"content-head__subtitle\">Na Amaz\u00f4nia, opera\u00e7\u00e3o da pol\u00edcia prendeu dois l\u00edderes de um grupo acusado de invadir terras p\u00fablicas e amea\u00e7ar quem est\u00e1 ali para defender a floresta.<\/h2>\n<p><!--more--><\/p>\n<p>No Fant\u00e1stico<\/p>\n<div class=\"fb-post\" data-href=\"https:\/\/www.facebook.com\/228845440464112\/posts\/3034555069893121?sfns=mo\" data-width=\"552\"><\/div>\n","protected":false},"excerpt":{"rendered":"<p>Na Amaz\u00f4nia, opera\u00e7\u00e3o da pol\u00edcia prendeu dois l\u00edderes de um grupo acusado de invadir terras p\u00fablicas e amea\u00e7ar quem est\u00e1 ali para defender a floresta.<\/p>\n","protected":false},"author":1,"featured_media":0,"comment_status":"closed","ping_status":"open","sticky":false,"template":"","format":"standard","meta":{"_exactmetrics_skip_tracking":false,"_exactmetrics_sitenote_active":false,"_exactmetrics_sitenote_note":"","_exactmetrics_sitenote_category":0,"jetpack_post_was_ever_published":false,"_jetpack_newsletter_access":"","_jetpack_dont_email_post_to_subs":false,"_jetpack_newsletter_tier_id":0,"_jetpack_memberships_contains_paywalled_content":false,"_jetpack_memberships_contains_paid_content":false,"footnotes":"","jetpack_publicize_message":"","jetpack_publicize_feature_enabled":true,"jetpack_social_post_already_shared":true,"jetpack_social_options":{"image_generator_settings":{"template":"highway","enabled":false},"version":2}},"categories":[1],"tags":[],"class_list":["post-24119","post","type-post","status-publish","format-standard","hentry","category-notas"],"jetpack_publicize_connections":[],"jetpack_sharing_enabled":true,"jetpack_featured_media_url":"","jetpack_shortlink":"https:\/\/wp.me\/p7wKYW-6h1","jetpack-related-posts":[],"_links":{"self":[{"href":"http:\/\/blogdalucianaoliveira.com.br\/blog\/wp-json\/wp\/v2\/posts\/24119","targetHints":{"allow":["GET"]}}],"collection":[{"href":"http:\/\/blogdalucianaoliveira.com.br\/blog\/wp-json\/wp\/v2\/posts"}],"about":[{"href":"http:\/\/blogdalucianaoliveira.com.br\/blog\/wp-json\/wp\/v2\/types\/post"}],"author":[{"embeddable":true,"href":"http:\/\/blogdalucianaoliveira.com.br\/blog\/wp-json\/wp\/v2\/users\/1"}],"replies":[{"embeddable":true,"href":"http:\/\/blogdalucianaoliveira.com.br\/blog\/wp-json\/wp\/v2\/comments?post=24119"}],"version-history":[{"count":7,"href":"http:\/\/blogdalucianaoliveira.com.br\/blog\/wp-json\/wp\/v2\/posts\/24119\/revisions"}],"predecessor-version":[{"id":24134,"href":"http:\/\/blogdalucianaoliveira.com.br\/blog\/wp-json\/wp\/v2\/posts\/24119\/revisions\/24134"}],"wp:attachment":[{"href":"http:\/\/blogdalucianaoliveira.com.br\/blog\/wp-json\/wp\/v2\/media?parent=24119"}],"wp:term":[{"taxonomy":"category","embeddable":true,"href":"http:\/\/blogdalucianaoliveira.com.br\/blog\/wp-json\/wp\/v2\/categories?post=24119"},{"taxonomy":"post_tag","embeddable":true,"href":"http:\/\/blogdalucianaoliveira.com.br\/blog\/wp-json\/wp\/v2\/tags?post=24119"}],"curies":[{"name":"wp","href":"https:\/\/api.w.org\/{rel}","templated":true}]}}