{"id":2412,"date":"2016-07-15T20:14:06","date_gmt":"2016-07-16T00:14:06","guid":{"rendered":"http:\/\/blogdalucianaoliveira.com.br\/blog\/?p=2412"},"modified":"2016-07-15T20:17:18","modified_gmt":"2016-07-16T00:17:18","slug":"por-pouco-nao-houve-uma-tragedia-como-a-da-franca-na-decada-de-60-em-porto-velho","status":"publish","type":"post","link":"http:\/\/blogdalucianaoliveira.com.br\/blog\/2016\/07\/15\/por-pouco-nao-houve-uma-tragedia-como-a-da-franca-na-decada-de-60-em-porto-velho\/","title":{"rendered":"Por pouco n\u00e3o houve uma trag\u00e9dia como a da Fran\u00e7a na d\u00e9cada de 60 em Porto Velho"},"content":{"rendered":"<p><img data-recalc-dims=\"1\" loading=\"lazy\" decoding=\"async\" data-attachment-id=\"2416\" data-permalink=\"http:\/\/blogdalucianaoliveira.com.br\/blog\/2016\/07\/15\/por-pouco-nao-houve-uma-tragedia-como-a-da-franca-na-decada-de-60-em-porto-velho\/image-553\/\" data-orig-file=\"https:\/\/i0.wp.com\/blogdalucianaoliveira.com.br\/blog\/wp-content\/uploads\/2016\/07\/image-103.jpeg?fit=145%2C200\" data-orig-size=\"145,200\" data-comments-opened=\"0\" data-image-meta=\"{&quot;aperture&quot;:&quot;0&quot;,&quot;credit&quot;:&quot;&quot;,&quot;camera&quot;:&quot;&quot;,&quot;caption&quot;:&quot;&quot;,&quot;created_timestamp&quot;:&quot;0&quot;,&quot;copyright&quot;:&quot;&quot;,&quot;focal_length&quot;:&quot;0&quot;,&quot;iso&quot;:&quot;0&quot;,&quot;shutter_speed&quot;:&quot;0&quot;,&quot;title&quot;:&quot;&quot;,&quot;orientation&quot;:&quot;0&quot;}\" data-image-title=\"image\" data-image-description=\"\" data-image-caption=\"\" data-medium-file=\"https:\/\/i0.wp.com\/blogdalucianaoliveira.com.br\/blog\/wp-content\/uploads\/2016\/07\/image-103.jpeg?fit=145%2C200\" data-large-file=\"https:\/\/i0.wp.com\/blogdalucianaoliveira.com.br\/blog\/wp-content\/uploads\/2016\/07\/image-103.jpeg?fit=145%2C200\" src=\"https:\/\/i0.wp.com\/blogdalucianaoliveira.com.br\/blog\/wp-content\/uploads\/2016\/07\/image-103.jpeg?resize=145%2C200\" alt=\"image\" width=\"145\" height=\"200\" class=\"alignnone size-full wp-image-2416\" \/><\/p>\n<p>H\u00e1 54 Anos acontecia a Ca\u00e7ambada Cutuba<!--more--><\/p>\n<p>Por Ant\u00f4nio Serpa do Amaral Filho<\/p>\n<p>H\u00e1 54 anos, numa calorenta noite de 26 de setembro de 1962, uma ca\u00e7amba pertencente \u00e0 prefeitura municipal de Porto Velho foi lan\u00e7ada contra os partid\u00e1rios do ent\u00e3o candidato a deputado federal Renato Cl\u00edmaco Borralho de Medeiros. Esse epis\u00f3dio ficou conhecido como \u201cCa\u00e7ambada Cutuba\u201d.<\/p>\n<p>M\u00e9dico, l\u00edder da coliga\u00e7\u00e3o de centro-esquerda, presidente do Partido Social Progressista e comandante-em-chefe dos peles-curtas \u2013 grupo que fazia oposi\u00e7\u00e3o cerrada ao maior cacique pol\u00edtico de todos os tempos em Rond\u00f4nia, o coronel Alu\u00edzio Pinheiro Ferreira \u2013 Renato encarnava naquele momento a esperan\u00e7a da gente simples, dos desvalidos, ferrovi\u00e1rios, desempregados, empregados do com\u00e9rcio e dos que tinha se decepcionado com os mandos e desmandos do chamado \u201cpessoal do Alu\u00edzio\u201d, os cutubas, que por anos a fio detiveram a hegemonia pol\u00edtica no territ\u00f3rio federal.<\/p>\n<p><img data-recalc-dims=\"1\" loading=\"lazy\" decoding=\"async\" data-attachment-id=\"2413\" data-permalink=\"http:\/\/blogdalucianaoliveira.com.br\/blog\/2016\/07\/15\/por-pouco-nao-houve-uma-tragedia-como-a-da-franca-na-decada-de-60-em-porto-velho\/image-552\/\" data-orig-file=\"https:\/\/i0.wp.com\/blogdalucianaoliveira.com.br\/blog\/wp-content\/uploads\/2016\/07\/image-102.jpeg?fit=520%2C348\" data-orig-size=\"520,348\" data-comments-opened=\"0\" data-image-meta=\"{&quot;aperture&quot;:&quot;0&quot;,&quot;credit&quot;:&quot;&quot;,&quot;camera&quot;:&quot;&quot;,&quot;caption&quot;:&quot;&quot;,&quot;created_timestamp&quot;:&quot;0&quot;,&quot;copyright&quot;:&quot;&quot;,&quot;focal_length&quot;:&quot;0&quot;,&quot;iso&quot;:&quot;0&quot;,&quot;shutter_speed&quot;:&quot;0&quot;,&quot;title&quot;:&quot;&quot;,&quot;orientation&quot;:&quot;0&quot;}\" data-image-title=\"image\" data-image-description=\"\" data-image-caption=\"\" data-medium-file=\"https:\/\/i0.wp.com\/blogdalucianaoliveira.com.br\/blog\/wp-content\/uploads\/2016\/07\/image-102.jpeg?fit=300%2C201\" data-large-file=\"https:\/\/i0.wp.com\/blogdalucianaoliveira.com.br\/blog\/wp-content\/uploads\/2016\/07\/image-102.jpeg?fit=520%2C348\" src=\"https:\/\/i0.wp.com\/blogdalucianaoliveira.com.br\/blog\/wp-content\/uploads\/2016\/07\/image-102.jpeg?resize=520%2C348\" alt=\"image\" width=\"520\" height=\"348\" class=\"alignnone size-full wp-image-2413\" srcset=\"https:\/\/i0.wp.com\/blogdalucianaoliveira.com.br\/blog\/wp-content\/uploads\/2016\/07\/image-102.jpeg?w=520 520w, https:\/\/i0.wp.com\/blogdalucianaoliveira.com.br\/blog\/wp-content\/uploads\/2016\/07\/image-102.jpeg?resize=300%2C201 300w, https:\/\/i0.wp.com\/blogdalucianaoliveira.com.br\/blog\/wp-content\/uploads\/2016\/07\/image-102.jpeg?resize=448%2C300 448w\" sizes=\"auto, (max-width: 520px) 100vw, 520px\" \/><\/p>\n<p>Segundo apurou o jornalista Zola Xavier da Silveira, produtor do document\u00e1rio \u201cA Ca\u00e7ambada Cutuba\u201d, cerca de 5 mil pessoas participavam do com\u00edcio renatista na noite da trag\u00e9dia. Naquele ano, n\u00e3o se sabe bem por que, Alu\u00edzio se declarou afastado da pol\u00edtica rondoniense, depois de ter vencido tr\u00eas elei\u00e7\u00f5es para a C\u00e2mara Federal. Todavia, como bom cacique que era, n\u00e3o se inscreveu na corrida eleitoral mas mandou representante: o tamb\u00e9m coronel \u00canio dos Santos Pinheiro, que j\u00e1 houvera sido governador do Territ\u00f3rio Federal de Rond\u00f4nia, em 1953, por indica\u00e7\u00e3o do mesmo padrinho que o apoiava em 1962. No confronto entre esses dois candidatos, aconteceu a Ca\u00e7ambada. Pesquisadores denunciam que o inqu\u00e9rito instaurado para apurar o caso foi empurrado com a barriga e conclu\u00eddo a meia-sola. A edi\u00e7\u00e3o do jornal Alto Madeira da \u00e9poca, existente no acervo da Biblioteca Nacional, no Rio de Janeiro, sugere que, em rela\u00e7\u00e3o ao caso, havia censura \u00e0 imprensa por parte do governo aluizista de plant\u00e3o.<\/p>\n<p>O certo \u00e9 que at\u00e9 hoje algumas perguntas n\u00e3o querem calar: a Ca\u00e7ambada ter\u00e1 sido o maior atentado pol\u00edtico da hist\u00f3ria de Rond\u00f4nia? Quantas pessoas morreram, afinal? Foi Alu\u00edzio Ferreira que mandou jogar a ca\u00e7amba contra o povo? Ele queria matar Renato Medeiros? Ou ele queria apenas intimidar seus advers\u00e1rios? Foi o baixo-clero do aluizismo quem mandou atacar os peles-curtas com uma ca\u00e7amba? A vit\u00f3ria de Renato significaria o fim do aluizismo? Uma coliga\u00e7\u00e3o de centro-esquerda provocava ira nas hostes conservadoras a ponto de justificar o ataque? At\u00e9 hoje essas e outras perguntas esperam por respostas.<\/p>\n<p>O fato \u00e9 que quase defronte ao local da trag\u00e9dia \u2013 na Rua Lauro Sodr\u00e9, onde funcionou a empresa Rondasa &#8211; havia um bordel comandado por uma prostituta de nome Del\u00edcia. O local era mal iluminado e nas laterais da rua havia enormes valas que serviam de escoadouro para as chuvas que come\u00e7am no final de setembro. No clima geral da disputa, os \u00e2nimos estavam exaltados.<\/p>\n<p>O getulismo, que dera combust\u00edvel ao cutubismo e regionalmente consolidara o poder nas m\u00e3os de Alu\u00edzio Ferreira por muitos anos, perdera for\u00e7a ainda em 1954 com o suic\u00eddio do caudilho de S\u00e3o Borjas, Get\u00falio Vargas. Por outro lado, o carisma de Renato Medeiro empolgava as massas, criava um clima de muita euforia junto aos segmentos de baixa renda e motivava a participa\u00e7\u00e3o das multid\u00f5es nos com\u00edcios. Al\u00e9m disso, aumentava o tom das vozes cr\u00edticas ao aluizismo e os setores de esquerda\u2013comunistas, socialistas e idealistas- engrossam as fileiras da tropa partid\u00e1ria de Renato e passam a sonhar com um governo progressista e comprometido com a justi\u00e7a social; um governo que estivesse sintonizado com os ideais do presidente Jo\u00e3o Goulart.<\/p>\n<p>Os sonhos forjados ao longo da campanha eleitoral geravam um mar de emo\u00e7\u00f5es e deixavam as rela\u00e7\u00f5es entre cutubas e peles-curtas cada vez mais tensas. Os discursos, ferinos e agressivos, foram utilizados por ambas as correntes pol\u00edticas como armas letais.<\/p>\n<p>Alu\u00edzio Ferreira, pressentindo que os tempos eram outros, apostava todas as suas fichas na elei\u00e7\u00e3o do preposto \u00canio Pinheiro, para manter Rond\u00f4nia sob o jugo do coronelismo. Renato Medeiro, vendo emergir o clamor das massas por mudan\u00e7a e sentindo crescer vertiginosamente do anti-aluizismo, investia com grande entusiasmo na sua campanha. A cidade parecia uma panela de press\u00e3o pronta para explodir.<\/p>\n<p>Havia um cheiro de viol\u00eancia no ar. O aluizismo parece disposto a endurecer e o renatismo n\u00e3o aceitava ceder um mil\u00edmetro sequer. As tropas est\u00e3o prontas para o embate. Faltava um cavaleiro do apocalipse pilotando uma carruagem de fogo, e ele aparece. N\u00e3o \u00e9 bem um cavaleiro, mas um simples motorista, pobre, trabalhador, pai de fam\u00edlia e mal remunerado. Tamb\u00e9m n\u00e3o h\u00e1 carruagem de fogo, mas um ve\u00edculo basculante da prefeitura.<\/p>\n<p>O prefeito naquele momento era o cutuba de primeira grandeza Jos\u00e9 Sal\u00e9 Morebe. H\u00e1 quem diga que ele teria confessado em leito de morte ter sido o mandante do atentado. O fato \u00e9 que um motorista da prefeitura, pilotando um ve\u00edculo da municipalidade e trafegando na rua Lauro Sodr\u00e9, do centro para o aeroporto, espalhou morte, dor e afli\u00e7\u00e3o entre as pessoas que estavam no com\u00edcio do candidato Renato Medeiro, que escapara ileso da trag\u00e9dia.<\/p>\n<p>Pelo menos duas pessoas morreram na hora. Outras teriam ido a \u00f3bito no Hospital S\u00e3o Jos\u00e9, hoje policl\u00ednica da Pol\u00edcia Militar, para onde acorreu quase toda cidade em busca de not\u00edcias de parente, amigos e conhecidos. Entre choros e l\u00e1grimas, a Ca\u00e7ambada Cutuba se impunha, naquele momento, como uma sangrenta p\u00e1gina hist\u00f3rica na vida dos Guapor\u00e9s. Seria a ca\u00e7ambada resultado do m\u00e9todo militaresco utilizado por Alu\u00edzio Ferreira durante seu reinado? Um Coronel queria emplacar novamente outro Coronel a qualquer pre\u00e7o?<\/p>\n<p>Renato Medeiro ganhou a elei\u00e7\u00e3o e foi empossado Deputado Federal. Por ironia do destino dois anos depois, em 1964, esses coron\u00e9is karipunas bateriam contin\u00eancia para generais de quatro estrelas, que n\u00e3o usavam ca\u00e7ambas para intimidar o povo, usavam tanques de guerra, brucutus, bazucas, metralhadoras e fuzis autom\u00e1ticos, pau-de-arara, espancamento e afogamento. Utilizavam, tamb\u00e9m, um outro instrumento: o Ato Institucional, com o qual cassaram o mandato do l\u00edder Renato Medeiros. <\/p>\n<p>Era o fim do mais passional embate da pol\u00edtica rondoniense, a peleja medonha e apaixonada entre Cutubas e Peles-Curtas. Por favor, d\u00eaem os historiadores uma explica\u00e7\u00e3o plaus\u00edvel para o fato, porque, no Cemit\u00e9rio dos Inocentes, os mortos da Ca\u00e7ambada Cutuba todos os dias se perguntam: Por qu\u00ea???<\/p>\n","protected":false},"excerpt":{"rendered":"<p>H\u00e1 54 Anos acontecia a Ca\u00e7ambada Cutuba<\/p>\n","protected":false},"author":1,"featured_media":0,"comment_status":"closed","ping_status":"open","sticky":false,"template":"","format":"standard","meta":{"_exactmetrics_skip_tracking":false,"_exactmetrics_sitenote_active":false,"_exactmetrics_sitenote_note":"","_exactmetrics_sitenote_category":0,"jetpack_post_was_ever_published":false,"_jetpack_newsletter_access":"","_jetpack_dont_email_post_to_subs":false,"_jetpack_newsletter_tier_id":0,"_jetpack_memberships_contains_paywalled_content":false,"_jetpack_memberships_contains_paid_content":false,"footnotes":"","jetpack_publicize_message":"","jetpack_publicize_feature_enabled":true,"jetpack_social_post_already_shared":true,"jetpack_social_options":{"image_generator_settings":{"template":"highway","enabled":false},"version":2}},"categories":[1],"tags":[],"class_list":["post-2412","post","type-post","status-publish","format-standard","hentry","category-notas"],"jetpack_publicize_connections":[],"jetpack_sharing_enabled":true,"jetpack_featured_media_url":"","jetpack_shortlink":"https:\/\/wp.me\/p7wKYW-CU","jetpack-related-posts":[],"_links":{"self":[{"href":"http:\/\/blogdalucianaoliveira.com.br\/blog\/wp-json\/wp\/v2\/posts\/2412","targetHints":{"allow":["GET"]}}],"collection":[{"href":"http:\/\/blogdalucianaoliveira.com.br\/blog\/wp-json\/wp\/v2\/posts"}],"about":[{"href":"http:\/\/blogdalucianaoliveira.com.br\/blog\/wp-json\/wp\/v2\/types\/post"}],"author":[{"embeddable":true,"href":"http:\/\/blogdalucianaoliveira.com.br\/blog\/wp-json\/wp\/v2\/users\/1"}],"replies":[{"embeddable":true,"href":"http:\/\/blogdalucianaoliveira.com.br\/blog\/wp-json\/wp\/v2\/comments?post=2412"}],"version-history":[{"count":3,"href":"http:\/\/blogdalucianaoliveira.com.br\/blog\/wp-json\/wp\/v2\/posts\/2412\/revisions"}],"predecessor-version":[{"id":2417,"href":"http:\/\/blogdalucianaoliveira.com.br\/blog\/wp-json\/wp\/v2\/posts\/2412\/revisions\/2417"}],"wp:attachment":[{"href":"http:\/\/blogdalucianaoliveira.com.br\/blog\/wp-json\/wp\/v2\/media?parent=2412"}],"wp:term":[{"taxonomy":"category","embeddable":true,"href":"http:\/\/blogdalucianaoliveira.com.br\/blog\/wp-json\/wp\/v2\/categories?post=2412"},{"taxonomy":"post_tag","embeddable":true,"href":"http:\/\/blogdalucianaoliveira.com.br\/blog\/wp-json\/wp\/v2\/tags?post=2412"}],"curies":[{"name":"wp","href":"https:\/\/api.w.org\/{rel}","templated":true}]}}