{"id":24130,"date":"2019-09-30T09:11:32","date_gmt":"2019-09-30T13:11:32","guid":{"rendered":"http:\/\/blogdalucianaoliveira.com.br\/blog\/?p=24130"},"modified":"2019-09-30T09:11:32","modified_gmt":"2019-09-30T13:11:32","slug":"sob-moro-policia-federal-tem-o-menor-numero-de-operacoes-em-5-anos","status":"publish","type":"post","link":"http:\/\/blogdalucianaoliveira.com.br\/blog\/2019\/09\/30\/sob-moro-policia-federal-tem-o-menor-numero-de-operacoes-em-5-anos\/","title":{"rendered":"Sob Moro, Pol\u00edcia Federal tem o menor n\u00famero de opera\u00e7\u00f5es em 5 anos"},"content":{"rendered":"<p><img data-recalc-dims=\"1\" loading=\"lazy\" decoding=\"async\" data-attachment-id=\"24131\" data-permalink=\"http:\/\/blogdalucianaoliveira.com.br\/blog\/2019\/09\/30\/sob-moro-policia-federal-tem-o-menor-numero-de-operacoes-em-5-anos\/3d416755-923e-4e5b-b987-52353920fe97\/\" data-orig-file=\"https:\/\/i0.wp.com\/blogdalucianaoliveira.com.br\/blog\/wp-content\/uploads\/2019\/09\/3D416755-923E-4E5B-B987-52353920FE97.jpeg?fit=768%2C512\" data-orig-size=\"768,512\" data-comments-opened=\"0\" data-image-meta=\"{&quot;aperture&quot;:&quot;0&quot;,&quot;credit&quot;:&quot;&quot;,&quot;camera&quot;:&quot;&quot;,&quot;caption&quot;:&quot;&quot;,&quot;created_timestamp&quot;:&quot;0&quot;,&quot;copyright&quot;:&quot;&quot;,&quot;focal_length&quot;:&quot;0&quot;,&quot;iso&quot;:&quot;0&quot;,&quot;shutter_speed&quot;:&quot;0&quot;,&quot;title&quot;:&quot;&quot;,&quot;orientation&quot;:&quot;0&quot;}\" data-image-title=\"3D416755-923E-4E5B-B987-52353920FE97\" data-image-description=\"\" data-image-caption=\"\" data-medium-file=\"https:\/\/i0.wp.com\/blogdalucianaoliveira.com.br\/blog\/wp-content\/uploads\/2019\/09\/3D416755-923E-4E5B-B987-52353920FE97.jpeg?fit=300%2C200\" data-large-file=\"https:\/\/i0.wp.com\/blogdalucianaoliveira.com.br\/blog\/wp-content\/uploads\/2019\/09\/3D416755-923E-4E5B-B987-52353920FE97.jpeg?fit=600%2C400\" class=\"alignnone size-full wp-image-24131\" src=\"https:\/\/i0.wp.com\/blogdalucianaoliveira.com.br\/blog\/wp-content\/uploads\/2019\/09\/3D416755-923E-4E5B-B987-52353920FE97.jpeg?resize=600%2C400\" alt=\"3D416755-923E-4E5B-B987-52353920FE97\" width=\"600\" height=\"400\" srcset=\"https:\/\/i0.wp.com\/blogdalucianaoliveira.com.br\/blog\/wp-content\/uploads\/2019\/09\/3D416755-923E-4E5B-B987-52353920FE97.jpeg?w=768 768w, https:\/\/i0.wp.com\/blogdalucianaoliveira.com.br\/blog\/wp-content\/uploads\/2019\/09\/3D416755-923E-4E5B-B987-52353920FE97.jpeg?resize=300%2C200 300w, https:\/\/i0.wp.com\/blogdalucianaoliveira.com.br\/blog\/wp-content\/uploads\/2019\/09\/3D416755-923E-4E5B-B987-52353920FE97.jpeg?resize=450%2C300 450w\" sizes=\"auto, (max-width: 600px) 100vw, 600px\" \/><\/p>\n<p>Foram 204 a\u00e7\u00f5es de janeiro a junho, n\u00famero mais baixo desde 2014; \u00f3rg\u00e3o aponta queda de efetivo e mudan\u00e7as nos crit\u00e9rios de registro.<!--more--><\/p>\n<p>F\u00e1bio Fabrini<br \/>\nCamila Mattoso<br \/>\nFolha<\/p>\n<p>Sob o comando do ministro Sergio Moro (Justi\u00e7a), a Pol\u00edcia Federal fez no primeiro semestre deste ano a menor quantidade de opera\u00e7\u00f5es desde 2014. Foram realizadas, entre janeiro e junho, 204 a\u00e7\u00f5es, n\u00famero mais baixo que o registrado nos nove semestres anteriores.<\/p>\n<p>Apesar de menos atividades nas ruas, cresceram o n\u00famero de investiga\u00e7\u00f5es e os valores de bens apreendidos de 2018 para 2019. Os dados foram levantados pela PF a pedido da <strong>Folha<\/strong>. No per\u00edodo entre 2009 e 2019, o pico de produtividade se deu no semestre imediatamente anterior ao de <a href=\"https:\/\/aovivo.folha.uol.com.br\/2019\/01\/02\/5626-2-aovivo.shtml#post385801\">estreia de Moro no governo de Jair <\/a><a href=\"https:\/\/aovivo.folha.uol.com.br\/2019\/01\/02\/5626-2-aovivo.shtml#post385801\">Bolsonaro<\/a>. Foram 360 a\u00e7\u00f5es entre julho e dezembro de 2018 \u20141,9 por dia.<\/p>\n<p>Historicamente, os primeiros semestres t\u00eam menos opera\u00e7\u00f5es do que os seis meses finais de um ano &#8211;isso porque, na primeira metade de um ano, h\u00e1 mais dias de folga para o Judici\u00e1rio, que \u00e9 quem autoriza as medidas de busca e apreens\u00e3o e de pris\u00e3o.<\/p>\n<p>Na primeira metade do ano passado, a PF fez 269 opera\u00e7\u00f5es, m\u00e9dia de 1,4 por dia, contra 1,1 entre janeiro e junho de 2019.<\/p>\n<p>Os resultados da atual gest\u00e3o s\u00f3 ficam \u00e0 frente dos registrados at\u00e9 o primeiro semestre de 2014 \u2014quando houve 178 opera\u00e7\u00f5es. Aquele ano marcou o in\u00edcio da Lava Jato, com maior \u00eanfase de atua\u00e7\u00e3o da PF contra crimes do colarinho branco.<\/p>\n<div class=\"rs_skip\">\n<div id=\"infographic-1\" class=\"widget-infographic js-widget-infographic\" data-url=\"https:\/\/arte.folha.uol.com.br\/graficos\/bUTyK\/\" data-infographic-id=\"infographic-1\"><iframe loading=\"lazy\" src=\"https:\/\/arte.folha.uol.com.br\/graficos\/bUTyK\/?initialWidth=1&amp;childId=infographic-1&amp;parentTitle=Sob%20Moro%2C%20Pol%C3%ADcia%20Federal%20tem%20o%20menor%20n%C3%BAmero%20de%20opera%C3%A7%C3%B5es%20em%205%20anos%20-%2030%2F09%2F2019%20-%20Poder%20-%20Folha&amp;parentUrl=https%3A%2F%2Fwww1.folha.uol.com.br%2Fpoder%2F2019%2F09%2Fsob-moro-policia-federal-tem-o-menor-numero-de-operacoes-em-5-anos.shtml\" width=\"100%\" height=\"454px\" frameborder=\"0\" marginheight=\"0\" scrolling=\"no\" data-mce-fragment=\"1\"><\/iframe><\/div>\n<\/div>\n<p>Bolsonaro se elegeu no ano passado prometendo rigor no combate \u00e0s atividades ilegais, <a href=\"https:\/\/www1.folha.uol.com.br\/poder\/2018\/11\/sergio-moro-aceita-convite-para-ministerio-da-justica-do-governo-bolsonaro.shtml\">e fez do ex-juiz da Lava Jato o timoneiro dessa miss\u00e3o.<\/a>\u00a0Os \u00faltimos meses, no entanto, t\u00eam sido marcados por tentativas de interfer\u00eancia do presidente na pasta do ministro.<\/p>\n<p>Em agosto, Bolsonaro anunciou a troca do superintendente do \u00f3rg\u00e3o no Rio, Ricardo Saadi, <a href=\"https:\/\/www1.folha.uol.com.br\/poder\/2019\/08\/bolsonaro-sobre-troca-na-pf-quem-manda-sou-eu-ou-vou-ser-um-presidente-banana.shtml\">disse ser ele &#8220;quem manda&#8221; na corpora\u00e7\u00e3o<\/a> e amea\u00e7ou substituir seu diretor-geral, Maur\u00edcio Valeixo, da confian\u00e7a de Moro. &#8220;Se eu trocar hoje [o diretor-geral], qual o problema? Ele \u00e9 subordinado a mim, n\u00e3o ao ministro. Sou eu que indico, est\u00e1 na lei.&#8221;<\/p>\n<p><a href=\"https:\/\/www1.folha.uol.com.br\/poder\/2019\/09\/tudo-pode-ser-arejado-afirma-bolsonaro-sobre-comando-da-policia-federal.shtml\">Depois de dizer \u00e0 <strong>Folha<\/strong> que a PF precisa de uma &#8220;arejada&#8221;<\/a>, o presidente n\u00e3o tocou mais no assunto. A diretoria do \u00f3rg\u00e3o considera que o clima ficou mais tranquilo, mas Bolsonaro ainda n\u00e3o afian\u00e7ou a perman\u00eancia de Valeixo.<\/p>\n<p>A PF alega que v\u00e1rios fatores podem ter impactado seu desempenho, como a queda de 10% do efetivo policial na ativa desde 2016. E pondera que os n\u00fameros deste ano ainda refletem os resultados de investiga\u00e7\u00f5es feitas em governos anteriores.<\/p>\n<p>Argumenta tamb\u00e9m que h\u00e1 outros indicadores de seu desempenho em alta, a exemplo da quantidade de apreens\u00f5es.<\/p>\n<p>Em casos relacionados a crime organizado, fac\u00e7\u00f5es criminosas e crimes violentos, foram recolhidos R$ 548,1 milh\u00f5es em patrim\u00f4nio de investigados de janeiro a julho deste ano, mais que em todo 2018 (R$ 451,5 milh\u00f5es).<\/p>\n<p><a href=\"https:\/\/www1.folha.uol.com.br\/cotidiano\/2019\/08\/policia-federal-apreende-mais-de-500-quilos-de-cocaina-no-porto-do-rio.shtml\">A performance, afirma a PF, tamb\u00e9m \u00e9 considerada satisfat\u00f3ria nas apreens\u00f5es de drogas<\/a>. At\u00e9 agosto de 2019, foram 67 toneladas de coca\u00edna, quase o total de todo o ano passado. No mesmo per\u00edodo, foram tomados de traficantes 364,8 mil comprimidos de ecstasy, contra 295,3 mil em todo 2018.<\/p>\n<p>O \u00f3rg\u00e3o n\u00e3o detalhou, em cada ano, a quantidade de opera\u00e7\u00f5es conforme os tipos de crime combatidos.<\/p>\n<p>Em quase 11 anos (de 2009 a 10 de setembro deste ano), corrup\u00e7\u00e3o e tr\u00e1fico de drogas foram os principais alvos das a\u00e7\u00f5es do \u00f3rg\u00e3o. Estiveram na mira de quase 40% das 4.256 investidas do per\u00edodo. Foram 869 opera\u00e7\u00f5es envolvendo entorpecentes e mais 822 de esquemas relacionados a pagamento de propinas e desvios na administra\u00e7\u00e3o p\u00fablica.<\/p>\n<p>Houve tamb\u00e9m bastante \u00eanfase contra crimes fazend\u00e1rios (770 a\u00e7\u00f5es), previdenci\u00e1rios (400), cibern\u00e9ticos (254) e ambientais (238).<\/p>\n<div class=\"rs_skip\"><\/div>\n<p><strong><img data-recalc-dims=\"1\" loading=\"lazy\" decoding=\"async\" data-attachment-id=\"24132\" data-permalink=\"http:\/\/blogdalucianaoliveira.com.br\/blog\/2019\/09\/30\/sob-moro-policia-federal-tem-o-menor-numero-de-operacoes-em-5-anos\/2826d37a-7ac9-470f-9585-32db1b196f6f\/\" data-orig-file=\"https:\/\/i0.wp.com\/blogdalucianaoliveira.com.br\/blog\/wp-content\/uploads\/2019\/09\/2826D37A-7AC9-470F-9585-32DB1B196F6F.jpeg?fit=750%2C898\" data-orig-size=\"750,898\" data-comments-opened=\"0\" data-image-meta=\"{&quot;aperture&quot;:&quot;0&quot;,&quot;credit&quot;:&quot;&quot;,&quot;camera&quot;:&quot;&quot;,&quot;caption&quot;:&quot;&quot;,&quot;created_timestamp&quot;:&quot;0&quot;,&quot;copyright&quot;:&quot;&quot;,&quot;focal_length&quot;:&quot;0&quot;,&quot;iso&quot;:&quot;0&quot;,&quot;shutter_speed&quot;:&quot;0&quot;,&quot;title&quot;:&quot;&quot;,&quot;orientation&quot;:&quot;0&quot;}\" data-image-title=\"2826D37A-7AC9-470F-9585-32DB1B196F6F\" data-image-description=\"\" data-image-caption=\"\" data-medium-file=\"https:\/\/i0.wp.com\/blogdalucianaoliveira.com.br\/blog\/wp-content\/uploads\/2019\/09\/2826D37A-7AC9-470F-9585-32DB1B196F6F.jpeg?fit=251%2C300\" data-large-file=\"https:\/\/i0.wp.com\/blogdalucianaoliveira.com.br\/blog\/wp-content\/uploads\/2019\/09\/2826D37A-7AC9-470F-9585-32DB1B196F6F.jpeg?fit=600%2C718\" class=\"alignnone size-full wp-image-24132\" src=\"https:\/\/i0.wp.com\/blogdalucianaoliveira.com.br\/blog\/wp-content\/uploads\/2019\/09\/2826D37A-7AC9-470F-9585-32DB1B196F6F.jpeg?resize=600%2C718\" alt=\"2826D37A-7AC9-470F-9585-32DB1B196F6F\" width=\"600\" height=\"718\" srcset=\"https:\/\/i0.wp.com\/blogdalucianaoliveira.com.br\/blog\/wp-content\/uploads\/2019\/09\/2826D37A-7AC9-470F-9585-32DB1B196F6F.jpeg?w=750 750w, https:\/\/i0.wp.com\/blogdalucianaoliveira.com.br\/blog\/wp-content\/uploads\/2019\/09\/2826D37A-7AC9-470F-9585-32DB1B196F6F.jpeg?resize=251%2C300 251w\" sizes=\"auto, (max-width: 600px) 100vw, 600px\" \/><\/strong><\/p>\n<p>A PF disse, em nota, que v\u00e1rios fatores podem influenciar no aumento ou diminui\u00e7\u00e3o &#8220;tempor\u00e1rio e sazonal do n\u00famero de opera\u00e7\u00f5es&#8221;, entre eles o quantitativo de policiais.<\/p>\n<p>Al\u00e9m disso, o \u00f3rg\u00e3o justificou que, em 2015 e 2017, duas mudan\u00e7as nos normativos internos da PF trouxeram um rol maior de exig\u00eancias para que uma a\u00e7\u00e3o seja considerada &#8220;opera\u00e7\u00e3o especial&#8221;, tipo divulgado \u00e0 imprensa. &#8220;Assim, muitas a\u00e7\u00f5es que, em um passado pr\u00f3ximo, eram consideradas opera\u00e7\u00f5es, hoje n\u00e3o ingressam na estat\u00edstica por n\u00e3o satisfazerem tais crit\u00e9rios&#8221;.<\/p>\n<p>A PF sustenta ainda que o n\u00famero de opera\u00e7\u00f5es deflagradas n\u00e3o reflete, obrigatoriamente, o n\u00famero de opera\u00e7\u00f5es em andamento. Como exemplo, diz que havia cerca de 500 opera\u00e7\u00f5es em curso no in\u00edcio do segundo semestre de 2018 e, atualmente, 738.<\/p>\n<p>&#8220;Cada opera\u00e7\u00e3o tem seu tempo de matura\u00e7\u00e3o e a deflagra\u00e7\u00e3o \u00e9 apenas a etapa final de uma opera\u00e7\u00e3o, que pode ter durado meses de trabalho.&#8221;<\/p>\n<p>O Minist\u00e9rio da Justi\u00e7a afirmou, em nota, que cada investiga\u00e7\u00e3o ou opera\u00e7\u00e3o &#8220;tem a sua pr\u00f3pria marcha, a depender da complexidade do caso, do n\u00famero de investigados, do conjunto probat\u00f3rio a ser produzido e das in\u00fameras outras vari\u00e1veis que o objeto da investiga\u00e7\u00e3o imp\u00f5e&#8221;.<\/p>\n<p>&#8220;Por outro lado, \u00e9 sabido que, a cada caso desvendado, as organiza\u00e7\u00f5es criminosas migram as suas pr\u00e1ticas e formas de operar no mundo do crime, o que dificulta o trabalho das autoridades competentes para investigar os fatos&#8221;, argumentou.<\/p>\n<p>Questionada se houve redu\u00e7\u00e3o de verba para as a\u00e7\u00f5es, a pasta pontuou que o or\u00e7amento discricion\u00e1rio da PF &#8220;vem sendo majorado nos \u00faltimos anos&#8221; e cresceu 9% em 2019, ante 2018. Os valores n\u00e3o foram detalhados.<\/p>\n","protected":false},"excerpt":{"rendered":"<p>Foram 204 a\u00e7\u00f5es de janeiro a junho, n\u00famero mais baixo desde 2014; \u00f3rg\u00e3o aponta queda de efetivo e mudan\u00e7as nos crit\u00e9rios de registro.<\/p>\n","protected":false},"author":1,"featured_media":0,"comment_status":"closed","ping_status":"open","sticky":false,"template":"","format":"standard","meta":{"_exactmetrics_skip_tracking":false,"_exactmetrics_sitenote_active":false,"_exactmetrics_sitenote_note":"","_exactmetrics_sitenote_category":0,"jetpack_post_was_ever_published":false,"_jetpack_newsletter_access":"","_jetpack_dont_email_post_to_subs":false,"_jetpack_newsletter_tier_id":0,"_jetpack_memberships_contains_paywalled_content":false,"_jetpack_memberships_contains_paid_content":false,"footnotes":"","jetpack_publicize_message":"","jetpack_publicize_feature_enabled":true,"jetpack_social_post_already_shared":true,"jetpack_social_options":{"image_generator_settings":{"template":"highway","enabled":false},"version":2}},"categories":[1],"tags":[],"class_list":["post-24130","post","type-post","status-publish","format-standard","hentry","category-notas"],"jetpack_publicize_connections":[],"jetpack_sharing_enabled":true,"jetpack_featured_media_url":"","jetpack_shortlink":"https:\/\/wp.me\/p7wKYW-6hc","jetpack-related-posts":[],"_links":{"self":[{"href":"http:\/\/blogdalucianaoliveira.com.br\/blog\/wp-json\/wp\/v2\/posts\/24130","targetHints":{"allow":["GET"]}}],"collection":[{"href":"http:\/\/blogdalucianaoliveira.com.br\/blog\/wp-json\/wp\/v2\/posts"}],"about":[{"href":"http:\/\/blogdalucianaoliveira.com.br\/blog\/wp-json\/wp\/v2\/types\/post"}],"author":[{"embeddable":true,"href":"http:\/\/blogdalucianaoliveira.com.br\/blog\/wp-json\/wp\/v2\/users\/1"}],"replies":[{"embeddable":true,"href":"http:\/\/blogdalucianaoliveira.com.br\/blog\/wp-json\/wp\/v2\/comments?post=24130"}],"version-history":[{"count":1,"href":"http:\/\/blogdalucianaoliveira.com.br\/blog\/wp-json\/wp\/v2\/posts\/24130\/revisions"}],"predecessor-version":[{"id":24133,"href":"http:\/\/blogdalucianaoliveira.com.br\/blog\/wp-json\/wp\/v2\/posts\/24130\/revisions\/24133"}],"wp:attachment":[{"href":"http:\/\/blogdalucianaoliveira.com.br\/blog\/wp-json\/wp\/v2\/media?parent=24130"}],"wp:term":[{"taxonomy":"category","embeddable":true,"href":"http:\/\/blogdalucianaoliveira.com.br\/blog\/wp-json\/wp\/v2\/categories?post=24130"},{"taxonomy":"post_tag","embeddable":true,"href":"http:\/\/blogdalucianaoliveira.com.br\/blog\/wp-json\/wp\/v2\/tags?post=24130"}],"curies":[{"name":"wp","href":"https:\/\/api.w.org\/{rel}","templated":true}]}}