{"id":24140,"date":"2019-09-30T14:59:19","date_gmt":"2019-09-30T18:59:19","guid":{"rendered":"http:\/\/blogdalucianaoliveira.com.br\/blog\/?p=24140"},"modified":"2019-09-30T14:59:19","modified_gmt":"2019-09-30T18:59:19","slug":"cnj-publica-manual-sobre-indigenas-processados-criminalmente","status":"publish","type":"post","link":"http:\/\/blogdalucianaoliveira.com.br\/blog\/2019\/09\/30\/cnj-publica-manual-sobre-indigenas-processados-criminalmente\/","title":{"rendered":"CNJ publica manual sobre ind\u00edgenas processados criminalmente"},"content":{"rendered":"<p><img data-recalc-dims=\"1\" loading=\"lazy\" decoding=\"async\" data-attachment-id=\"24144\" data-permalink=\"http:\/\/blogdalucianaoliveira.com.br\/blog\/2019\/09\/30\/cnj-publica-manual-sobre-indigenas-processados-criminalmente\/a1c5d1c1-707a-4c57-af8c-e4b815ac69d3\/\" data-orig-file=\"https:\/\/i0.wp.com\/blogdalucianaoliveira.com.br\/blog\/wp-content\/uploads\/2019\/09\/A1C5D1C1-707A-4C57-AF8C-E4B815AC69D3.jpeg?fit=1024%2C649\" data-orig-size=\"1024,649\" data-comments-opened=\"0\" data-image-meta=\"{&quot;aperture&quot;:&quot;0&quot;,&quot;credit&quot;:&quot;&quot;,&quot;camera&quot;:&quot;&quot;,&quot;caption&quot;:&quot;&quot;,&quot;created_timestamp&quot;:&quot;0&quot;,&quot;copyright&quot;:&quot;&quot;,&quot;focal_length&quot;:&quot;0&quot;,&quot;iso&quot;:&quot;0&quot;,&quot;shutter_speed&quot;:&quot;0&quot;,&quot;title&quot;:&quot;&quot;,&quot;orientation&quot;:&quot;0&quot;}\" data-image-title=\"A1C5D1C1-707A-4C57-AF8C-E4B815AC69D3\" data-image-description=\"\" data-image-caption=\"\" data-medium-file=\"https:\/\/i0.wp.com\/blogdalucianaoliveira.com.br\/blog\/wp-content\/uploads\/2019\/09\/A1C5D1C1-707A-4C57-AF8C-E4B815AC69D3.jpeg?fit=300%2C190\" data-large-file=\"https:\/\/i0.wp.com\/blogdalucianaoliveira.com.br\/blog\/wp-content\/uploads\/2019\/09\/A1C5D1C1-707A-4C57-AF8C-E4B815AC69D3.jpeg?fit=600%2C380\" class=\"alignnone size-full wp-image-24144\" src=\"https:\/\/i0.wp.com\/blogdalucianaoliveira.com.br\/blog\/wp-content\/uploads\/2019\/09\/A1C5D1C1-707A-4C57-AF8C-E4B815AC69D3.jpeg?resize=600%2C380\" alt=\"A1C5D1C1-707A-4C57-AF8C-E4B815AC69D3\" width=\"600\" height=\"380\" srcset=\"https:\/\/i0.wp.com\/blogdalucianaoliveira.com.br\/blog\/wp-content\/uploads\/2019\/09\/A1C5D1C1-707A-4C57-AF8C-E4B815AC69D3.jpeg?w=1024 1024w, https:\/\/i0.wp.com\/blogdalucianaoliveira.com.br\/blog\/wp-content\/uploads\/2019\/09\/A1C5D1C1-707A-4C57-AF8C-E4B815AC69D3.jpeg?resize=300%2C190 300w, https:\/\/i0.wp.com\/blogdalucianaoliveira.com.br\/blog\/wp-content\/uploads\/2019\/09\/A1C5D1C1-707A-4C57-AF8C-E4B815AC69D3.jpeg?resize=768%2C487 768w, https:\/\/i0.wp.com\/blogdalucianaoliveira.com.br\/blog\/wp-content\/uploads\/2019\/09\/A1C5D1C1-707A-4C57-AF8C-E4B815AC69D3.jpeg?resize=473%2C300 473w\" sizes=\"auto, (max-width: 600px) 100vw, 600px\" \/><\/p>\n<p>O Conselho Nacional de Justi\u00e7a (CNJ) publicou manual com orienta\u00e7\u00f5es a tribunais e magistrados para cumprimento da Resolu\u00e7\u00e3o 287\/2019. A publica\u00e7\u00e3o atende \u00e0 exig\u00eancia da pr\u00f3pria resolu\u00e7\u00e3o, aprovada em junho, que entra em vigor hoje (30\/9).<!--more--><\/p>\n<p>A <a href=\"https:\/\/atos.cnj.jus.br\/atos\/detalhar\/2959\">Resolu\u00e7\u00e3o 287\/2019<\/a> estabelece procedimentos ao tratamento das pessoas ind\u00edgenas acusadas, r\u00e9s, condenadas ou privadas de liberdade, e d\u00e1 diretrizes para assegurar os direitos dessa popula\u00e7\u00e3o no \u00e2mbito criminal do Poder Judici\u00e1rio. Entre os principais aspectos abordados pela resolu\u00e7\u00e3o est\u00e3o a incorpora\u00e7\u00e3o do crit\u00e9rio da autodeclara\u00e7\u00e3o da pessoa ind\u00edgena, a aten\u00e7\u00e3o ao direito de a pessoa ind\u00edgena ser entendida e se fazer entender no processo por meio de int\u00e9rprete, a adequa\u00e7\u00e3o de medidas cautelares e penas restritivas de direitos a costumes e tradi\u00e7\u00f5es ind\u00edgenas e a possibilidade de o juiz homologar mecanismos tradicionais de responsabiliza\u00e7\u00e3o criminal.<\/p>\n<p>Segundo o juiz auxiliar da Presid\u00eancia do CNJ Carlos Gustavo Direito, o manual \u00e9 um instrumento pr\u00e1tico que orienta os ju\u00edzes criminais e de execu\u00e7\u00e3o penal a como agir em casos que envolvam pessoas ind\u00edgenas. \u201cS\u00e3o orienta\u00e7\u00f5es objetivas que buscam facilitar a observ\u00e2ncia da Resolu\u00e7\u00e3o 287 e oferecer caminhos concretos para que ju\u00edzes e ju\u00edzas possam adequar os procedimentos judici\u00e1rios envolvendo ind\u00edgenas ao marco normativo da Constitui\u00e7\u00e3o Federal e dos tratados internacionais dos quais o Brasil \u00e9 signat\u00e1rio\u201d, ressalta.<\/p>\n<p>Coordenadora t\u00e9cnica do manual, Renata Laurino destaca a import\u00e2ncia do documento diante da amplitude da resolu\u00e7\u00e3o, que abarca desde a forma de registro de informa\u00e7\u00f5es sobre ind\u00edgenas nos atos processuais at\u00e9 os direitos espec\u00edficos dessa popula\u00e7\u00e3o quando privada de liberdade em estabelecimentos penais. \u201cS\u00e3o procedimentos fundamentais para o respeito aos costumes e tradi\u00e7\u00f5es ind\u00edgenas e para que essa popula\u00e7\u00e3o possa receber um tratamento justo pelo Poder Judici\u00e1rio\u201d, avalia.<\/p>\n<p>Clique <a href=\"https:\/\/www.cnj.jus.br\/wp-content\/uploads\/2019\/09\/Manual-Resolu%C3%A7%C3%A3o-287-2019-CNJ.pdf\" target=\"_blank\" rel=\"noopener noreferrer\">aqui<\/a> para acessar o Manual<em>.<\/em><\/p>\n<p><em>Ag\u00eancia CNJ de Not\u00edcias<\/em><\/p>\n","protected":false},"excerpt":{"rendered":"<p>O Conselho Nacional de Justi\u00e7a (CNJ) publicou manual com orienta\u00e7\u00f5es a tribunais e magistrados para cumprimento da Resolu\u00e7\u00e3o 287\/2019. A publica\u00e7\u00e3o atende \u00e0 exig\u00eancia da pr\u00f3pria resolu\u00e7\u00e3o, aprovada em junho, que entra em vigor hoje (30\/9).<\/p>\n","protected":false},"author":1,"featured_media":0,"comment_status":"closed","ping_status":"open","sticky":false,"template":"","format":"standard","meta":{"_exactmetrics_skip_tracking":false,"_exactmetrics_sitenote_active":false,"_exactmetrics_sitenote_note":"","_exactmetrics_sitenote_category":0,"jetpack_post_was_ever_published":false,"_jetpack_newsletter_access":"","_jetpack_dont_email_post_to_subs":false,"_jetpack_newsletter_tier_id":0,"_jetpack_memberships_contains_paywalled_content":false,"_jetpack_memberships_contains_paid_content":false,"footnotes":"","jetpack_publicize_message":"","jetpack_publicize_feature_enabled":true,"jetpack_social_post_already_shared":true,"jetpack_social_options":{"image_generator_settings":{"template":"highway","enabled":false},"version":2}},"categories":[1],"tags":[],"class_list":["post-24140","post","type-post","status-publish","format-standard","hentry","category-notas"],"jetpack_publicize_connections":[],"jetpack_sharing_enabled":true,"jetpack_featured_media_url":"","jetpack_shortlink":"https:\/\/wp.me\/p7wKYW-6hm","jetpack-related-posts":[],"_links":{"self":[{"href":"http:\/\/blogdalucianaoliveira.com.br\/blog\/wp-json\/wp\/v2\/posts\/24140","targetHints":{"allow":["GET"]}}],"collection":[{"href":"http:\/\/blogdalucianaoliveira.com.br\/blog\/wp-json\/wp\/v2\/posts"}],"about":[{"href":"http:\/\/blogdalucianaoliveira.com.br\/blog\/wp-json\/wp\/v2\/types\/post"}],"author":[{"embeddable":true,"href":"http:\/\/blogdalucianaoliveira.com.br\/blog\/wp-json\/wp\/v2\/users\/1"}],"replies":[{"embeddable":true,"href":"http:\/\/blogdalucianaoliveira.com.br\/blog\/wp-json\/wp\/v2\/comments?post=24140"}],"version-history":[{"count":1,"href":"http:\/\/blogdalucianaoliveira.com.br\/blog\/wp-json\/wp\/v2\/posts\/24140\/revisions"}],"predecessor-version":[{"id":24145,"href":"http:\/\/blogdalucianaoliveira.com.br\/blog\/wp-json\/wp\/v2\/posts\/24140\/revisions\/24145"}],"wp:attachment":[{"href":"http:\/\/blogdalucianaoliveira.com.br\/blog\/wp-json\/wp\/v2\/media?parent=24140"}],"wp:term":[{"taxonomy":"category","embeddable":true,"href":"http:\/\/blogdalucianaoliveira.com.br\/blog\/wp-json\/wp\/v2\/categories?post=24140"},{"taxonomy":"post_tag","embeddable":true,"href":"http:\/\/blogdalucianaoliveira.com.br\/blog\/wp-json\/wp\/v2\/tags?post=24140"}],"curies":[{"name":"wp","href":"https:\/\/api.w.org\/{rel}","templated":true}]}}