{"id":24146,"date":"2019-09-30T15:31:04","date_gmt":"2019-09-30T19:31:04","guid":{"rendered":"http:\/\/blogdalucianaoliveira.com.br\/blog\/?p=24146"},"modified":"2019-09-30T15:31:04","modified_gmt":"2019-09-30T19:31:04","slug":"ibama-diz-que-comandos-militares-se-recusaram-a-apoiar-acoes-de-fiscalizacao","status":"publish","type":"post","link":"http:\/\/blogdalucianaoliveira.com.br\/blog\/2019\/09\/30\/ibama-diz-que-comandos-militares-se-recusaram-a-apoiar-acoes-de-fiscalizacao\/","title":{"rendered":"Ibama diz que comandos militares se recusaram a apoiar a\u00e7\u00f5es de fiscaliza\u00e7\u00e3o"},"content":{"rendered":"<p><img data-recalc-dims=\"1\" loading=\"lazy\" decoding=\"async\" data-attachment-id=\"24147\" data-permalink=\"http:\/\/blogdalucianaoliveira.com.br\/blog\/2019\/09\/30\/ibama-diz-que-comandos-militares-se-recusaram-a-apoiar-acoes-de-fiscalizacao\/f2e961d9-d4ac-42ce-b10a-d5bc8fe4e802\/\" data-orig-file=\"https:\/\/i0.wp.com\/blogdalucianaoliveira.com.br\/blog\/wp-content\/uploads\/2019\/09\/F2E961D9-D4AC-42CE-B10A-D5BC8FE4E802.jpeg?fit=750%2C479\" data-orig-size=\"750,479\" data-comments-opened=\"0\" data-image-meta=\"{&quot;aperture&quot;:&quot;0&quot;,&quot;credit&quot;:&quot;&quot;,&quot;camera&quot;:&quot;&quot;,&quot;caption&quot;:&quot;&quot;,&quot;created_timestamp&quot;:&quot;0&quot;,&quot;copyright&quot;:&quot;&quot;,&quot;focal_length&quot;:&quot;0&quot;,&quot;iso&quot;:&quot;0&quot;,&quot;shutter_speed&quot;:&quot;0&quot;,&quot;title&quot;:&quot;&quot;,&quot;orientation&quot;:&quot;0&quot;}\" data-image-title=\"F2E961D9-D4AC-42CE-B10A-D5BC8FE4E802\" data-image-description=\"\" data-image-caption=\"\" data-medium-file=\"https:\/\/i0.wp.com\/blogdalucianaoliveira.com.br\/blog\/wp-content\/uploads\/2019\/09\/F2E961D9-D4AC-42CE-B10A-D5BC8FE4E802.jpeg?fit=300%2C192\" data-large-file=\"https:\/\/i0.wp.com\/blogdalucianaoliveira.com.br\/blog\/wp-content\/uploads\/2019\/09\/F2E961D9-D4AC-42CE-B10A-D5BC8FE4E802.jpeg?fit=600%2C383\" src=\"https:\/\/i0.wp.com\/blogdalucianaoliveira.com.br\/blog\/wp-content\/uploads\/2019\/09\/F2E961D9-D4AC-42CE-B10A-D5BC8FE4E802.jpeg?resize=600%2C383\" alt=\"F2E961D9-D4AC-42CE-B10A-D5BC8FE4E802\" width=\"600\" height=\"383\" class=\"alignnone size-full wp-image-24147\" srcset=\"https:\/\/i0.wp.com\/blogdalucianaoliveira.com.br\/blog\/wp-content\/uploads\/2019\/09\/F2E961D9-D4AC-42CE-B10A-D5BC8FE4E802.jpeg?w=750 750w, https:\/\/i0.wp.com\/blogdalucianaoliveira.com.br\/blog\/wp-content\/uploads\/2019\/09\/F2E961D9-D4AC-42CE-B10A-D5BC8FE4E802.jpeg?resize=300%2C192 300w, https:\/\/i0.wp.com\/blogdalucianaoliveira.com.br\/blog\/wp-content\/uploads\/2019\/09\/F2E961D9-D4AC-42CE-B10A-D5BC8FE4E802.jpeg?resize=470%2C300 470w\" sizes=\"auto, (max-width: 600px) 100vw, 600px\" \/><\/p>\n<p>Em documento, \u00f3rg\u00e3o afirma que Ex\u00e9rcito negou apoio ao saber que poderia haver destrui\u00e7\u00e3o de m\u00e1quinas usadas em garimpo ilegal<!--more--><\/p>\n<p>Rubens Valente<br \/>\nNa Folha de S\u00e3o Paulo <\/p>\n<p>A coordena\u00e7\u00e3o de opera\u00e7\u00f5es de fiscaliza\u00e7\u00e3o do Ibama informou, em documento interno, que &#8220;Comandos militares&#8221; das For\u00e7as Armadas se recusaram a prestar apoio aos fiscais do \u00f3rg\u00e3o em pelo menos tr\u00eas ocasi\u00f5es no m\u00eas de setembro, dificultando a\u00e7\u00f5es de repress\u00e3o a crimes ambientais no Par\u00e1 e em Mato Grosso. Duas das a\u00e7\u00f5es foram impedidas por decis\u00e3o do CMN (Comando Militar do Norte), sediado em Bel\u00e9m (PA), segundo o documento do Ibama.<\/p>\n<p>O documento foi divulgado pelo site &#8220;Congresso Em Foco&#8221; no \u00faltimo s\u00e1bado (28) e pelo &#8220;O Globo&#8221; neste domingo (29) e obtido pela Folha. O of\u00edcio foi enviado no \u00faltimo dia 23 pela Cofis (Coordena\u00e7\u00e3o de Opera\u00e7\u00f5es de Fiscaliza\u00e7\u00e3o) \u00e0 coordena\u00e7\u00e3o-geral de Fiscaliza\u00e7\u00e3o Ambiental do Ibama, em Bras\u00edlia.<\/p>\n<p>Segundo o documento, nas tr\u00eas ocasi\u00f5es os Comandos militares negaram apoio quando souberam que poderia ocorrer, no decorrer da a\u00e7\u00e3o do Ibama, destrui\u00e7\u00e3o de m\u00e1quinas e equipamentos utilizados em crimes ambientais. As destrui\u00e7\u00f5es s\u00e3o autorizadas em lei, mas s\u00e3o questionadas por garimpeiros e madeireiros e tamb\u00e9m pelo presidente Jair Bolsonaro (PSL-RJ) que, em abril, disse que a\u00e7\u00f5es do g\u00eanero iriam acabar no seu governo.<\/p>\n<p>Foram tr\u00eas as ocasi\u00f5es da retirada do apoio militar ao Ibama, segundo o documento do \u00f3rg\u00e3o ambiental: em 11 de setembro, para reprimir a a\u00e7\u00e3o de garimpo ilegal na terra ind\u00edgena Trincheira Bacaj\u00e1, em 15 de setembro, para uma a\u00e7\u00e3o no Alto Rio Guam\u00e1 -que acabou realizada com apoio da Pol\u00edcia Federal-, e uma a\u00e7\u00e3o contra garimpos ao longo da rodovia BR-163. No \u00faltimo caso, segundo o documento do Ibama, os militares argumentaram que &#8220;a opera\u00e7\u00e3o poderia causar problemas tendo em vista as negocia\u00e7\u00f5es que estavam em curso com os garimpeiros e o recente bloqueio da BR-163&#8221;.<\/p>\n<p>As &#8220;negocia\u00e7\u00f5es&#8221; referidas no documento s\u00e3o as press\u00f5es de garimpeiros da regi\u00e3o de Moraes de Almeida, no Par\u00e1, sobre o governo federal. Em setembro, eles foram flagrados por fiscais do Ibama destruindo com garimpo ilegal a floresta nacional do Crepori e, por isso, pelo menos tr\u00eas m\u00e1quinas retroescavadeiras foram destru\u00eddas. Isso gerou uma rea\u00e7\u00e3o pol\u00edtica dos garimpeiros, que trancaram a rodovia BR-163. Eles depois chegaram a ser recebidos em audi\u00eancia no Pal\u00e1cio do Planalto por v\u00e1rios ministros, como Onyx Lorenzoni (Casa Civil) e Ricardo Salles (Meio Ambiente), e receberam como promessa a informa\u00e7\u00e3o de que o governo deveria achar uma resposta \u00e0 demanda dos garimpeiros at\u00e9 a pr\u00f3xima quarta-feira (2).<\/p>\n<p>As a\u00e7\u00f5es conjuntas entre Ibama, For\u00e7as Armadas e outros \u00f3rg\u00e3os federais como Pol\u00edcia Federal e For\u00e7a Nacional foram iniciadas pelo Pal\u00e1cio do Planalto depois que o presidente franc\u00eas, Emmanuel Macron, chamou a aten\u00e7\u00e3o, em uma postagem em rede social, para as queimadas na Amaz\u00f4nia Legal. A opera\u00e7\u00e3o ganhou o nome de &#8220;Verde Brasil&#8221;.<\/p>\n<p>Procurados pela Folha, o Minist\u00e9rio do Meio Ambiente, o Ibama e o Minist\u00e9rio da Defesa n\u00e3o haviam se manifestado at\u00e9 o fechamento deste texto.<\/p>\n","protected":false},"excerpt":{"rendered":"<p>Em documento, \u00f3rg\u00e3o afirma que Ex\u00e9rcito negou apoio ao saber que poderia haver destrui\u00e7\u00e3o de m\u00e1quinas usadas em garimpo ilegal<\/p>\n","protected":false},"author":1,"featured_media":0,"comment_status":"closed","ping_status":"open","sticky":false,"template":"","format":"standard","meta":{"_exactmetrics_skip_tracking":false,"_exactmetrics_sitenote_active":false,"_exactmetrics_sitenote_note":"","_exactmetrics_sitenote_category":0,"jetpack_post_was_ever_published":false,"_jetpack_newsletter_access":"","_jetpack_dont_email_post_to_subs":false,"_jetpack_newsletter_tier_id":0,"_jetpack_memberships_contains_paywalled_content":false,"_jetpack_memberships_contains_paid_content":false,"footnotes":"","jetpack_publicize_message":"","jetpack_publicize_feature_enabled":true,"jetpack_social_post_already_shared":true,"jetpack_social_options":{"image_generator_settings":{"template":"highway","enabled":false},"version":2}},"categories":[1],"tags":[],"class_list":["post-24146","post","type-post","status-publish","format-standard","hentry","category-notas"],"jetpack_publicize_connections":[],"jetpack_sharing_enabled":true,"jetpack_featured_media_url":"","jetpack_shortlink":"https:\/\/wp.me\/p7wKYW-6hs","jetpack-related-posts":[],"_links":{"self":[{"href":"http:\/\/blogdalucianaoliveira.com.br\/blog\/wp-json\/wp\/v2\/posts\/24146","targetHints":{"allow":["GET"]}}],"collection":[{"href":"http:\/\/blogdalucianaoliveira.com.br\/blog\/wp-json\/wp\/v2\/posts"}],"about":[{"href":"http:\/\/blogdalucianaoliveira.com.br\/blog\/wp-json\/wp\/v2\/types\/post"}],"author":[{"embeddable":true,"href":"http:\/\/blogdalucianaoliveira.com.br\/blog\/wp-json\/wp\/v2\/users\/1"}],"replies":[{"embeddable":true,"href":"http:\/\/blogdalucianaoliveira.com.br\/blog\/wp-json\/wp\/v2\/comments?post=24146"}],"version-history":[{"count":1,"href":"http:\/\/blogdalucianaoliveira.com.br\/blog\/wp-json\/wp\/v2\/posts\/24146\/revisions"}],"predecessor-version":[{"id":24148,"href":"http:\/\/blogdalucianaoliveira.com.br\/blog\/wp-json\/wp\/v2\/posts\/24146\/revisions\/24148"}],"wp:attachment":[{"href":"http:\/\/blogdalucianaoliveira.com.br\/blog\/wp-json\/wp\/v2\/media?parent=24146"}],"wp:term":[{"taxonomy":"category","embeddable":true,"href":"http:\/\/blogdalucianaoliveira.com.br\/blog\/wp-json\/wp\/v2\/categories?post=24146"},{"taxonomy":"post_tag","embeddable":true,"href":"http:\/\/blogdalucianaoliveira.com.br\/blog\/wp-json\/wp\/v2\/tags?post=24146"}],"curies":[{"name":"wp","href":"https:\/\/api.w.org\/{rel}","templated":true}]}}