{"id":24149,"date":"2019-09-30T15:58:59","date_gmt":"2019-09-30T19:58:59","guid":{"rendered":"http:\/\/blogdalucianaoliveira.com.br\/blog\/?p=24149"},"modified":"2019-09-30T15:58:59","modified_gmt":"2019-09-30T19:58:59","slug":"nao-aceito-barganhar-minha-liberdade-diz-lula-em-carta-sobre-semiaberto","status":"publish","type":"post","link":"http:\/\/blogdalucianaoliveira.com.br\/blog\/2019\/09\/30\/nao-aceito-barganhar-minha-liberdade-diz-lula-em-carta-sobre-semiaberto\/","title":{"rendered":"&#8220;N\u00e3o aceito barganhar minha liberdade&#8221;, diz Lula em carta sobre semiaberto"},"content":{"rendered":"<p><img data-recalc-dims=\"1\" loading=\"lazy\" decoding=\"async\" data-attachment-id=\"24150\" data-permalink=\"http:\/\/blogdalucianaoliveira.com.br\/blog\/2019\/09\/30\/nao-aceito-barganhar-minha-liberdade-diz-lula-em-carta-sobre-semiaberto\/e3ff5c77-bc0b-4d5a-acf1-150416afbea6\/\" data-orig-file=\"https:\/\/i0.wp.com\/blogdalucianaoliveira.com.br\/blog\/wp-content\/uploads\/2019\/09\/E3FF5C77-BC0B-4D5A-ACF1-150416AFBEA6.jpeg?fit=500%2C240\" data-orig-size=\"500,240\" data-comments-opened=\"0\" data-image-meta=\"{&quot;aperture&quot;:&quot;0&quot;,&quot;credit&quot;:&quot;&quot;,&quot;camera&quot;:&quot;&quot;,&quot;caption&quot;:&quot;&quot;,&quot;created_timestamp&quot;:&quot;0&quot;,&quot;copyright&quot;:&quot;&quot;,&quot;focal_length&quot;:&quot;0&quot;,&quot;iso&quot;:&quot;0&quot;,&quot;shutter_speed&quot;:&quot;0&quot;,&quot;title&quot;:&quot;&quot;,&quot;orientation&quot;:&quot;0&quot;}\" data-image-title=\"E3FF5C77-BC0B-4D5A-ACF1-150416AFBEA6\" data-image-description=\"\" data-image-caption=\"\" data-medium-file=\"https:\/\/i0.wp.com\/blogdalucianaoliveira.com.br\/blog\/wp-content\/uploads\/2019\/09\/E3FF5C77-BC0B-4D5A-ACF1-150416AFBEA6.jpeg?fit=300%2C144\" data-large-file=\"https:\/\/i0.wp.com\/blogdalucianaoliveira.com.br\/blog\/wp-content\/uploads\/2019\/09\/E3FF5C77-BC0B-4D5A-ACF1-150416AFBEA6.jpeg?fit=500%2C240\" class=\"alignnone size-full wp-image-24150\" src=\"https:\/\/i0.wp.com\/blogdalucianaoliveira.com.br\/blog\/wp-content\/uploads\/2019\/09\/E3FF5C77-BC0B-4D5A-ACF1-150416AFBEA6.jpeg?resize=500%2C240\" alt=\"E3FF5C77-BC0B-4D5A-ACF1-150416AFBEA6\" width=\"500\" height=\"240\" srcset=\"https:\/\/i0.wp.com\/blogdalucianaoliveira.com.br\/blog\/wp-content\/uploads\/2019\/09\/E3FF5C77-BC0B-4D5A-ACF1-150416AFBEA6.jpeg?w=500 500w, https:\/\/i0.wp.com\/blogdalucianaoliveira.com.br\/blog\/wp-content\/uploads\/2019\/09\/E3FF5C77-BC0B-4D5A-ACF1-150416AFBEA6.jpeg?resize=300%2C144 300w\" sizes=\"auto, (max-width: 500px) 100vw, 500px\" \/><\/p>\n<p>247 &#8211; O ex-presidente Luiz In\u00e1cio Lula da Silva se manifestou nesta segunda-feira (30) sobre o pedido da Lava Jato para que ele progrida para o regime semiaberto. <!--more--><\/p>\n<p>Em carta divulgada pelo Twitter, Lula diz que os procuradores da Lava Jato deveriam pedir desculpas ao povo brasileiro e aos milh\u00f5es de desempregados, pelos preju\u00edzos causados.<\/p>\n<p>Lula voltou a recha\u00e7ar o regime semiaberto. &#8220;Quero que saibam que n\u00e3o aceito barganhar meus direitos e minha liberdade. J\u00e1 demonstrei que s\u00e3o falsas as acusa\u00e7\u00f5es que me fizeram. S\u00e3o eles e n\u00e3o eu que est\u00e3o presos \u00e0s mentiras que contaram ao Brasil e ao mundo&#8221;, disse Lula.<\/p>\n<p>O ex-presidente defendeu tamb\u00e9m que agora cabe ao Supremo Tribunal Federal julgar a suspei\u00e7\u00e3o do ex-juiz S\u00e9rgio Moro, para que &#8220;haja Justi\u00e7a independente e imparcial&#8221;.<\/p>\n<p><b>Leia, abaixo, a carta de Lula:<\/b><\/p>\n<figure><img data-recalc-dims=\"1\" loading=\"lazy\" decoding=\"async\" src=\"https:\/\/i0.wp.com\/publisher-publish.s3.eu-central-1.amazonaws.com\/pb-brasil247\/swp\/jtjeq9\/media\/20190930210924_0d05b4b2fc47300fbf1d15819af5a81a2c4b9a34b2e64351c17586479738ba3e.jpeg?resize=600%2C787&#038;ssl=1\" alt=\"\" width=\"600\" height=\"787\" data-media-id=\"editor_0\" data-image-id=\"20190930210924_0d05b4b2fc47300fbf1d15819af5a81a2c4b9a34b2e64351c17586479738ba3e\" data-rendition-name=\"original\" \/><\/figure>\n<p><iframe class=\"teads-resize\" width=\"300\" height=\"150\" data-mce-fragment=\"1\"><\/iframe><\/p>\n<div class=\"teads-inread xs-screen\"><\/div>\n","protected":false},"excerpt":{"rendered":"<p>247 &#8211; O ex-presidente Luiz In\u00e1cio Lula da Silva se manifestou nesta segunda-feira (30) sobre o pedido da Lava Jato para que ele progrida para o regime semiaberto.<\/p>\n","protected":false},"author":1,"featured_media":0,"comment_status":"closed","ping_status":"open","sticky":false,"template":"","format":"standard","meta":{"_exactmetrics_skip_tracking":false,"_exactmetrics_sitenote_active":false,"_exactmetrics_sitenote_note":"","_exactmetrics_sitenote_category":0,"jetpack_post_was_ever_published":false,"_jetpack_newsletter_access":"","_jetpack_dont_email_post_to_subs":false,"_jetpack_newsletter_tier_id":0,"_jetpack_memberships_contains_paywalled_content":false,"_jetpack_memberships_contains_paid_content":false,"footnotes":"","jetpack_publicize_message":"","jetpack_publicize_feature_enabled":true,"jetpack_social_post_already_shared":true,"jetpack_social_options":{"image_generator_settings":{"template":"highway","enabled":false},"version":2}},"categories":[1],"tags":[],"class_list":["post-24149","post","type-post","status-publish","format-standard","hentry","category-notas"],"jetpack_publicize_connections":[],"jetpack_sharing_enabled":true,"jetpack_featured_media_url":"","jetpack_shortlink":"https:\/\/wp.me\/p7wKYW-6hv","jetpack-related-posts":[],"_links":{"self":[{"href":"http:\/\/blogdalucianaoliveira.com.br\/blog\/wp-json\/wp\/v2\/posts\/24149","targetHints":{"allow":["GET"]}}],"collection":[{"href":"http:\/\/blogdalucianaoliveira.com.br\/blog\/wp-json\/wp\/v2\/posts"}],"about":[{"href":"http:\/\/blogdalucianaoliveira.com.br\/blog\/wp-json\/wp\/v2\/types\/post"}],"author":[{"embeddable":true,"href":"http:\/\/blogdalucianaoliveira.com.br\/blog\/wp-json\/wp\/v2\/users\/1"}],"replies":[{"embeddable":true,"href":"http:\/\/blogdalucianaoliveira.com.br\/blog\/wp-json\/wp\/v2\/comments?post=24149"}],"version-history":[{"count":1,"href":"http:\/\/blogdalucianaoliveira.com.br\/blog\/wp-json\/wp\/v2\/posts\/24149\/revisions"}],"predecessor-version":[{"id":24151,"href":"http:\/\/blogdalucianaoliveira.com.br\/blog\/wp-json\/wp\/v2\/posts\/24149\/revisions\/24151"}],"wp:attachment":[{"href":"http:\/\/blogdalucianaoliveira.com.br\/blog\/wp-json\/wp\/v2\/media?parent=24149"}],"wp:term":[{"taxonomy":"category","embeddable":true,"href":"http:\/\/blogdalucianaoliveira.com.br\/blog\/wp-json\/wp\/v2\/categories?post=24149"},{"taxonomy":"post_tag","embeddable":true,"href":"http:\/\/blogdalucianaoliveira.com.br\/blog\/wp-json\/wp\/v2\/tags?post=24149"}],"curies":[{"name":"wp","href":"https:\/\/api.w.org\/{rel}","templated":true}]}}